{"id":2428,"date":"2020-12-04T17:33:09","date_gmt":"2020-12-04T16:33:09","guid":{"rendered":"https:\/\/agora.xtec.cat\/escolapauvila\/?p=2428"},"modified":"2020-12-06T20:51:17","modified_gmt":"2020-12-06T19:51:17","slug":"una-artista-ens-toca-la-guitarra","status":"publish","type":"post","link":"https:\/\/agora.xtec.cat\/escolapauvila\/general\/una-artista-ens-toca-la-guitarra\/","title":{"rendered":"Una artista ens toca la guitarra"},"content":{"rendered":"<p>Una alumna de 4tA ens toca unes can\u00e7ons amb la seva guitarra.<\/p>\n<p>El dia 25 de novembre per la tarda, l\u2019Alba va portar la seva guitarra i ens va tocar unes quantes can\u00e7ons. Les can\u00e7ons que va tocar van ser aquestes: <em>Cargol treu banya, el himne de l\u2019alegria, old mac donald i sobre el Puente de l\u2019abi\u00f1on<\/em>.<\/p>\n<p>Despr\u00e9s que toqu\u00e9s la guitarra li vam fer aquestes preguntes: Q<em>uant portes tocant la guitarra? \u00c9s m\u00e9s f\u00e0cil tocar la guitarra o el piano? Com has apr\u00e8s las notes?<\/em> I moltes m\u00e9s.<\/p>\n<p>Tamb\u00e9 ens va explicar les parts de la guitarra i perqu\u00e8 serveixen.<\/p>\n<p>Les can\u00e7ons sonen aix\u00ed!<\/p>\n<p><a href=\"https:\/\/youtu.be\/Bmh4DdyD0Ww\">https:\/\/youtu.be\/Bmh4DdyD0Ww<\/a><\/p>\n","protected":false},"excerpt":{"rendered":"<p>Una alumna de 4tA ens toca unes can\u00e7ons amb la seva guitarra.<br \/>\nEl dia 25 de novembre per la tarda, l\u2019Alba va portar la seva guitarra i ens va tocar unes quantes can\u00e7ons. Les can\u00e7ons que va tocar van ser aquestes: Cargol treu banya, el himne&hellip;  <a href=\"https:\/\/agora.xtec.cat\/escolapauvila\/general\/una-artista-ens-toca-la-guitarra\/\" title=\"Read Una artista ens toca la guitarra\">Llegeix m\u00e9s\u00bb<\/a><\/p>\n","protected":false},"author":1,"featured_media":2667,"comment_status":"open","ping_status":"closed","sticky":false,"template":"","format":"standard","meta":{"_bbp_topic_count":0,"_bbp_reply_count":0,"_bbp_total_topic_count":0,"_bbp_total_reply_count":0,"_bbp_voice_count":0,"_bbp_anonymous_reply_count":0,"_bbp_topic_count_hidden":0,"_bbp_reply_count_hidden":0,"_bbp_forum_subforum_count":0,"footnotes":""},"categories":[13,61,1],"tags":[102,90],"class_list":["post-2428","post","type-post","status-publish","format-standard","has-post-thumbnail","hentry","category-4t","category-grans","category-general","tag-4a20-21","tag-nascuts2011"],"post_mailing_queue_ids":[],"_links":{"self":[{"href":"https:\/\/agora.xtec.cat\/escolapauvila\/wp-json\/wp\/v2\/posts\/2428","targetHints":{"allow":["GET"]}}],"collection":[{"href":"https:\/\/agora.xtec.cat\/escolapauvila\/wp-json\/wp\/v2\/posts"}],"about":[{"href":"https:\/\/agora.xtec.cat\/escolapauvila\/wp-json\/wp\/v2\/types\/post"}],"author":[{"embeddable":true,"href":"https:\/\/agora.xtec.cat\/escolapauvila\/wp-json\/wp\/v2\/users\/1"}],"replies":[{"embeddable":true,"href":"https:\/\/agora.xtec.cat\/escolapauvila\/wp-json\/wp\/v2\/comments?post=2428"}],"version-history":[{"count":3,"href":"https:\/\/agora.xtec.cat\/escolapauvila\/wp-json\/wp\/v2\/posts\/2428\/revisions"}],"predecessor-version":[{"id":2665,"href":"https:\/\/agora.xtec.cat\/escolapauvila\/wp-json\/wp\/v2\/posts\/2428\/revisions\/2665"}],"wp:featuredmedia":[{"embeddable":true,"href":"https:\/\/agora.xtec.cat\/escolapauvila\/wp-json\/wp\/v2\/media\/2667"}],"wp:attachment":[{"href":"https:\/\/agora.xtec.cat\/escolapauvila\/wp-json\/wp\/v2\/media?parent=2428"}],"wp:term":[{"taxonomy":"category","embeddable":true,"href":"https:\/\/agora.xtec.cat\/escolapauvila\/wp-json\/wp\/v2\/categories?post=2428"},{"taxonomy":"post_tag","embeddable":true,"href":"https:\/\/agora.xtec.cat\/escolapauvila\/wp-json\/wp\/v2\/tags?post=2428"}],"curies":[{"name":"wp","href":"https:\/\/api.w.org\/{rel}","templated":true}]}}