{"id":2379,"date":"2020-11-22T18:47:33","date_gmt":"2020-11-22T17:47:33","guid":{"rendered":"https:\/\/agora.xtec.cat\/escolapauvila\/?p=2379"},"modified":"2020-12-07T23:50:42","modified_gmt":"2020-12-07T22:50:42","slug":"disseccio-de-pulmons-5e","status":"publish","type":"post","link":"https:\/\/agora.xtec.cat\/escolapauvila\/grans\/5e\/disseccio-de-pulmons-5e\/","title":{"rendered":"DISSECCI\u00d3 I MAQUETA DELS PULMONS (5\u00e8)"},"content":{"rendered":"<p>A 5\u00e8 fa dies que treballem l&#8217;<strong>APARELL RESPIRATORI.<\/strong> Hem llegit sobre el tema, hem vist imatges, v\u00eddeos, fins i tot hem constru\u00eft una maqueta per entendre millor els moviments respiratoris &#8230; Nom\u00e9s ens quedava passar a la part m\u00e9s vivencial i pr\u00e0ctica. Hem transformat les aules en laboratoris i hem passat a la part m\u00e9s pr\u00e0ctica i vivencial fent la DISSECCI\u00d3 D&#8217;UNS PULMONS REALS. Ha estat una experi\u00e8ncia de les que no s&#8217;obliden f\u00e0cilment, per\u00f2 el m\u00e9s important \u00e9s que hem apr\u00e9s molt\u00edssim!<\/p>\n<p><a href=\"https:\/\/photos.app.goo.gl\/umuUmR8e1eogRtsF7\">DISSECCI\u00d3 PULMONS<\/a><\/p>\n<p><a href=\"https:\/\/photos.app.goo.gl\/uLxLNJyB1oCWe4oP7\">CONSTRU\u00cfM UNA MAQUETA\u00a0<\/a><\/p>\n<p>&nbsp;<\/p>\n<p><a href=\"https:\/\/photos.app.goo.gl\/umuUmR8e1eogRtsF7\"><img loading=\"lazy\" decoding=\"async\" class=\"alignnone size-large wp-image-2380\" src=\"https:\/\/agora.xtec.cat\/escolapauvila\/wp-content\/uploads\/usu1565\/2020\/11\/IMG-20201118-WA0023-768x1024.jpg\" alt=\"\" width=\"768\" height=\"1024\" srcset=\"https:\/\/agora.xtec.cat\/escolapauvila\/wp-content\/uploads\/usu1565\/2020\/11\/IMG-20201118-WA0023-768x1024.jpg 768w, https:\/\/agora.xtec.cat\/escolapauvila\/wp-content\/uploads\/usu1565\/2020\/11\/IMG-20201118-WA0023-225x300.jpg 225w, https:\/\/agora.xtec.cat\/escolapauvila\/wp-content\/uploads\/usu1565\/2020\/11\/IMG-20201118-WA0023.jpg 1200w\" sizes=\"auto, (max-width: 768px) 100vw, 768px\" \/><\/a><\/p>\n","protected":false},"excerpt":{"rendered":"<p>A 5\u00e8 fa dies que treballem l&#8217;APARELL RESPIRATORI. Hem llegit sobre el tema, hem vist imatges, v\u00eddeos, fins i tot hem constru\u00eft una maqueta per entendre millor els moviments respiratoris &#8230; Nom\u00e9s ens quedava passar a la part m\u00e9s vivencial i pr\u00e0ctica. Hem transformat les&hellip;  <a href=\"https:\/\/agora.xtec.cat\/escolapauvila\/grans\/5e\/disseccio-de-pulmons-5e\/\" title=\"Read DISSECCI\u00d3 I MAQUETA DELS PULMONS (5\u00e8)\">Llegeix m\u00e9s\u00bb<\/a><\/p>\n","protected":false},"author":1,"featured_media":2380,"comment_status":"open","ping_status":"closed","sticky":false,"template":"","format":"standard","meta":{"_bbp_topic_count":0,"_bbp_reply_count":0,"_bbp_total_topic_count":0,"_bbp_total_reply_count":0,"_bbp_voice_count":0,"_bbp_anonymous_reply_count":0,"_bbp_topic_count_hidden":0,"_bbp_reply_count_hidden":0,"_bbp_forum_subforum_count":0,"footnotes":""},"categories":[14,61],"tags":[87,88,83,77],"class_list":["post-2379","post","type-post","status-publish","format-standard","has-post-thumbnail","hentry","category-5e","category-grans","tag-5a20-21","tag-5b20-21","tag-5c20-21","tag-nascuts2010"],"post_mailing_queue_ids":[],"_links":{"self":[{"href":"https:\/\/agora.xtec.cat\/escolapauvila\/wp-json\/wp\/v2\/posts\/2379","targetHints":{"allow":["GET"]}}],"collection":[{"href":"https:\/\/agora.xtec.cat\/escolapauvila\/wp-json\/wp\/v2\/posts"}],"about":[{"href":"https:\/\/agora.xtec.cat\/escolapauvila\/wp-json\/wp\/v2\/types\/post"}],"author":[{"embeddable":true,"href":"https:\/\/agora.xtec.cat\/escolapauvila\/wp-json\/wp\/v2\/users\/1"}],"replies":[{"embeddable":true,"href":"https:\/\/agora.xtec.cat\/escolapauvila\/wp-json\/wp\/v2\/comments?post=2379"}],"version-history":[{"count":3,"href":"https:\/\/agora.xtec.cat\/escolapauvila\/wp-json\/wp\/v2\/posts\/2379\/revisions"}],"predecessor-version":[{"id":2701,"href":"https:\/\/agora.xtec.cat\/escolapauvila\/wp-json\/wp\/v2\/posts\/2379\/revisions\/2701"}],"wp:featuredmedia":[{"embeddable":true,"href":"https:\/\/agora.xtec.cat\/escolapauvila\/wp-json\/wp\/v2\/media\/2380"}],"wp:attachment":[{"href":"https:\/\/agora.xtec.cat\/escolapauvila\/wp-json\/wp\/v2\/media?parent=2379"}],"wp:term":[{"taxonomy":"category","embeddable":true,"href":"https:\/\/agora.xtec.cat\/escolapauvila\/wp-json\/wp\/v2\/categories?post=2379"},{"taxonomy":"post_tag","embeddable":true,"href":"https:\/\/agora.xtec.cat\/escolapauvila\/wp-json\/wp\/v2\/tags?post=2379"}],"curies":[{"name":"wp","href":"https:\/\/api.w.org\/{rel}","templated":true}]}}