{"id":2375,"date":"2020-11-26T15:01:57","date_gmt":"2020-11-26T14:01:57","guid":{"rendered":"https:\/\/agora.xtec.cat\/escolapauvila\/?p=2375"},"modified":"2020-11-26T15:01:57","modified_gmt":"2020-11-26T14:01:57","slug":"fem-musica-2","status":"publish","type":"post","link":"https:\/\/agora.xtec.cat\/escolapauvila\/petits\/fem-musica-2\/","title":{"rendered":"FEM M\u00daSICA!"},"content":{"rendered":"<p>ELS NENS I LES NENES DE LA CLASSE DELS<strong> CONILLS<\/strong> I DE LES<strong> VAQUES<\/strong> HEM POGUT EXPERIMENTAR DE MANERA LLIURE AMB ELS<strong> INSTRUMENTS MUSICALS<\/strong> DINS L&#8217;AULA.<\/p>\n<p>TENIM UN CARRO BEN GROS PLE D&#8217;INSTRUMENTS!<\/p>\n<p><a href=\"https:\/\/agora.xtec.cat\/escolapauvila\/wp-content\/uploads\/usu1565\/2020\/11\/IMG_20201123_135003.jpg\"><img loading=\"lazy\" decoding=\"async\" class=\"alignnone size-large wp-image-2397\" src=\"https:\/\/agora.xtec.cat\/escolapauvila\/wp-content\/uploads\/usu1565\/2020\/11\/IMG_20201123_135003-1024x906.jpg\" alt=\"\" width=\"1024\" height=\"906\" srcset=\"https:\/\/agora.xtec.cat\/escolapauvila\/wp-content\/uploads\/usu1565\/2020\/11\/IMG_20201123_135003-1024x906.jpg 1024w, https:\/\/agora.xtec.cat\/escolapauvila\/wp-content\/uploads\/usu1565\/2020\/11\/IMG_20201123_135003-300x265.jpg 300w, https:\/\/agora.xtec.cat\/escolapauvila\/wp-content\/uploads\/usu1565\/2020\/11\/IMG_20201123_135003-768x680.jpg 768w\" sizes=\"auto, (max-width: 1024px) 100vw, 1024px\" \/><\/a><\/p>\n<p><a href=\"https:\/\/agora.xtec.cat\/escolapauvila\/wp-content\/uploads\/usu1565\/2020\/11\/IMG_0006.jpg\"><img loading=\"lazy\" decoding=\"async\" class=\"alignnone size-large wp-image-2376\" src=\"https:\/\/agora.xtec.cat\/escolapauvila\/wp-content\/uploads\/usu1565\/2020\/11\/IMG_0006-1024x768.jpg\" alt=\"\" width=\"1024\" height=\"768\" srcset=\"https:\/\/agora.xtec.cat\/escolapauvila\/wp-content\/uploads\/usu1565\/2020\/11\/IMG_0006-1024x768.jpg 1024w, https:\/\/agora.xtec.cat\/escolapauvila\/wp-content\/uploads\/usu1565\/2020\/11\/IMG_0006-300x225.jpg 300w, https:\/\/agora.xtec.cat\/escolapauvila\/wp-content\/uploads\/usu1565\/2020\/11\/IMG_0006-768x576.jpg 768w, https:\/\/agora.xtec.cat\/escolapauvila\/wp-content\/uploads\/usu1565\/2020\/11\/IMG_0006-200x150.jpg 200w\" sizes=\"auto, (max-width: 1024px) 100vw, 1024px\" \/><\/a><\/p>\n<p>&nbsp;<\/p>\n<p><a href=\"https:\/\/agora.xtec.cat\/escolapauvila\/wp-content\/uploads\/usu1565\/2020\/11\/IMG_20201110_152657.jpg\"><img loading=\"lazy\" decoding=\"async\" class=\"alignnone size-large wp-image-2398\" src=\"https:\/\/agora.xtec.cat\/escolapauvila\/wp-content\/uploads\/usu1565\/2020\/11\/IMG_20201110_152657-1024x768.jpg\" alt=\"\" width=\"1024\" height=\"768\" srcset=\"https:\/\/agora.xtec.cat\/escolapauvila\/wp-content\/uploads\/usu1565\/2020\/11\/IMG_20201110_152657-1024x768.jpg 1024w, https:\/\/agora.xtec.cat\/escolapauvila\/wp-content\/uploads\/usu1565\/2020\/11\/IMG_20201110_152657-300x225.jpg 300w, https:\/\/agora.xtec.cat\/escolapauvila\/wp-content\/uploads\/usu1565\/2020\/11\/IMG_20201110_152657-768x576.jpg 768w, https:\/\/agora.xtec.cat\/escolapauvila\/wp-content\/uploads\/usu1565\/2020\/11\/IMG_20201110_152657-200x150.jpg 200w\" sizes=\"auto, (max-width: 1024px) 100vw, 1024px\" \/><\/a><\/p>\n<p>DURANT UN TEMPS LLARG HEM DESCOBERT COM ES TOQUEN, HEM ESCOLTAT COM SONEN, ENS ELS HEM INTERCANVIAT UNS AMB ELS ALTRES&#8230;<\/p>\n<p>MICA EN MICA, AQUEST PRIMER MOMENT D&#8217;EXPLOSI\u00d3 MUSICAL INDIVIDUAL VA DEIXANT PAS A UN SEGON MOMENT. \u00c9S AQU\u00cd ON, DE MANERA ESPONT\u00c0NIA, APAREIXEN GRUPS DE NENS I NENES PER CLASSIFICACI\u00d3 DELS INSTRUMENTS I LA INTENSITAT A L&#8217;HORA DE TOCAR ELS DIFERENTS INSTRUMENTS DESENCADENA EN MOMENTS M\u00c9S CALMATS I COMPARTITS.<\/p>\n<p>FINS I TOT HEM POGUT FER CONVERSES PER PARELLES AMB ELS INSTRUMENTS.<\/p>\n<p>VOLEU VEURE COM ENS HO HEM PASSAT DE B\u00c9? DONCS CLIQUEU AQUESTS DOS ENLLA\u00c7OS!<\/p>\n<p><strong>CLASSE DELS CONILLS:\u00a0<a href=\"https:\/\/photos.app.goo.gl\/ofCKC2uwnnhGfPBZ9\">https:\/\/photos.app.goo.gl\/ofCKC2uwnnhGfPBZ9<\/a><\/strong><\/p>\n<p><strong>CLASSE DE LES VAQUES:\u00a0<a href=\"https:\/\/photos.app.goo.gl\/z7y79FAcAUyUxr5m7\">https:\/\/photos.app.goo.gl\/z7y79FAcAUyUxr5m7<\/a><\/strong><\/p>\n<p>&nbsp;<\/p>\n","protected":false},"excerpt":{"rendered":"<p>ELS NENS I LES NENES DE LA CLASSE DELS CONILLS I DE LES VAQUES HEM POGUT EXPERIMENTAR DE MANERA LLIURE AMB ELS INSTRUMENTS MUSICALS DINS L&#8217;AULA.<br \/>\nTENIM UN CARRO BEN GROS PLE D&#8217;INSTRUMENTS!<br \/>\n<a href=\"https:\/\/agora.xtec.cat\/escolapauvila\/wp-content\/uploads\/usu1565\/2020\/11\/IMG_20201123_135003.jpg\"><\/a><br \/>\n<a href=\"https:\/\/agora.xtec.cat\/escolapauvila\/wp-content\/uploads\/usu1565\/2020\/11\/IMG_0006.jpg\"><\/a><br \/>\n&nbsp;<br \/>\n<a href=\"https:\/\/agora.xtec.cat\/escolapauvila\/wp-content\/uploads\/usu1565\/2020\/11\/IMG_20201110_152657.jpg\"><\/a><br \/>\nDURANT UN TEMPS LLARG HEM DESCOBERT COM ES TOQUEN, HEM ESCOLTAT&hellip;  <a href=\"https:\/\/agora.xtec.cat\/escolapauvila\/petits\/fem-musica-2\/\" title=\"Read FEM M\u00daSICA!\">Llegeix m\u00e9s\u00bb<\/a><\/p>\n","protected":false},"author":1,"featured_media":2397,"comment_status":"open","ping_status":"closed","sticky":false,"template":"","format":"standard","meta":{"_bbp_topic_count":0,"_bbp_reply_count":0,"_bbp_total_topic_count":0,"_bbp_total_reply_count":0,"_bbp_voice_count":0,"_bbp_anonymous_reply_count":0,"_bbp_topic_count_hidden":0,"_bbp_reply_count_hidden":0,"_bbp_forum_subforum_count":0,"footnotes":""},"categories":[2,8],"tags":[103,114,104],"class_list":["post-2375","post","type-post","status-publish","format-standard","has-post-thumbnail","hentry","category-petits","category-ei4","tag-ei4a20-21","tag-ei4b20-21","tag-nascuts2016"],"post_mailing_queue_ids":[],"_links":{"self":[{"href":"https:\/\/agora.xtec.cat\/escolapauvila\/wp-json\/wp\/v2\/posts\/2375","targetHints":{"allow":["GET"]}}],"collection":[{"href":"https:\/\/agora.xtec.cat\/escolapauvila\/wp-json\/wp\/v2\/posts"}],"about":[{"href":"https:\/\/agora.xtec.cat\/escolapauvila\/wp-json\/wp\/v2\/types\/post"}],"author":[{"embeddable":true,"href":"https:\/\/agora.xtec.cat\/escolapauvila\/wp-json\/wp\/v2\/users\/1"}],"replies":[{"embeddable":true,"href":"https:\/\/agora.xtec.cat\/escolapauvila\/wp-json\/wp\/v2\/comments?post=2375"}],"version-history":[{"count":3,"href":"https:\/\/agora.xtec.cat\/escolapauvila\/wp-json\/wp\/v2\/posts\/2375\/revisions"}],"predecessor-version":[{"id":2435,"href":"https:\/\/agora.xtec.cat\/escolapauvila\/wp-json\/wp\/v2\/posts\/2375\/revisions\/2435"}],"wp:featuredmedia":[{"embeddable":true,"href":"https:\/\/agora.xtec.cat\/escolapauvila\/wp-json\/wp\/v2\/media\/2397"}],"wp:attachment":[{"href":"https:\/\/agora.xtec.cat\/escolapauvila\/wp-json\/wp\/v2\/media?parent=2375"}],"wp:term":[{"taxonomy":"category","embeddable":true,"href":"https:\/\/agora.xtec.cat\/escolapauvila\/wp-json\/wp\/v2\/categories?post=2375"},{"taxonomy":"post_tag","embeddable":true,"href":"https:\/\/agora.xtec.cat\/escolapauvila\/wp-json\/wp\/v2\/tags?post=2375"}],"curies":[{"name":"wp","href":"https:\/\/api.w.org\/{rel}","templated":true}]}}