{"id":2333,"date":"2020-11-21T12:16:31","date_gmt":"2020-11-21T11:16:31","guid":{"rendered":"https:\/\/agora.xtec.cat\/escolapauvila\/?p=2333"},"modified":"2020-12-20T11:33:20","modified_gmt":"2020-12-20T10:33:20","slug":"la-pre-historia","status":"publish","type":"post","link":"https:\/\/agora.xtec.cat\/escolapauvila\/mitjans\/la-pre-historia\/","title":{"rendered":"LA PRE-HIST\u00d2RIA"},"content":{"rendered":"<p>El grup de 2nA, la classe de la hist\u00f2ria, hem iniciat el Projecte del NOM DE LA CLASSE.<\/p>\n<p>Hem comen\u00e7at amb la <strong>PRE-HIST\u00d2RIA<\/strong> i la veritat \u00e9s que hem apr\u00e8s un munt de coses i ens ho hem passat d&#8217;all\u00f2 m\u00e9s b\u00e9 fent de nenes prehist\u00f2riques i nens prehist\u00f2rics !<\/p>\n<p>1- Vam fer una pluja d&#8217;idees sobre tot all\u00f2 que sab\u00edem de la pre-hist\u00f2ria.<\/p>\n<p>2- Vam mirar un v\u00eddeo per contrastar si an\u00e0vem ben encaminats amb les nostres idees pr\u00e8vies i ampliar m\u00e9s informaci\u00f3 sobre aquesta primera etapa.<a href=\"https:\/\/agora.xtec.cat\/escolapauvila\/wp-content\/uploads\/usu1565\/2020\/11\/V\u00cdDEO.jpg\"><img loading=\"lazy\" decoding=\"async\" class=\"wp-image-2341 aligncenter\" src=\"https:\/\/agora.xtec.cat\/escolapauvila\/wp-content\/uploads\/usu1565\/2020\/11\/V\u00cdDEO.jpg\" alt=\"\" width=\"446\" height=\"276\" srcset=\"https:\/\/agora.xtec.cat\/escolapauvila\/wp-content\/uploads\/usu1565\/2020\/11\/V\u00cdDEO.jpg 836w, https:\/\/agora.xtec.cat\/escolapauvila\/wp-content\/uploads\/usu1565\/2020\/11\/V\u00cdDEO-300x186.jpg 300w, https:\/\/agora.xtec.cat\/escolapauvila\/wp-content\/uploads\/usu1565\/2020\/11\/V\u00cdDEO-768x475.jpg 768w\" sizes=\"auto, (max-width: 446px) 100vw, 446px\" \/><\/a><\/p>\n<p>3- Ens organitzem amb diferents grups de treball i cadascun s&#8217;ocupa de buscar informaci\u00f3 i les caracter\u00edstiques m\u00e9s importants sobre: el <strong>PALEOL\u00cdTIC<\/strong>, el <strong>NEOL\u00cdTIC<\/strong>, l&#8217;<strong>EDAT DELS METALLS<\/strong> i els <strong>INVENTS M\u00c9S RELLEVANTS<\/strong> de la pre-hist\u00f2ria. Cada grup il\u00b7lustra all\u00f2 m\u00e9s significatiu i n&#8217;escriu les paraules clau.<a href=\"https:\/\/agora.xtec.cat\/escolapauvila\/wp-content\/uploads\/usu1565\/2020\/11\/GRUPS-DE-TREBALL.jpg\"><br \/>\n<img loading=\"lazy\" decoding=\"async\" class=\"wp-image-2336 aligncenter\" src=\"https:\/\/agora.xtec.cat\/escolapauvila\/wp-content\/uploads\/usu1565\/2020\/11\/GRUPS-DE-TREBALL.jpg\" alt=\"\" width=\"372\" height=\"290\" srcset=\"https:\/\/agora.xtec.cat\/escolapauvila\/wp-content\/uploads\/usu1565\/2020\/11\/GRUPS-DE-TREBALL.jpg 807w, https:\/\/agora.xtec.cat\/escolapauvila\/wp-content\/uploads\/usu1565\/2020\/11\/GRUPS-DE-TREBALL-300x234.jpg 300w, https:\/\/agora.xtec.cat\/escolapauvila\/wp-content\/uploads\/usu1565\/2020\/11\/GRUPS-DE-TREBALL-768x599.jpg 768w\" sizes=\"auto, (max-width: 372px) 100vw, 372px\" \/><\/a><\/p>\n<p>4- Ens convertim en PRE-HIST\u00d2RIQUES i PRE-HIST\u00d2RICS i sortim al pati a recol\u00b7lectar diferents elements per poder fer <strong>PINTURES RUPESTRES<\/strong>.<\/p>\n<p><a href=\"https:\/\/agora.xtec.cat\/escolapauvila\/wp-content\/uploads\/usu1565\/2020\/11\/PIONTURES-RUPESTRES.jpg\"><img loading=\"lazy\" decoding=\"async\" class=\"alignnone wp-image-2340\" src=\"https:\/\/agora.xtec.cat\/escolapauvila\/wp-content\/uploads\/usu1565\/2020\/11\/PIONTURES-RUPESTRES.jpg\" alt=\"\" width=\"346\" height=\"271\" srcset=\"https:\/\/agora.xtec.cat\/escolapauvila\/wp-content\/uploads\/usu1565\/2020\/11\/PIONTURES-RUPESTRES.jpg 795w, https:\/\/agora.xtec.cat\/escolapauvila\/wp-content\/uploads\/usu1565\/2020\/11\/PIONTURES-RUPESTRES-300x235.jpg 300w, https:\/\/agora.xtec.cat\/escolapauvila\/wp-content\/uploads\/usu1565\/2020\/11\/PIONTURES-RUPESTRES-768x602.jpg 768w\" sizes=\"auto, (max-width: 346px) 100vw, 346px\" \/><\/a> <a href=\"https:\/\/agora.xtec.cat\/escolapauvila\/wp-content\/uploads\/usu1565\/2020\/11\/PINTURES-RUPESTRES-2.jpg\"><img loading=\"lazy\" decoding=\"async\" class=\"alignnone wp-image-2339\" src=\"https:\/\/agora.xtec.cat\/escolapauvila\/wp-content\/uploads\/usu1565\/2020\/11\/PINTURES-RUPESTRES-2.jpg\" alt=\"\" width=\"401\" height=\"272\" srcset=\"https:\/\/agora.xtec.cat\/escolapauvila\/wp-content\/uploads\/usu1565\/2020\/11\/PINTURES-RUPESTRES-2.jpg 787w, https:\/\/agora.xtec.cat\/escolapauvila\/wp-content\/uploads\/usu1565\/2020\/11\/PINTURES-RUPESTRES-2-300x204.jpg 300w, https:\/\/agora.xtec.cat\/escolapauvila\/wp-content\/uploads\/usu1565\/2020\/11\/PINTURES-RUPESTRES-2-768x521.jpg 768w\" sizes=\"auto, (max-width: 401px) 100vw, 401px\" \/><\/a><\/p>\n<p>5- Constru\u00efm la nostra <strong>COVA<\/strong> i anem afegint les diferents creacions sobre les idees m\u00e9s rellevants de cada etapa de la pre-hist\u00f2ria.<\/p>\n<p><a href=\"https:\/\/agora.xtec.cat\/escolapauvila\/wp-content\/uploads\/usu1565\/2020\/11\/LINIA-PREHISTORIA.jpg\"><img loading=\"lazy\" decoding=\"async\" class=\"alignnone wp-image-2338\" src=\"https:\/\/agora.xtec.cat\/escolapauvila\/wp-content\/uploads\/usu1565\/2020\/11\/LINIA-PREHISTORIA.jpg\" alt=\"\" width=\"501\" height=\"378\" srcset=\"https:\/\/agora.xtec.cat\/escolapauvila\/wp-content\/uploads\/usu1565\/2020\/11\/LINIA-PREHISTORIA.jpg 800w, https:\/\/agora.xtec.cat\/escolapauvila\/wp-content\/uploads\/usu1565\/2020\/11\/LINIA-PREHISTORIA-300x226.jpg 300w, https:\/\/agora.xtec.cat\/escolapauvila\/wp-content\/uploads\/usu1565\/2020\/11\/LINIA-PREHISTORIA-768x579.jpg 768w, https:\/\/agora.xtec.cat\/escolapauvila\/wp-content\/uploads\/usu1565\/2020\/11\/LINIA-PREHISTORIA-200x150.jpg 200w\" sizes=\"auto, (max-width: 501px) 100vw, 501px\" \/><\/a> <a href=\"https:\/\/agora.xtec.cat\/escolapauvila\/wp-content\/uploads\/usu1565\/2020\/11\/COVA-RUPESTRES.jpg\"><img loading=\"lazy\" decoding=\"async\" class=\"alignnone wp-image-2334\" src=\"https:\/\/agora.xtec.cat\/escolapauvila\/wp-content\/uploads\/usu1565\/2020\/11\/COVA-RUPESTRES.jpg\" alt=\"\" width=\"265\" height=\"358\" srcset=\"https:\/\/agora.xtec.cat\/escolapauvila\/wp-content\/uploads\/usu1565\/2020\/11\/COVA-RUPESTRES.jpg 446w, https:\/\/agora.xtec.cat\/escolapauvila\/wp-content\/uploads\/usu1565\/2020\/11\/COVA-RUPESTRES-222x300.jpg 222w\" sizes=\"auto, (max-width: 265px) 100vw, 265px\" \/><\/a><\/p>\n<p>&nbsp;<\/p>\n<p>6- Sortim al pati amb fang i fem <strong>DIBUIXOS<\/strong> pre-hist\u00f2rics amb diferents elements naturals que tenim al nostre abast.<a href=\"https:\/\/agora.xtec.cat\/escolapauvila\/wp-content\/uploads\/usu1565\/2020\/11\/DIBUIXOS-PRE-HIST\u00d2RICS.jpg\"><img loading=\"lazy\" decoding=\"async\" class=\"wp-image-2335 aligncenter\" src=\"https:\/\/agora.xtec.cat\/escolapauvila\/wp-content\/uploads\/usu1565\/2020\/11\/DIBUIXOS-PRE-HIST\u00d2RICS.jpg\" alt=\"\" width=\"537\" height=\"323\" srcset=\"https:\/\/agora.xtec.cat\/escolapauvila\/wp-content\/uploads\/usu1565\/2020\/11\/DIBUIXOS-PRE-HIST\u00d2RICS.jpg 826w, https:\/\/agora.xtec.cat\/escolapauvila\/wp-content\/uploads\/usu1565\/2020\/11\/DIBUIXOS-PRE-HIST\u00d2RICS-300x181.jpg 300w, https:\/\/agora.xtec.cat\/escolapauvila\/wp-content\/uploads\/usu1565\/2020\/11\/DIBUIXOS-PRE-HIST\u00d2RICS-768x462.jpg 768w\" sizes=\"auto, (max-width: 537px) 100vw, 537px\" \/><\/a><\/p>\n<p>7- Finalitzem aquest petit projecte sobre la pre-hist\u00f2ria acabant LA <strong>PARET<\/strong> DE LA PRE-HIST\u00d2RIA.<\/p>\n<p><a href=\"https:\/\/agora.xtec.cat\/escolapauvila\/wp-content\/uploads\/usu1565\/2020\/11\/LA-PRE-HIST\u00d2RIA.jpg\"><img loading=\"lazy\" decoding=\"async\" class=\"alignnone wp-image-2337\" src=\"https:\/\/agora.xtec.cat\/escolapauvila\/wp-content\/uploads\/usu1565\/2020\/11\/LA-PRE-HIST\u00d2RIA.jpg\" alt=\"\" width=\"478\" height=\"359\" srcset=\"https:\/\/agora.xtec.cat\/escolapauvila\/wp-content\/uploads\/usu1565\/2020\/11\/LA-PRE-HIST\u00d2RIA.jpg 813w, https:\/\/agora.xtec.cat\/escolapauvila\/wp-content\/uploads\/usu1565\/2020\/11\/LA-PRE-HIST\u00d2RIA-300x225.jpg 300w, https:\/\/agora.xtec.cat\/escolapauvila\/wp-content\/uploads\/usu1565\/2020\/11\/LA-PRE-HIST\u00d2RIA-768x577.jpg 768w, https:\/\/agora.xtec.cat\/escolapauvila\/wp-content\/uploads\/usu1565\/2020\/11\/LA-PRE-HIST\u00d2RIA-200x150.jpg 200w\" sizes=\"auto, (max-width: 478px) 100vw, 478px\" \/><\/a><\/p>\n<p><a href=\"https:\/\/agora.xtec.cat\/escolapauvila\/wp-content\/uploads\/usu1565\/2020\/11\/FI-PREHIST\u00d2RIA.jpg\"><img loading=\"lazy\" decoding=\"async\" class=\"aligncenter wp-image-2342 size-full\" src=\"https:\/\/agora.xtec.cat\/escolapauvila\/wp-content\/uploads\/usu1565\/2020\/11\/FI-PREHIST\u00d2RIA.jpg\" alt=\"\" width=\"462\" height=\"608\" srcset=\"https:\/\/agora.xtec.cat\/escolapauvila\/wp-content\/uploads\/usu1565\/2020\/11\/FI-PREHIST\u00d2RIA.jpg 462w, https:\/\/agora.xtec.cat\/escolapauvila\/wp-content\/uploads\/usu1565\/2020\/11\/FI-PREHIST\u00d2RIA-228x300.jpg 228w\" sizes=\"auto, (max-width: 462px) 100vw, 462px\" \/><\/a><\/p>\n<p>HA ESTAT UN PRIMER PROJECTE MOLT INTERESSANT ON:<\/p>\n<ul>\n<li>Hem investigat en grups de treball.<\/li>\n<li>Hem apr\u00e8s noves idees i hem enriquit el nostre aprenentatge sobre aquesta primera etapa.<\/li>\n<li>Hem escrit sobre tot all\u00f2 que an\u00e0vem aprenent.<\/li>\n<li>Hem desenvolupat la nostra imaginaci\u00f3 i creativitat.<\/li>\n<li>Hem manipulat amb diferents materials i amb el nostre propi cos.<\/li>\n<li>Hem viscut petits moments com aut\u00e8ntiques persones de la pre-hist\u00f2ria.<\/li>\n<li>ENS HO HEM PASSAT D&#8217;ALL\u00d2 M\u00c9S B\u00c9!<\/li>\n<\/ul>\n<p>En <a href=\"https:\/\/photos.app.goo.gl\/ikbgEzoHXtghiPJH6\">aquest enlla\u00e7<\/a> trobareu totes les fotografies del proc\u00e9s que hem seguit.<\/p>\n","protected":false},"excerpt":{"rendered":"<p>El grup de 2nA, la classe de la hist\u00f2ria, hem iniciat el Projecte del NOM DE LA CLASSE.<br \/>\nHem comen\u00e7at amb la PRE-HIST\u00d2RIA i la veritat \u00e9s que hem apr\u00e8s un munt de coses i ens ho hem passat d&#8217;all\u00f2 m\u00e9s b\u00e9 fent de nenes prehist\u00f2riques&hellip;  <a href=\"https:\/\/agora.xtec.cat\/escolapauvila\/mitjans\/la-pre-historia\/\" title=\"Read LA PRE-HIST\u00d2RIA\">Llegeix m\u00e9s\u00bb<\/a><\/p>\n","protected":false},"author":1,"featured_media":2339,"comment_status":"closed","ping_status":"closed","sticky":false,"template":"","format":"standard","meta":{"_bbp_topic_count":0,"_bbp_reply_count":0,"_bbp_total_topic_count":0,"_bbp_total_reply_count":0,"_bbp_voice_count":0,"_bbp_anonymous_reply_count":0,"_bbp_topic_count_hidden":0,"_bbp_reply_count_hidden":0,"_bbp_forum_subforum_count":0,"footnotes":""},"categories":[11,5],"tags":[86,81],"class_list":["post-2333","post","type-post","status-publish","format-standard","has-post-thumbnail","hentry","category-2n","category-mitjans","tag-2a20-21","tag-nascuts2013"],"post_mailing_queue_ids":[],"_links":{"self":[{"href":"https:\/\/agora.xtec.cat\/escolapauvila\/wp-json\/wp\/v2\/posts\/2333","targetHints":{"allow":["GET"]}}],"collection":[{"href":"https:\/\/agora.xtec.cat\/escolapauvila\/wp-json\/wp\/v2\/posts"}],"about":[{"href":"https:\/\/agora.xtec.cat\/escolapauvila\/wp-json\/wp\/v2\/types\/post"}],"author":[{"embeddable":true,"href":"https:\/\/agora.xtec.cat\/escolapauvila\/wp-json\/wp\/v2\/users\/1"}],"replies":[{"embeddable":true,"href":"https:\/\/agora.xtec.cat\/escolapauvila\/wp-json\/wp\/v2\/comments?post=2333"}],"version-history":[{"count":1,"href":"https:\/\/agora.xtec.cat\/escolapauvila\/wp-json\/wp\/v2\/posts\/2333\/revisions"}],"predecessor-version":[{"id":2343,"href":"https:\/\/agora.xtec.cat\/escolapauvila\/wp-json\/wp\/v2\/posts\/2333\/revisions\/2343"}],"wp:featuredmedia":[{"embeddable":true,"href":"https:\/\/agora.xtec.cat\/escolapauvila\/wp-json\/wp\/v2\/media\/2339"}],"wp:attachment":[{"href":"https:\/\/agora.xtec.cat\/escolapauvila\/wp-json\/wp\/v2\/media?parent=2333"}],"wp:term":[{"taxonomy":"category","embeddable":true,"href":"https:\/\/agora.xtec.cat\/escolapauvila\/wp-json\/wp\/v2\/categories?post=2333"},{"taxonomy":"post_tag","embeddable":true,"href":"https:\/\/agora.xtec.cat\/escolapauvila\/wp-json\/wp\/v2\/tags?post=2333"}],"curies":[{"name":"wp","href":"https:\/\/api.w.org\/{rel}","templated":true}]}}