{"id":2243,"date":"2020-11-19T23:09:40","date_gmt":"2020-11-19T22:09:40","guid":{"rendered":"https:\/\/agora.xtec.cat\/escolapauvila\/?p=2243"},"modified":"2020-12-20T11:50:43","modified_gmt":"2020-12-20T10:50:43","slug":"la-disseccio-dun-cervell","status":"publish","type":"post","link":"https:\/\/agora.xtec.cat\/escolapauvila\/grans\/6e\/la-disseccio-dun-cervell\/","title":{"rendered":"La dissecci\u00f3 d&#8217;un cervell"},"content":{"rendered":"<p>Aquesta trimestre, a l&#8217;\u00e0rea de <strong>medi Natural,<\/strong> hem estudiat el sistema nervi\u00f3s. Un dels objectius era distingir les parts d&#8217;un cervell i per tal de posar-ho en pr\u00e0ctica, vam <strong>disseccionar un cervell.<\/strong> Uns dies abans, vam estar preparant-nos per fer l&#8217;experiment i per aix\u00f2 vam fer una <strong>rutina de pensament<\/strong> que es diu: la <strong>roda de la indagaci\u00f3<\/strong> en la qual hav\u00edem d&#8217;escriure en un post-it el que nosaltres pens\u00e0vem que seria l&#8217;experiment, qu\u00e8 em podria trobar i quina era la meva hip\u00f2tesis. Un cop feta aquesta part, vam estar parlant sobre com ens organitzar\u00edem: qu\u00e8 hav\u00edem de portar, quins materials utilitzar\u00edem, quin seria el nostre grup de treball i vam llegir una fitxa on explicava els passos que hav\u00edem se seguir a l&#8217;hora de fer la dissecci\u00f3.<\/p>\n<p>El dia va arribar, i tots i totes molt emocionats i emocionades, vam poder disseccionar el cervell. Ens vam posar uns guants de l\u00e0tex i vam treure el cervell del seu embolcall. Al principi feia una mica d\u2019ang\u00fania ja que el tacte era molt gelatin\u00f3s per\u00f2 despr\u00e9s ens vam acostumar a la seva textura. Vam utilitzar un bistur\u00ed per tallar-lo per la meitat i vam poder distingir les diferents parts. A m\u00e9s a m\u00e9s, vam observar un trosset de cervell amb una lupa binocular. Un cop vam finalitzar l&#8217;experiment, vam acabar de completar la fitxa t\u00e8cnica i vam netejar i desinfectar tot el material.<\/p>\n<p><a href=\"https:\/\/agora.xtec.cat\/escolapauvila\/wp-content\/uploads\/usu1565\/2020\/11\/1-5.jpg\"><img loading=\"lazy\" decoding=\"async\" class=\"alignnone wp-image-2245\" src=\"https:\/\/agora.xtec.cat\/escolapauvila\/wp-content\/uploads\/usu1565\/2020\/11\/1-5-300x240.jpg\" alt=\"\" width=\"414\" height=\"331\" srcset=\"https:\/\/agora.xtec.cat\/escolapauvila\/wp-content\/uploads\/usu1565\/2020\/11\/1-5-300x240.jpg 300w, https:\/\/agora.xtec.cat\/escolapauvila\/wp-content\/uploads\/usu1565\/2020\/11\/1-5-768x614.jpg 768w, https:\/\/agora.xtec.cat\/escolapauvila\/wp-content\/uploads\/usu1565\/2020\/11\/1-5-1024x819.jpg 1024w, https:\/\/agora.xtec.cat\/escolapauvila\/wp-content\/uploads\/usu1565\/2020\/11\/1-5.jpg 2000w\" sizes=\"auto, (max-width: 414px) 100vw, 414px\" \/><\/a><\/p>\n<p>&nbsp;<\/p>\n<p>Al dia seg\u00fcent vam fer la <strong>rutina de pensament: inici, intermedi i fina<\/strong>l on vam explicar a cada apartat els passos a seguir de la dissecci\u00f3 aix\u00ed com una petita conclusi\u00f3 personal. I per acabar-ho d&#8217;arrodonir, com que a l&#8217;\u00e0rea de <strong>Castell\u00e0<\/strong> estem treballant el <strong>text instructiu<\/strong>, vam escriure un text d&#8217;aquestes caracter\u00edstiques on vam enganxar diferents fotografies del proc\u00e9s.<\/p>\n<p><a href=\"https:\/\/agora.xtec.cat\/escolapauvila\/wp-content\/uploads\/usu1565\/2020\/11\/2-3.jpg\"><img loading=\"lazy\" decoding=\"async\" class=\"alignnone wp-image-2246\" src=\"https:\/\/agora.xtec.cat\/escolapauvila\/wp-content\/uploads\/usu1565\/2020\/11\/2-3-300x240.jpg\" alt=\"\" width=\"400\" height=\"320\" srcset=\"https:\/\/agora.xtec.cat\/escolapauvila\/wp-content\/uploads\/usu1565\/2020\/11\/2-3-300x240.jpg 300w, https:\/\/agora.xtec.cat\/escolapauvila\/wp-content\/uploads\/usu1565\/2020\/11\/2-3-768x614.jpg 768w, https:\/\/agora.xtec.cat\/escolapauvila\/wp-content\/uploads\/usu1565\/2020\/11\/2-3-1024x819.jpg 1024w, https:\/\/agora.xtec.cat\/escolapauvila\/wp-content\/uploads\/usu1565\/2020\/11\/2-3.jpg 2000w\" sizes=\"auto, (max-width: 400px) 100vw, 400px\" \/><\/a><\/p>\n<p>&nbsp;<\/p>\n<p>&nbsp;<\/p>\n","protected":false},"excerpt":{"rendered":"<p>Aquesta trimestre, a l&#8217;\u00e0rea de medi Natural, hem estudiat el sistema nervi\u00f3s. Un dels objectius era distingir les parts d&#8217;un cervell i per tal de posar-ho en pr\u00e0ctica, vam disseccionar un cervell. Uns dies abans, vam estar preparant-nos per fer l&#8217;experiment i per aix\u00f2 vam&hellip;  <a href=\"https:\/\/agora.xtec.cat\/escolapauvila\/grans\/6e\/la-disseccio-dun-cervell\/\" title=\"Read La dissecci\u00f3 d&#8217;un cervell\">Llegeix m\u00e9s\u00bb<\/a><\/p>\n","protected":false},"author":1,"featured_media":2245,"comment_status":"open","ping_status":"closed","sticky":false,"template":"","format":"standard","meta":{"_bbp_topic_count":0,"_bbp_reply_count":0,"_bbp_total_topic_count":0,"_bbp_total_reply_count":0,"_bbp_voice_count":0,"_bbp_anonymous_reply_count":0,"_bbp_topic_count_hidden":0,"_bbp_reply_count_hidden":0,"_bbp_forum_subforum_count":0,"footnotes":""},"categories":[15,61],"tags":[115,93],"class_list":["post-2243","post","type-post","status-publish","format-standard","has-post-thumbnail","hentry","category-6e","category-grans","tag-6c20-21","tag-nascuts2009"],"post_mailing_queue_ids":[],"_links":{"self":[{"href":"https:\/\/agora.xtec.cat\/escolapauvila\/wp-json\/wp\/v2\/posts\/2243","targetHints":{"allow":["GET"]}}],"collection":[{"href":"https:\/\/agora.xtec.cat\/escolapauvila\/wp-json\/wp\/v2\/posts"}],"about":[{"href":"https:\/\/agora.xtec.cat\/escolapauvila\/wp-json\/wp\/v2\/types\/post"}],"author":[{"embeddable":true,"href":"https:\/\/agora.xtec.cat\/escolapauvila\/wp-json\/wp\/v2\/users\/1"}],"replies":[{"embeddable":true,"href":"https:\/\/agora.xtec.cat\/escolapauvila\/wp-json\/wp\/v2\/comments?post=2243"}],"version-history":[{"count":2,"href":"https:\/\/agora.xtec.cat\/escolapauvila\/wp-json\/wp\/v2\/posts\/2243\/revisions"}],"predecessor-version":[{"id":2248,"href":"https:\/\/agora.xtec.cat\/escolapauvila\/wp-json\/wp\/v2\/posts\/2243\/revisions\/2248"}],"wp:featuredmedia":[{"embeddable":true,"href":"https:\/\/agora.xtec.cat\/escolapauvila\/wp-json\/wp\/v2\/media\/2245"}],"wp:attachment":[{"href":"https:\/\/agora.xtec.cat\/escolapauvila\/wp-json\/wp\/v2\/media?parent=2243"}],"wp:term":[{"taxonomy":"category","embeddable":true,"href":"https:\/\/agora.xtec.cat\/escolapauvila\/wp-json\/wp\/v2\/categories?post=2243"},{"taxonomy":"post_tag","embeddable":true,"href":"https:\/\/agora.xtec.cat\/escolapauvila\/wp-json\/wp\/v2\/tags?post=2243"}],"curies":[{"name":"wp","href":"https:\/\/api.w.org\/{rel}","templated":true}]}}