{"id":2187,"date":"2020-11-18T08:48:45","date_gmt":"2020-11-18T07:48:45","guid":{"rendered":"https:\/\/agora.xtec.cat\/escolapauvila\/?p=2187"},"modified":"2020-11-18T08:48:45","modified_gmt":"2020-11-18T07:48:45","slug":"fem-educacio-emocional","status":"publish","type":"post","link":"https:\/\/agora.xtec.cat\/escolapauvila\/mitjans\/fem-educacio-emocional\/","title":{"rendered":"FEM EDUCACI\u00d3 EMOCIONAL"},"content":{"rendered":"<p>Hola lectors i lectores,<\/p>\n<p><span style=\"font-weight: 400;\">Volem explicar-vos una activitat que hem fet per treballar l&#8217;educaci\u00f3 emocional.<\/span><\/p>\n<p><a href=\"https:\/\/agora.xtec.cat\/escolapauvila\/wp-content\/uploads\/usu1565\/2020\/11\/IMG_1197.jpg\"><img loading=\"lazy\" decoding=\"async\" class=\" wp-image-2193 alignright\" src=\"https:\/\/agora.xtec.cat\/escolapauvila\/wp-content\/uploads\/usu1565\/2020\/11\/IMG_1197-1024x768.jpg\" alt=\"\" width=\"312\" height=\"234\" srcset=\"https:\/\/agora.xtec.cat\/escolapauvila\/wp-content\/uploads\/usu1565\/2020\/11\/IMG_1197-1024x768.jpg 1024w, https:\/\/agora.xtec.cat\/escolapauvila\/wp-content\/uploads\/usu1565\/2020\/11\/IMG_1197-300x225.jpg 300w, https:\/\/agora.xtec.cat\/escolapauvila\/wp-content\/uploads\/usu1565\/2020\/11\/IMG_1197-768x576.jpg 768w, https:\/\/agora.xtec.cat\/escolapauvila\/wp-content\/uploads\/usu1565\/2020\/11\/IMG_1197-200x150.jpg 200w\" sizes=\"auto, (max-width: 312px) 100vw, 312px\" \/><\/a><\/p>\n<p><span style=\"font-weight: 400;\">Setmanalment treballem amb un conte per extreure algun tema emocional. La darrera setmana vam treballar amb el llibre de \u201cTalpet terratr\u00e8mol\u201d.<\/span><\/p>\n<p><span style=\"font-weight: 400;\">L\u2019hem llegit al pati i hem fet una mica d\u2019introspecci\u00f3 sobre nosaltres mateixos\/es i preguntes d\u2019autoconeixement.\u00a0<\/span><\/p>\n<p><span style=\"font-weight: 400;\">Algunes de les preguntes que hem reflexionat s\u00f3n:<\/span><\/p>\n<ul>\n<li style=\"font-weight: 400;\"><span style=\"font-weight: 400;\">Quines coses t\u2019agraden fer?<\/span><\/li>\n<li style=\"font-weight: 400;\"><span style=\"font-weight: 400;\">Quines coses et preocupen?<\/span><\/li>\n<li style=\"font-weight: 400;\"><span style=\"font-weight: 400;\">Quines coses et fan por?<\/span><\/li>\n<li style=\"font-weight: 400;\"><span style=\"font-weight: 400;\">Quines coses positives podries dir de tu mateix\/a?<\/span><\/li>\n<\/ul>\n<p><span style=\"font-weight: 400;\">Al dia seg\u00fcent a la classe hem fet una din\u00e0mica de posar-nos etiquetes entre nosaltres. Primer vam personalitzar una figura humana dibuixant-nos a nosaltres mateixos\/es. <\/span><span style=\"font-weight: 400;\">Despr\u00e8s tots els companys\/es ens han posat una <strong>ETIQUETA POSITIVA<\/strong>.<\/span><\/p>\n<p><span style=\"font-weight: 400;\">Hem llegit les etiquetes que ens han posat els companys i les companyes i ens hem sentit SUPERB\u00c9.\u00a0<\/span><span style=\"font-weight: 400;\">Despr\u00e9s hem reflexionat que ens sentim molt b\u00e9 quan ens diem coses positives i que ho hauriem de fer m\u00e9s.\u00a0<\/span><\/p>\n<p>Clicant a la imatge inferior podreu trobar totes les imatges de l&#8217;activitat.<\/p>\n<p>Esperem que us agradi aquesta activitat.<\/p>\n<p>Moltes gr\u00e0cies lectors i lectores!<\/p>\n<p><a href=\"https:\/\/photos.app.goo.gl\/2CKePBapQpHTNWVK8\"><img loading=\"lazy\" decoding=\"async\" class=\"alignnone wp-image-2188 size-large\" src=\"https:\/\/agora.xtec.cat\/escolapauvila\/wp-content\/uploads\/usu1565\/2020\/11\/IMG_1176-e1605616030323-1024x768.jpg\" alt=\"\" width=\"1024\" height=\"768\" srcset=\"https:\/\/agora.xtec.cat\/escolapauvila\/wp-content\/uploads\/usu1565\/2020\/11\/IMG_1176-e1605616030323-1024x768.jpg 1024w, https:\/\/agora.xtec.cat\/escolapauvila\/wp-content\/uploads\/usu1565\/2020\/11\/IMG_1176-e1605616030323-300x225.jpg 300w, https:\/\/agora.xtec.cat\/escolapauvila\/wp-content\/uploads\/usu1565\/2020\/11\/IMG_1176-e1605616030323-768x576.jpg 768w, https:\/\/agora.xtec.cat\/escolapauvila\/wp-content\/uploads\/usu1565\/2020\/11\/IMG_1176-e1605616030323-200x150.jpg 200w, https:\/\/agora.xtec.cat\/escolapauvila\/wp-content\/uploads\/usu1565\/2020\/11\/IMG_1176-e1605616030323.jpg 1280w\" sizes=\"auto, (max-width: 1024px) 100vw, 1024px\" \/><\/a><\/p>\n","protected":false},"excerpt":{"rendered":"<p>Hola lectors i lectores,<br \/>\nVolem explicar-vos una activitat que hem fet per treballar l&#8217;educaci\u00f3 emocional.<br \/>\n<a href=\"https:\/\/agora.xtec.cat\/escolapauvila\/wp-content\/uploads\/usu1565\/2020\/11\/IMG_1197.jpg\"><\/a><br \/>\nSetmanalment treballem amb un conte per extreure algun tema emocional. La darrera setmana vam treballar amb el llibre de \u201cTalpet terratr\u00e8mol\u201d.<br \/>\nL\u2019hem llegit al pati i hem fet una mica d\u2019introspecci\u00f3 sobre&hellip;  <a href=\"https:\/\/agora.xtec.cat\/escolapauvila\/mitjans\/fem-educacio-emocional\/\" title=\"Read FEM EDUCACI\u00d3 EMOCIONAL\">Llegeix m\u00e9s\u00bb<\/a><\/p>\n","protected":false},"author":1,"featured_media":2188,"comment_status":"open","ping_status":"closed","sticky":false,"template":"","format":"standard","meta":{"_bbp_topic_count":0,"_bbp_reply_count":0,"_bbp_total_topic_count":0,"_bbp_total_reply_count":0,"_bbp_voice_count":0,"_bbp_anonymous_reply_count":0,"_bbp_topic_count_hidden":0,"_bbp_reply_count_hidden":0,"_bbp_forum_subforum_count":0,"footnotes":""},"categories":[11,5],"tags":[80,81],"class_list":["post-2187","post","type-post","status-publish","format-standard","has-post-thumbnail","hentry","category-2n","category-mitjans","tag-2b20-21","tag-nascuts2013"],"post_mailing_queue_ids":[],"_links":{"self":[{"href":"https:\/\/agora.xtec.cat\/escolapauvila\/wp-json\/wp\/v2\/posts\/2187","targetHints":{"allow":["GET"]}}],"collection":[{"href":"https:\/\/agora.xtec.cat\/escolapauvila\/wp-json\/wp\/v2\/posts"}],"about":[{"href":"https:\/\/agora.xtec.cat\/escolapauvila\/wp-json\/wp\/v2\/types\/post"}],"author":[{"embeddable":true,"href":"https:\/\/agora.xtec.cat\/escolapauvila\/wp-json\/wp\/v2\/users\/1"}],"replies":[{"embeddable":true,"href":"https:\/\/agora.xtec.cat\/escolapauvila\/wp-json\/wp\/v2\/comments?post=2187"}],"version-history":[{"count":3,"href":"https:\/\/agora.xtec.cat\/escolapauvila\/wp-json\/wp\/v2\/posts\/2187\/revisions"}],"predecessor-version":[{"id":2195,"href":"https:\/\/agora.xtec.cat\/escolapauvila\/wp-json\/wp\/v2\/posts\/2187\/revisions\/2195"}],"wp:featuredmedia":[{"embeddable":true,"href":"https:\/\/agora.xtec.cat\/escolapauvila\/wp-json\/wp\/v2\/media\/2188"}],"wp:attachment":[{"href":"https:\/\/agora.xtec.cat\/escolapauvila\/wp-json\/wp\/v2\/media?parent=2187"}],"wp:term":[{"taxonomy":"category","embeddable":true,"href":"https:\/\/agora.xtec.cat\/escolapauvila\/wp-json\/wp\/v2\/categories?post=2187"},{"taxonomy":"post_tag","embeddable":true,"href":"https:\/\/agora.xtec.cat\/escolapauvila\/wp-json\/wp\/v2\/tags?post=2187"}],"curies":[{"name":"wp","href":"https:\/\/api.w.org\/{rel}","templated":true}]}}