{"id":2186,"date":"2020-11-20T21:37:16","date_gmt":"2020-11-20T20:37:16","guid":{"rendered":"https:\/\/agora.xtec.cat\/escolapauvila\/?p=2186"},"modified":"2020-11-21T17:01:28","modified_gmt":"2020-11-21T16:01:28","slug":"fem-musica","status":"publish","type":"post","link":"https:\/\/agora.xtec.cat\/escolapauvila\/petits\/fem-musica\/","title":{"rendered":"FEM M\u00daSICA!"},"content":{"rendered":"<p>HOLA <span style=\"font-size: 20px;\"><strong><span style=\"color: #ff0000;\">F<\/span>AM\u00cdLIES<\/strong><\/span>,<\/p>\n<p>US VOLEM ENSENYAR COM ENS HO PASSEM DE B\u00c9 QUAN TOCA <strong><span style=\"font-size: 20px; color: #000000;\"><span style=\"color: #ff0000;\">M<\/span>\u00daSICA <\/span><\/strong> \ud83d\ude0a<\/p>\n<p><a href=\"https:\/\/agora.xtec.cat\/escolapauvila\/wp-content\/uploads\/usu1565\/2020\/11\/IMG_0008.jpg\"><img loading=\"lazy\" decoding=\"async\" class=\"alignnone size-large wp-image-2263\" src=\"https:\/\/agora.xtec.cat\/escolapauvila\/wp-content\/uploads\/usu1565\/2020\/11\/IMG_0008-1024x768.jpg\" alt=\"\" width=\"1024\" height=\"768\" srcset=\"https:\/\/agora.xtec.cat\/escolapauvila\/wp-content\/uploads\/usu1565\/2020\/11\/IMG_0008.jpg 1024w, https:\/\/agora.xtec.cat\/escolapauvila\/wp-content\/uploads\/usu1565\/2020\/11\/IMG_0008-300x225.jpg 300w, https:\/\/agora.xtec.cat\/escolapauvila\/wp-content\/uploads\/usu1565\/2020\/11\/IMG_0008-768x576.jpg 768w, https:\/\/agora.xtec.cat\/escolapauvila\/wp-content\/uploads\/usu1565\/2020\/11\/IMG_0008-200x150.jpg 200w\" sizes=\"auto, (max-width: 1024px) 100vw, 1024px\" \/><\/a><\/p>\n<p><a href=\"https:\/\/agora.xtec.cat\/escolapauvila\/wp-content\/uploads\/usu1565\/2020\/11\/IMG_0141-e1605616123269.jpg\"><img loading=\"lazy\" decoding=\"async\" class=\"alignright size-large wp-image-2191\" src=\"https:\/\/agora.xtec.cat\/escolapauvila\/wp-content\/uploads\/usu1565\/2020\/11\/IMG_0141-e1605616123269-1024x768.jpg\" alt=\"\" width=\"1024\" height=\"768\" srcset=\"https:\/\/agora.xtec.cat\/escolapauvila\/wp-content\/uploads\/usu1565\/2020\/11\/IMG_0141-e1605616123269-1024x768.jpg 1024w, https:\/\/agora.xtec.cat\/escolapauvila\/wp-content\/uploads\/usu1565\/2020\/11\/IMG_0141-e1605616123269-300x225.jpg 300w, https:\/\/agora.xtec.cat\/escolapauvila\/wp-content\/uploads\/usu1565\/2020\/11\/IMG_0141-e1605616123269-768x576.jpg 768w, https:\/\/agora.xtec.cat\/escolapauvila\/wp-content\/uploads\/usu1565\/2020\/11\/IMG_0141-e1605616123269-200x150.jpg 200w\" sizes=\"auto, (max-width: 1024px) 100vw, 1024px\" \/><\/a><\/p>\n<p>&nbsp;<\/p>\n<p>&nbsp;<\/p>\n<p>&nbsp;<\/p>\n<p>&nbsp;<\/p>\n<p>&nbsp;<\/p>\n<p><a href=\"https:\/\/agora.xtec.cat\/escolapauvila\/wp-content\/uploads\/usu1565\/2020\/11\/IMG_4751-e1605704492264.jpg\"><img loading=\"lazy\" decoding=\"async\" class=\"alignright size-large wp-image-2217\" src=\"https:\/\/agora.xtec.cat\/escolapauvila\/wp-content\/uploads\/usu1565\/2020\/11\/IMG_4751-e1605704492264-1024x1017.jpg\" alt=\"\" width=\"1024\" height=\"1017\" srcset=\"https:\/\/agora.xtec.cat\/escolapauvila\/wp-content\/uploads\/usu1565\/2020\/11\/IMG_4751-e1605704492264-1024x1017.jpg 1024w, https:\/\/agora.xtec.cat\/escolapauvila\/wp-content\/uploads\/usu1565\/2020\/11\/IMG_4751-e1605704492264-150x150.jpg 150w, https:\/\/agora.xtec.cat\/escolapauvila\/wp-content\/uploads\/usu1565\/2020\/11\/IMG_4751-e1605704492264-300x298.jpg 300w, https:\/\/agora.xtec.cat\/escolapauvila\/wp-content\/uploads\/usu1565\/2020\/11\/IMG_4751-e1605704492264-768x763.jpg 768w\" sizes=\"auto, (max-width: 1024px) 100vw, 1024px\" \/><\/a>DE MOMENT ESTEM CONEIXENT ELS <strong><span style=\"font-size: 20px;\"><span style=\"color: #ff0000;\">I<\/span>NSTRUMENTS<\/span> <\/strong>QUE TENIM AL NOSTRE ABAST, COM S&#8217;HAN D&#8217;AGAFAR, COM SONEN, FEM CONVERSES AMB ELS INSTRUMENTS I TAMB\u00c9 HEM COMEN\u00c7AT A FER <strong><span style=\"font-size: 20px;\"><span style=\"color: #ff0000;\">D<\/span>ANSES<\/span><\/strong>!<\/p>\n<p>SI VOLEU VEURE M\u00c9S IMATGES, CLIQUEU AL ENLLA\u00c7OS SEG\u00dcENTS:<\/p>\n<p><strong>LA CLASSE DELS<span style=\"font-size: 20px;\"><span style=\"color: #ff0000;\">C<\/span>UINERS I <span style=\"color: #ff0000;\">C<\/span>UINERES <\/span><\/strong><a href=\"https:\/\/photos.app.goo.gl\/sDTPzAoBirkvqcnFA\"><span style=\"font-size: 16px;\">(experimentaci\u00f3 amb instruments i concerts)<\/span><\/a><\/p>\n<p><strong>LA CLASSE DE LES<span style=\"font-size: 20px;\"><span style=\"color: #ff0000;\"> P<\/span>RINCESES I ELS <span style=\"color: #ff0000;\">P<\/span>R\u00cdNCEPS<\/span><\/strong> (<a href=\"https:\/\/photos.google.com\/share\/AF1QipMeca--GCeJ_5rmRXhAxRvv5jq7uutIdI78hpykTtd6au9eQntqQt_xp4fX2x4AQQ?key=Sm4ySGlUckFBTUNJaUZDbmFqcmxlc3B5SG16djZR\">experimentaci\u00f3 amb instruments<\/a> i <a href=\"https:\/\/photos.google.com\/share\/AF1QipOn0yBXWbHHX4fc-l-l9WQvmoeTnVsHn5rkSjZS4KFuughwbuX58IJ2T2wtnMloPQ?key=S0RLRExwZ3VJTXVPbk40bDVPOGpMem1iU3EwenVn\">ball del rogle<\/a>)<\/p>\n<p><strong>LA CLASSE DEL <span style=\"font-size: 20px;\"><span style=\"color: #ff0000;\">M<\/span>AR<\/span><\/strong> (<a href=\"https:\/\/photos.app.goo.gl\/FNGtT9Be4Kii9jUS7\">experimentaci\u00f3 amb instruments <\/a>i <a href=\"https:\/\/photos.app.goo.gl\/NCz2FjC7fxmE7MSr8\">ball del rogle<\/a>)<\/p>\n<p>&nbsp;<\/p>\n<p>FINS AVIAT!!<\/p>\n","protected":false},"excerpt":{"rendered":"<p>HOLA FAM\u00cdLIES,<br \/>\nUS VOLEM ENSENYAR COM ENS HO PASSEM DE B\u00c9 QUAN TOCA M\u00daSICA  \ud83d\ude0a<br \/>\n<a href=\"https:\/\/agora.xtec.cat\/escolapauvila\/wp-content\/uploads\/usu1565\/2020\/11\/IMG_0008.jpg\"><\/a><br \/>\n<a href=\"https:\/\/agora.xtec.cat\/escolapauvila\/wp-content\/uploads\/usu1565\/2020\/11\/IMG_0141-e1605616123269.jpg\"><\/a><br \/>\n&nbsp;<br \/>\n&nbsp;<br \/>\n&nbsp;<br \/>\n&nbsp;<br \/>\n&nbsp;<br \/>\n<a href=\"https:\/\/agora.xtec.cat\/escolapauvila\/wp-content\/uploads\/usu1565\/2020\/11\/IMG_4751-e1605704492264.jpg\"><\/a>DE MOMENT ESTEM CONEIXENT ELS INSTRUMENTS QUE TENIM AL NOSTRE ABAST, COM S&#8217;HAN D&#8217;AGAFAR, COM SONEN, FEM CONVERSES AMB ELS INSTRUMENTS I TAMB\u00c9 HEM COMEN\u00c7AT A FER DANSES!<br \/>\nSI&hellip;  <a href=\"https:\/\/agora.xtec.cat\/escolapauvila\/petits\/fem-musica\/\" title=\"Read FEM M\u00daSICA!\">Llegeix m\u00e9s\u00bb<\/a><\/p>\n","protected":false},"author":1,"featured_media":2215,"comment_status":"open","ping_status":"closed","sticky":false,"template":"","format":"standard","meta":{"_bbp_topic_count":0,"_bbp_reply_count":0,"_bbp_total_topic_count":0,"_bbp_total_reply_count":0,"_bbp_voice_count":0,"_bbp_anonymous_reply_count":0,"_bbp_topic_count_hidden":0,"_bbp_reply_count_hidden":0,"_bbp_forum_subforum_count":0,"footnotes":""},"categories":[2,9],"tags":[105,106,107,133,110,112,111,108],"class_list":["post-2186","post","type-post","status-publish","format-standard","has-post-thumbnail","hentry","category-petits","category-ei5","tag-ei5a20-21","tag-ei5b20-21","tag-ei5c20-21","tag-ei5musica","tag-la-classe-del-mar","tag-la-classe-dels-cuiners-i-de-les-cuineres","tag-la-classe-dels-princeps-i-les-princeses","tag-nascuts2015"],"post_mailing_queue_ids":[],"_links":{"self":[{"href":"https:\/\/agora.xtec.cat\/escolapauvila\/wp-json\/wp\/v2\/posts\/2186","targetHints":{"allow":["GET"]}}],"collection":[{"href":"https:\/\/agora.xtec.cat\/escolapauvila\/wp-json\/wp\/v2\/posts"}],"about":[{"href":"https:\/\/agora.xtec.cat\/escolapauvila\/wp-json\/wp\/v2\/types\/post"}],"author":[{"embeddable":true,"href":"https:\/\/agora.xtec.cat\/escolapauvila\/wp-json\/wp\/v2\/users\/1"}],"replies":[{"embeddable":true,"href":"https:\/\/agora.xtec.cat\/escolapauvila\/wp-json\/wp\/v2\/comments?post=2186"}],"version-history":[{"count":5,"href":"https:\/\/agora.xtec.cat\/escolapauvila\/wp-json\/wp\/v2\/posts\/2186\/revisions"}],"predecessor-version":[{"id":2352,"href":"https:\/\/agora.xtec.cat\/escolapauvila\/wp-json\/wp\/v2\/posts\/2186\/revisions\/2352"}],"wp:featuredmedia":[{"embeddable":true,"href":"https:\/\/agora.xtec.cat\/escolapauvila\/wp-json\/wp\/v2\/media\/2215"}],"wp:attachment":[{"href":"https:\/\/agora.xtec.cat\/escolapauvila\/wp-json\/wp\/v2\/media?parent=2186"}],"wp:term":[{"taxonomy":"category","embeddable":true,"href":"https:\/\/agora.xtec.cat\/escolapauvila\/wp-json\/wp\/v2\/categories?post=2186"},{"taxonomy":"post_tag","embeddable":true,"href":"https:\/\/agora.xtec.cat\/escolapauvila\/wp-json\/wp\/v2\/tags?post=2186"}],"curies":[{"name":"wp","href":"https:\/\/api.w.org\/{rel}","templated":true}]}}