{"id":2082,"date":"2020-12-03T19:24:49","date_gmt":"2020-12-03T18:24:49","guid":{"rendered":"https:\/\/agora.xtec.cat\/escolapauvila\/?p=2082"},"modified":"2020-12-03T19:24:49","modified_gmt":"2020-12-03T18:24:49","slug":"experiment-amb-pinyes-i-llenties","status":"publish","type":"post","link":"https:\/\/agora.xtec.cat\/escolapauvila\/petits\/experiment-amb-pinyes-i-llenties\/","title":{"rendered":"EXPERIMENT AMB PINYES I LLENTIES"},"content":{"rendered":"<p>A LA CLASSE DELS CONILLS HEM FET UN <strong>EXPERIMENT<\/strong> AMB UN ELEMENT BEN CONEGUT DE LA TARDOR: <strong>LA PINYA.<\/strong><\/p>\n<p>PER A FER-LO HEM NECESSITAT UNS ELEMENTS:<\/p>\n<ul>\n<li><strong>UN BOL BUIT<\/strong><\/li>\n<li><strong>UNA GERRA AMB AIGUA<\/strong><\/li>\n<li><strong>PINYES\u00a0<\/strong><\/li>\n<li><strong>LLENTIES<\/strong><\/li>\n<\/ul>\n<p><a href=\"https:\/\/agora.xtec.cat\/escolapauvila\/wp-content\/uploads\/usu1565\/2020\/11\/IMG_0828.jpg\"><img loading=\"lazy\" decoding=\"async\" class=\"wp-image-2086 alignright\" src=\"https:\/\/agora.xtec.cat\/escolapauvila\/wp-content\/uploads\/usu1565\/2020\/11\/IMG_0828-1024x768.jpg\" alt=\"\" width=\"378\" height=\"283\" srcset=\"https:\/\/agora.xtec.cat\/escolapauvila\/wp-content\/uploads\/usu1565\/2020\/11\/IMG_0828-1024x768.jpg 1024w, https:\/\/agora.xtec.cat\/escolapauvila\/wp-content\/uploads\/usu1565\/2020\/11\/IMG_0828-300x225.jpg 300w, https:\/\/agora.xtec.cat\/escolapauvila\/wp-content\/uploads\/usu1565\/2020\/11\/IMG_0828-768x576.jpg 768w, https:\/\/agora.xtec.cat\/escolapauvila\/wp-content\/uploads\/usu1565\/2020\/11\/IMG_0828-200x150.jpg 200w\" sizes=\"auto, (max-width: 378px) 100vw, 378px\" \/><\/a><a href=\"https:\/\/agora.xtec.cat\/escolapauvila\/wp-content\/uploads\/usu1565\/2020\/11\/IMG_0827.jpg\"><img loading=\"lazy\" decoding=\"async\" class=\"wp-image-2085 alignleft\" src=\"https:\/\/agora.xtec.cat\/escolapauvila\/wp-content\/uploads\/usu1565\/2020\/11\/IMG_0827-1024x447.jpg\" alt=\"\" width=\"494\" height=\"215\" srcset=\"https:\/\/agora.xtec.cat\/escolapauvila\/wp-content\/uploads\/usu1565\/2020\/11\/IMG_0827-1024x447.jpg 1024w, https:\/\/agora.xtec.cat\/escolapauvila\/wp-content\/uploads\/usu1565\/2020\/11\/IMG_0827-300x131.jpg 300w, https:\/\/agora.xtec.cat\/escolapauvila\/wp-content\/uploads\/usu1565\/2020\/11\/IMG_0827-768x335.jpg 768w\" sizes=\"auto, (max-width: 494px) 100vw, 494px\" \/><\/a><\/p>\n<p>&nbsp;<\/p>\n<p>&nbsp;<\/p>\n<p>&nbsp;<\/p>\n<p>&nbsp;<\/p>\n<p>&nbsp;<\/p>\n<p>&nbsp;<\/p>\n<p>&nbsp;<\/p>\n<p>PRIMERAMENT HEM OBSERVAT TOTS ELS ELEMENTS I ELS HEM IDENTIFICAT. ALGUNS NENS I NENES DEIEN QUE EL QUE TEN\u00cdEM AL POT PETIT &#8220;S\u00d3N PEDRES&#8221;. UN COP L&#8217;HEM OBSERVAT DE BEN APROP ENS N&#8217;HEM ADONAT QUE &#8220;EREN LLENTIES&#8221;!.<\/p>\n<p><a href=\"https:\/\/agora.xtec.cat\/escolapauvila\/wp-content\/uploads\/usu1565\/2020\/11\/IMG_0835.jpg\"><img loading=\"lazy\" decoding=\"async\" class=\"wp-image-2087 aligncenter\" src=\"https:\/\/agora.xtec.cat\/escolapauvila\/wp-content\/uploads\/usu1565\/2020\/11\/IMG_0835-1024x768.jpg\" alt=\"\" width=\"356\" height=\"267\" srcset=\"https:\/\/agora.xtec.cat\/escolapauvila\/wp-content\/uploads\/usu1565\/2020\/11\/IMG_0835-1024x768.jpg 1024w, https:\/\/agora.xtec.cat\/escolapauvila\/wp-content\/uploads\/usu1565\/2020\/11\/IMG_0835-300x225.jpg 300w, https:\/\/agora.xtec.cat\/escolapauvila\/wp-content\/uploads\/usu1565\/2020\/11\/IMG_0835-768x576.jpg 768w, https:\/\/agora.xtec.cat\/escolapauvila\/wp-content\/uploads\/usu1565\/2020\/11\/IMG_0835-200x150.jpg 200w\" sizes=\"auto, (max-width: 356px) 100vw, 356px\" \/><\/a><\/p>\n<p>A CONTINUACI\u00d3 HEM ESCRIT AMB ESCRIPTURA ESPONT\u00c0NIA EL NOM DE TOTS ELS ELEMENTS.<\/p>\n<p><a href=\"https:\/\/agora.xtec.cat\/escolapauvila\/wp-content\/uploads\/usu1565\/2020\/11\/IMG_0841.jpg\"><img loading=\"lazy\" decoding=\"async\" class=\"alignnone wp-image-2088\" src=\"https:\/\/agora.xtec.cat\/escolapauvila\/wp-content\/uploads\/usu1565\/2020\/11\/IMG_0841-1024x768.jpg\" alt=\"\" width=\"348\" height=\"261\" srcset=\"https:\/\/agora.xtec.cat\/escolapauvila\/wp-content\/uploads\/usu1565\/2020\/11\/IMG_0841-1024x768.jpg 1024w, https:\/\/agora.xtec.cat\/escolapauvila\/wp-content\/uploads\/usu1565\/2020\/11\/IMG_0841-300x225.jpg 300w, https:\/\/agora.xtec.cat\/escolapauvila\/wp-content\/uploads\/usu1565\/2020\/11\/IMG_0841-768x576.jpg 768w, https:\/\/agora.xtec.cat\/escolapauvila\/wp-content\/uploads\/usu1565\/2020\/11\/IMG_0841-200x150.jpg 200w\" sizes=\"auto, (max-width: 348px) 100vw, 348px\" \/><\/a><a href=\"https:\/\/agora.xtec.cat\/escolapauvila\/wp-content\/uploads\/usu1565\/2020\/11\/IMG_0842.jpg\"><img loading=\"lazy\" decoding=\"async\" class=\"wp-image-2089 alignright\" src=\"https:\/\/agora.xtec.cat\/escolapauvila\/wp-content\/uploads\/usu1565\/2020\/11\/IMG_0842-1024x371.jpg\" alt=\"\" width=\"505\" height=\"183\" srcset=\"https:\/\/agora.xtec.cat\/escolapauvila\/wp-content\/uploads\/usu1565\/2020\/11\/IMG_0842-1024x371.jpg 1024w, https:\/\/agora.xtec.cat\/escolapauvila\/wp-content\/uploads\/usu1565\/2020\/11\/IMG_0842-300x109.jpg 300w, https:\/\/agora.xtec.cat\/escolapauvila\/wp-content\/uploads\/usu1565\/2020\/11\/IMG_0842-768x278.jpg 768w\" sizes=\"auto, (max-width: 505px) 100vw, 505px\" \/><\/a><\/p>\n<p>UN COP ESCRIT EL QUE NECESSITEM PEL NOSTRE EXPERIMENT, PLANTEGEM UNES PREGUNTES QUE DONARAN PAS A LES NOSTRES <strong>HIP\u00d2TESIS<\/strong>:<\/p>\n<p>A.<strong> QU\u00c8 PASSA SI POSEM LLENTIES A DINS DELS FORATS DE LA PINYA I LI TIREM AIGUA?&#8221;<\/strong><\/p>\n<ul>\n<li>ES TANCAR\u00c0 LA PINYA&#8221; (REALITZEN CONNEXIONS AMB L&#8217;EXPERIMENT DE L&#8217;ANY PASSAT).<\/li>\n<\/ul>\n<p><strong>B. POT CR\u00c9IXER UNA PLANTA DE LES LLENTIES?<\/strong><\/p>\n<ul>\n<li>&#8220;NO. TENIM QUE POSAR AIGUA PER CR\u00c8IXER&#8221;.<\/li>\n<li>&#8220;S\u00cd. SI POSEM UNA PINYA A L&#8217;AIGUA SE TANCARIA I LA PONER\u00cdAMOS EN EL BOL&#8221;.<\/li>\n<\/ul>\n<p><strong>C. QU\u00c8 NECESSITEN LES PLANTES PER FER-SE GRANS? <\/strong><\/p>\n<ul>\n<li>&#8220;SEMILLES&#8221;.<\/li>\n<li>&#8220;AIGUA&#8221;.<\/li>\n<li>LES PLANTES PERQU\u00c8 NO ES MORIN HEM DE POSAR AIGUA&#8221;.<\/li>\n<\/ul>\n<p><strong>D. SI ES TANCA LA PINYA CREIXER\u00c0 UNA PLANTA?<\/strong><\/p>\n<ul>\n<li>&#8220;NO&#8221;<\/li>\n<li>&#8220;S\u00cd&#8221;. SI POSEM UNA SEMILLA AQU\u00cd I LA POSEM EN AIGUA S\u00cd QUE CERIXER\u00c0 UNA PLANTA&#8221;.<\/li>\n<li>&#8220;SI A LES PINYES LI POSEM LES LLENTIES PELS FORADETS HI CREIXER\u00c0 UNA PLANTA&#8221;.<\/li>\n<li>&#8220;SI SURT UNA PLANTA L&#8217;HAUREM DE REGAR TOTS ELS DIES&#8221;.<\/li>\n<\/ul>\n<p>PLANTEJADES LES HIP\u00d2TESIS PASSEM A REALITZAR L&#8217;EXPERIMENT:<\/p>\n<ol>\n<li><strong>POSEM AIGUA EN EL BOL. <\/strong><\/li>\n<\/ol>\n<p><strong>2. COL.LOQUEM LES PINYES DINTRE DEL BOL EN AIGUA.<\/strong><\/p>\n<p><strong>3. FIQUEM LES LLENTIES EN ELS FORADETS DE LES PINYES.\u00a0<\/strong><\/p>\n<p><a href=\"https:\/\/agora.xtec.cat\/escolapauvila\/wp-content\/uploads\/usu1565\/2020\/11\/IMG_0848.jpg\">\u00a0\u00a0 <\/a><a href=\"https:\/\/agora.xtec.cat\/escolapauvila\/wp-content\/uploads\/usu1565\/2020\/11\/IMG_0846.jpg\"><img loading=\"lazy\" decoding=\"async\" class=\"alignnone wp-image-2096\" src=\"https:\/\/agora.xtec.cat\/escolapauvila\/wp-content\/uploads\/usu1565\/2020\/11\/IMG_0846-1024x768.jpg\" alt=\"\" width=\"300\" height=\"225\" srcset=\"https:\/\/agora.xtec.cat\/escolapauvila\/wp-content\/uploads\/usu1565\/2020\/11\/IMG_0846-1024x768.jpg 1024w, https:\/\/agora.xtec.cat\/escolapauvila\/wp-content\/uploads\/usu1565\/2020\/11\/IMG_0846-300x225.jpg 300w, https:\/\/agora.xtec.cat\/escolapauvila\/wp-content\/uploads\/usu1565\/2020\/11\/IMG_0846-768x576.jpg 768w, https:\/\/agora.xtec.cat\/escolapauvila\/wp-content\/uploads\/usu1565\/2020\/11\/IMG_0846-200x150.jpg 200w\" sizes=\"auto, (max-width: 300px) 100vw, 300px\" \/>\u00a0\u00a0 <\/a><a href=\"https:\/\/agora.xtec.cat\/escolapauvila\/wp-content\/uploads\/usu1565\/2020\/11\/IMG_0848.jpg\"><img loading=\"lazy\" decoding=\"async\" class=\"alignnone wp-image-2091\" src=\"https:\/\/agora.xtec.cat\/escolapauvila\/wp-content\/uploads\/usu1565\/2020\/11\/IMG_0848-1024x768.jpg\" alt=\"\" width=\"299\" height=\"224\" srcset=\"https:\/\/agora.xtec.cat\/escolapauvila\/wp-content\/uploads\/usu1565\/2020\/11\/IMG_0848-1024x768.jpg 1024w, https:\/\/agora.xtec.cat\/escolapauvila\/wp-content\/uploads\/usu1565\/2020\/11\/IMG_0848-300x225.jpg 300w, https:\/\/agora.xtec.cat\/escolapauvila\/wp-content\/uploads\/usu1565\/2020\/11\/IMG_0848-768x576.jpg 768w, https:\/\/agora.xtec.cat\/escolapauvila\/wp-content\/uploads\/usu1565\/2020\/11\/IMG_0848-200x150.jpg 200w\" sizes=\"auto, (max-width: 299px) 100vw, 299px\" \/><\/a> <a href=\"https:\/\/agora.xtec.cat\/escolapauvila\/wp-content\/uploads\/usu1565\/2020\/11\/IMG_0843.jpg\"><img loading=\"lazy\" decoding=\"async\" class=\"wp-image-2090 alignleft\" src=\"https:\/\/agora.xtec.cat\/escolapauvila\/wp-content\/uploads\/usu1565\/2020\/11\/IMG_0843-1024x768.jpg\" alt=\"\" width=\"272\" height=\"204\" srcset=\"https:\/\/agora.xtec.cat\/escolapauvila\/wp-content\/uploads\/usu1565\/2020\/11\/IMG_0843-1024x768.jpg 1024w, https:\/\/agora.xtec.cat\/escolapauvila\/wp-content\/uploads\/usu1565\/2020\/11\/IMG_0843-300x225.jpg 300w, https:\/\/agora.xtec.cat\/escolapauvila\/wp-content\/uploads\/usu1565\/2020\/11\/IMG_0843-768x576.jpg 768w, https:\/\/agora.xtec.cat\/escolapauvila\/wp-content\/uploads\/usu1565\/2020\/11\/IMG_0843-200x150.jpg 200w\" sizes=\"auto, (max-width: 272px) 100vw, 272px\" \/><\/a><\/p>\n<p>ARA NOM\u00c9S ENS QUEDA ESPERAR I OBSERVAR A VEURE QU\u00c8 VA PASSANT PER COMPROVAR I VERIFICAR LES NOSTRES HIP\u00d2TESIS&#8230;<\/p>\n<p>DE MOMENT HAN PASSAT <strong>3 DIES<\/strong> DE L&#8217;EXPERIMENT I JA HEM OBSERVAT QUE <strong>LES PINYES S&#8217;HAN TANCAT<\/strong>!<\/p>\n<p><a href=\"https:\/\/agora.xtec.cat\/escolapauvila\/wp-content\/uploads\/usu1565\/2020\/11\/IMG_0850.jpg\"><img loading=\"lazy\" decoding=\"async\" class=\"wp-image-2094 alignleft\" src=\"https:\/\/agora.xtec.cat\/escolapauvila\/wp-content\/uploads\/usu1565\/2020\/11\/IMG_0850-1024x768.jpg\" alt=\"\" width=\"407\" height=\"305\" srcset=\"https:\/\/agora.xtec.cat\/escolapauvila\/wp-content\/uploads\/usu1565\/2020\/11\/IMG_0850-1024x768.jpg 1024w, https:\/\/agora.xtec.cat\/escolapauvila\/wp-content\/uploads\/usu1565\/2020\/11\/IMG_0850-300x225.jpg 300w, https:\/\/agora.xtec.cat\/escolapauvila\/wp-content\/uploads\/usu1565\/2020\/11\/IMG_0850-768x576.jpg 768w, https:\/\/agora.xtec.cat\/escolapauvila\/wp-content\/uploads\/usu1565\/2020\/11\/IMG_0850-200x150.jpg 200w\" sizes=\"auto, (max-width: 407px) 100vw, 407px\" \/><\/a> <a href=\"https:\/\/agora.xtec.cat\/escolapauvila\/wp-content\/uploads\/usu1565\/2020\/11\/IMG_0857.jpg\">\u00a0 <\/a><a href=\"https:\/\/agora.xtec.cat\/escolapauvila\/wp-content\/uploads\/usu1565\/2020\/11\/IMG_0857.jpg\"><img loading=\"lazy\" decoding=\"async\" class=\"alignnone wp-image-2095\" src=\"https:\/\/agora.xtec.cat\/escolapauvila\/wp-content\/uploads\/usu1565\/2020\/11\/IMG_0857-1024x768.jpg\" alt=\"\" width=\"422\" height=\"317\" srcset=\"https:\/\/agora.xtec.cat\/escolapauvila\/wp-content\/uploads\/usu1565\/2020\/11\/IMG_0857-1024x768.jpg 1024w, https:\/\/agora.xtec.cat\/escolapauvila\/wp-content\/uploads\/usu1565\/2020\/11\/IMG_0857-300x225.jpg 300w, https:\/\/agora.xtec.cat\/escolapauvila\/wp-content\/uploads\/usu1565\/2020\/11\/IMG_0857-768x576.jpg 768w, https:\/\/agora.xtec.cat\/escolapauvila\/wp-content\/uploads\/usu1565\/2020\/11\/IMG_0857-200x150.jpg 200w\" sizes=\"auto, (max-width: 422px) 100vw, 422px\" \/><\/a><\/p>\n<p><a href=\"https:\/\/agora.xtec.cat\/escolapauvila\/wp-content\/uploads\/usu1565\/2020\/11\/IMG_0861.jpg\"><img loading=\"lazy\" decoding=\"async\" class=\"wp-image-2093 alignleft\" src=\"https:\/\/agora.xtec.cat\/escolapauvila\/wp-content\/uploads\/usu1565\/2020\/11\/IMG_0861-1024x768.jpg\" alt=\"\" width=\"389\" height=\"291\" srcset=\"https:\/\/agora.xtec.cat\/escolapauvila\/wp-content\/uploads\/usu1565\/2020\/11\/IMG_0861-1024x768.jpg 1024w, https:\/\/agora.xtec.cat\/escolapauvila\/wp-content\/uploads\/usu1565\/2020\/11\/IMG_0861-300x225.jpg 300w, https:\/\/agora.xtec.cat\/escolapauvila\/wp-content\/uploads\/usu1565\/2020\/11\/IMG_0861-768x576.jpg 768w, https:\/\/agora.xtec.cat\/escolapauvila\/wp-content\/uploads\/usu1565\/2020\/11\/IMG_0861-200x150.jpg 200w\" sizes=\"auto, (max-width: 389px) 100vw, 389px\" \/><\/a><a href=\"https:\/\/agora.xtec.cat\/escolapauvila\/wp-content\/uploads\/usu1565\/2020\/11\/IMG_0854.jpg\"><img loading=\"lazy\" decoding=\"async\" class=\"wp-image-2092 alignleft\" src=\"https:\/\/agora.xtec.cat\/escolapauvila\/wp-content\/uploads\/usu1565\/2020\/11\/IMG_0854-1024x768.jpg\" alt=\"\" width=\"404\" height=\"303\" srcset=\"https:\/\/agora.xtec.cat\/escolapauvila\/wp-content\/uploads\/usu1565\/2020\/11\/IMG_0854-1024x768.jpg 1024w, https:\/\/agora.xtec.cat\/escolapauvila\/wp-content\/uploads\/usu1565\/2020\/11\/IMG_0854-300x225.jpg 300w, https:\/\/agora.xtec.cat\/escolapauvila\/wp-content\/uploads\/usu1565\/2020\/11\/IMG_0854-768x576.jpg 768w, https:\/\/agora.xtec.cat\/escolapauvila\/wp-content\/uploads\/usu1565\/2020\/11\/IMG_0854-200x150.jpg 200w\" sizes=\"auto, (max-width: 404px) 100vw, 404px\" \/><\/a><\/p>\n<p>&nbsp;<\/p>\n<p>&nbsp;<\/p>\n<p>&nbsp;<\/p>\n<p>&nbsp;<\/p>\n<p>&nbsp;<\/p>\n<p>&nbsp;<\/p>\n<p>&nbsp;<\/p>\n<p>&nbsp;<\/p>\n<p>I PASSAT <strong>6 DIES&#8230; DESCOBRIM QUE COMEN\u00c7A A CR\u00c8IXER UNA PLANTA!!! <\/strong><\/p>\n<p>ALGUNES DE LES NOSTRES HIP\u00d2TESIS S&#8217;HAN COMPLERT!<\/p>\n<p><a href=\"https:\/\/agora.xtec.cat\/escolapauvila\/wp-content\/uploads\/usu1565\/2020\/11\/IMG_0897.jpg\"><img loading=\"lazy\" decoding=\"async\" class=\"alignnone wp-image-2181\" src=\"https:\/\/agora.xtec.cat\/escolapauvila\/wp-content\/uploads\/usu1565\/2020\/11\/IMG_0897-1024x768.jpg\" alt=\"\" width=\"424\" height=\"318\" srcset=\"https:\/\/agora.xtec.cat\/escolapauvila\/wp-content\/uploads\/usu1565\/2020\/11\/IMG_0897-1024x768.jpg 1024w, https:\/\/agora.xtec.cat\/escolapauvila\/wp-content\/uploads\/usu1565\/2020\/11\/IMG_0897-300x225.jpg 300w, https:\/\/agora.xtec.cat\/escolapauvila\/wp-content\/uploads\/usu1565\/2020\/11\/IMG_0897-768x576.jpg 768w, https:\/\/agora.xtec.cat\/escolapauvila\/wp-content\/uploads\/usu1565\/2020\/11\/IMG_0897-200x150.jpg 200w\" sizes=\"auto, (max-width: 424px) 100vw, 424px\" \/><\/a> <a href=\"https:\/\/agora.xtec.cat\/escolapauvila\/wp-content\/uploads\/usu1565\/2020\/11\/IMG_0899.jpg\"><img loading=\"lazy\" decoding=\"async\" class=\"wp-image-2182 alignright\" src=\"https:\/\/agora.xtec.cat\/escolapauvila\/wp-content\/uploads\/usu1565\/2020\/11\/IMG_0899-1024x768.jpg\" alt=\"\" width=\"425\" height=\"319\" srcset=\"https:\/\/agora.xtec.cat\/escolapauvila\/wp-content\/uploads\/usu1565\/2020\/11\/IMG_0899-1024x768.jpg 1024w, https:\/\/agora.xtec.cat\/escolapauvila\/wp-content\/uploads\/usu1565\/2020\/11\/IMG_0899-300x225.jpg 300w, https:\/\/agora.xtec.cat\/escolapauvila\/wp-content\/uploads\/usu1565\/2020\/11\/IMG_0899-768x576.jpg 768w, https:\/\/agora.xtec.cat\/escolapauvila\/wp-content\/uploads\/usu1565\/2020\/11\/IMG_0899-200x150.jpg 200w\" sizes=\"auto, (max-width: 425px) 100vw, 425px\" \/><\/a><\/p>\n<p><a href=\"https:\/\/agora.xtec.cat\/escolapauvila\/wp-content\/uploads\/usu1565\/2020\/11\/IMG_0130.jpg\"><img loading=\"lazy\" decoding=\"async\" class=\"wp-image-2418 aligncenter\" src=\"https:\/\/agora.xtec.cat\/escolapauvila\/wp-content\/uploads\/usu1565\/2020\/11\/IMG_0130-994x1024.jpg\" alt=\"\" width=\"400\" height=\"412\" srcset=\"https:\/\/agora.xtec.cat\/escolapauvila\/wp-content\/uploads\/usu1565\/2020\/11\/IMG_0130-994x1024.jpg 994w, https:\/\/agora.xtec.cat\/escolapauvila\/wp-content\/uploads\/usu1565\/2020\/11\/IMG_0130-291x300.jpg 291w, https:\/\/agora.xtec.cat\/escolapauvila\/wp-content\/uploads\/usu1565\/2020\/11\/IMG_0130-768x791.jpg 768w, https:\/\/agora.xtec.cat\/escolapauvila\/wp-content\/uploads\/usu1565\/2020\/11\/IMG_0130.jpg 1543w\" sizes=\"auto, (max-width: 400px) 100vw, 400px\" \/><\/a><\/p>\n<p>FINALITZEM L&#8217;APRENENTATGE AMB UN <strong>RELAT MATEM\u00c0TIC <\/strong>ON\u00a0ENDRECEM LA SEQ\u00dcENCIA DE L&#8217;EXPERIMENT A PARTIR DE LES IMATGES REALS I EXPLIQUEM VERBALMENT EL QU\u00c8 PASSA EN CADA PAS. AMB LA ORGANITZACI\u00d3 TEMPORAL PERMETEM DESCOBRIR EN ELS NENS I LES NENES ELS ELEMENTS I DETALLS QUE DETERMINEN L&#8217;ORDRE CRONOL\u00d2GIC, DESENVOLUPAR LA PERCEPCI\u00d3 VISUAL I LA SEVA ATENCI\u00d3.<\/p>\n<p><a href=\"https:\/\/agora.xtec.cat\/escolapauvila\/wp-content\/uploads\/usu1565\/2020\/11\/IMG_0030.jpg\"><img loading=\"lazy\" decoding=\"async\" class=\"wp-image-2373 aligncenter\" src=\"https:\/\/agora.xtec.cat\/escolapauvila\/wp-content\/uploads\/usu1565\/2020\/11\/IMG_0030-1024x768.jpg\" alt=\"\" width=\"455\" height=\"341\" srcset=\"https:\/\/agora.xtec.cat\/escolapauvila\/wp-content\/uploads\/usu1565\/2020\/11\/IMG_0030-1024x768.jpg 1024w, https:\/\/agora.xtec.cat\/escolapauvila\/wp-content\/uploads\/usu1565\/2020\/11\/IMG_0030-300x225.jpg 300w, https:\/\/agora.xtec.cat\/escolapauvila\/wp-content\/uploads\/usu1565\/2020\/11\/IMG_0030-768x576.jpg 768w, https:\/\/agora.xtec.cat\/escolapauvila\/wp-content\/uploads\/usu1565\/2020\/11\/IMG_0030-200x150.jpg 200w\" sizes=\"auto, (max-width: 455px) 100vw, 455px\" \/><\/a><\/p>\n<p>SI VOLEU VEURE TOT EL PROC\u00c9S DE L&#8217;EXPERIMENT AMB M\u00c9S DETALL DE FOTOGRAFIES\u00a0<a href=\"https:\/\/photos.app.goo.gl\/hCcDt9gV92hLYAPp8\">CLIQUEU AQU\u00cd<\/a><\/p>\n<p>&nbsp;<\/p>\n","protected":false},"excerpt":{"rendered":"<p>A LA CLASSE DELS CONILLS HEM FET UN EXPERIMENT AMB UN ELEMENT BEN CONEGUT DE LA TARDOR: LA PINYA.<br \/>\nPER A FER-LO HEM NECESSITAT UNS ELEMENTS:<\/p>\n<ul>\n<li>UN BOL BUIT<\/li>\n<li>UNA GERRA AMB AIGUA<\/li>\n<li>PINYES\u00a0<\/li>\n<li>LLENTIES<\/li>\n<\/ul>\n<p><a href=\"https:\/\/agora.xtec.cat\/escolapauvila\/wp-content\/uploads\/usu1565\/2020\/11\/IMG_0828.jpg\"><\/a><a href=\"https:\/\/agora.xtec.cat\/escolapauvila\/wp-content\/uploads\/usu1565\/2020\/11\/IMG_0827.jpg\"><\/a><br \/>\n&nbsp;<br \/>\n&nbsp;<br \/>\n&nbsp;<br \/>\n&nbsp;<br \/>\n&nbsp;<br \/>\n&nbsp;<br \/>\n&nbsp;<br \/>\nPRIMERAMENT HEM OBSERVAT TOTS ELS ELEMENTS I ELS HEM IDENTIFICAT. ALGUNS NENS I NENES&hellip;  <a href=\"https:\/\/agora.xtec.cat\/escolapauvila\/petits\/experiment-amb-pinyes-i-llenties\/\" title=\"Read EXPERIMENT AMB PINYES I LLENTIES\">Llegeix m\u00e9s\u00bb<\/a><\/p>\n","protected":false},"author":1,"featured_media":2085,"comment_status":"open","ping_status":"closed","sticky":false,"template":"","format":"standard","meta":{"_bbp_topic_count":0,"_bbp_reply_count":0,"_bbp_total_topic_count":0,"_bbp_total_reply_count":0,"_bbp_voice_count":0,"_bbp_anonymous_reply_count":0,"_bbp_topic_count_hidden":0,"_bbp_reply_count_hidden":0,"_bbp_forum_subforum_count":0,"footnotes":""},"categories":[2,8],"tags":[114,104],"class_list":["post-2082","post","type-post","status-publish","format-standard","has-post-thumbnail","hentry","category-petits","category-ei4","tag-ei4b20-21","tag-nascuts2016"],"post_mailing_queue_ids":[],"_links":{"self":[{"href":"https:\/\/agora.xtec.cat\/escolapauvila\/wp-json\/wp\/v2\/posts\/2082","targetHints":{"allow":["GET"]}}],"collection":[{"href":"https:\/\/agora.xtec.cat\/escolapauvila\/wp-json\/wp\/v2\/posts"}],"about":[{"href":"https:\/\/agora.xtec.cat\/escolapauvila\/wp-json\/wp\/v2\/types\/post"}],"author":[{"embeddable":true,"href":"https:\/\/agora.xtec.cat\/escolapauvila\/wp-json\/wp\/v2\/users\/1"}],"replies":[{"embeddable":true,"href":"https:\/\/agora.xtec.cat\/escolapauvila\/wp-json\/wp\/v2\/comments?post=2082"}],"version-history":[{"count":3,"href":"https:\/\/agora.xtec.cat\/escolapauvila\/wp-json\/wp\/v2\/posts\/2082\/revisions"}],"predecessor-version":[{"id":2639,"href":"https:\/\/agora.xtec.cat\/escolapauvila\/wp-json\/wp\/v2\/posts\/2082\/revisions\/2639"}],"wp:featuredmedia":[{"embeddable":true,"href":"https:\/\/agora.xtec.cat\/escolapauvila\/wp-json\/wp\/v2\/media\/2085"}],"wp:attachment":[{"href":"https:\/\/agora.xtec.cat\/escolapauvila\/wp-json\/wp\/v2\/media?parent=2082"}],"wp:term":[{"taxonomy":"category","embeddable":true,"href":"https:\/\/agora.xtec.cat\/escolapauvila\/wp-json\/wp\/v2\/categories?post=2082"},{"taxonomy":"post_tag","embeddable":true,"href":"https:\/\/agora.xtec.cat\/escolapauvila\/wp-json\/wp\/v2\/tags?post=2082"}],"curies":[{"name":"wp","href":"https:\/\/api.w.org\/{rel}","templated":true}]}}