{"id":2051,"date":"2020-11-14T20:17:41","date_gmt":"2020-11-14T19:17:41","guid":{"rendered":"https:\/\/agora.xtec.cat\/escolapauvila\/?p=2051"},"modified":"2020-12-20T11:54:41","modified_gmt":"2020-12-20T10:54:41","slug":"espanya-i-el-seu-relleu","status":"publish","type":"post","link":"https:\/\/agora.xtec.cat\/escolapauvila\/general\/espanya-i-el-seu-relleu\/","title":{"rendered":"Espanya i el seu relleu"},"content":{"rendered":"<p>A l\u2019\u00e0rea de Medi Social estem treballant la geografia d\u2019Espanya. Primer vam treballar els l\u00edmits del pa\u00eds. Despr\u00e9s, vam estudiar les comunitats i les seves prov\u00edncies a trav\u00e9s d\u2019un mapa pol\u00edtic mut on les vam situar. Vam utilitzar un atles com ajuda i suport.<\/p>\n<p><a href=\"https:\/\/agora.xtec.cat\/escolapauvila\/wp-content\/uploads\/usu1565\/2020\/11\/1-4.jpg\"><img loading=\"lazy\" decoding=\"async\" class=\"alignnone wp-image-2052\" src=\"https:\/\/agora.xtec.cat\/escolapauvila\/wp-content\/uploads\/usu1565\/2020\/11\/1-4-300x240.jpg\" alt=\"\" width=\"469\" height=\"375\" srcset=\"https:\/\/agora.xtec.cat\/escolapauvila\/wp-content\/uploads\/usu1565\/2020\/11\/1-4-300x240.jpg 300w, https:\/\/agora.xtec.cat\/escolapauvila\/wp-content\/uploads\/usu1565\/2020\/11\/1-4-768x614.jpg 768w, https:\/\/agora.xtec.cat\/escolapauvila\/wp-content\/uploads\/usu1565\/2020\/11\/1-4-1024x819.jpg 1024w, https:\/\/agora.xtec.cat\/escolapauvila\/wp-content\/uploads\/usu1565\/2020\/11\/1-4.jpg 2000w\" sizes=\"auto, (max-width: 469px) 100vw, 469px\" \/><\/a><\/p>\n<p>Tamb\u00e9 vam treballar la poblaci\u00f3 d\u2019Espanya del 2005 i posteriorment vam fer una pir\u00e0mide de poblaci\u00f3 fent servir un\u00a0 gr\u00e0fic de barres. Actualment, estem estudiant el relleu: primer vam llegir la informaci\u00f3 m\u00e9s important sobre el territori peninsular i insular i vam fer un mapa conceptual per tenir les idees m\u00e9s clares. Un cop fet l\u2019esquema, vam situar els elements m\u00e9s importants del relleu d\u2019Espanya en un mapa f\u00edsic mut.<\/p>\n<p><a href=\"https:\/\/agora.xtec.cat\/escolapauvila\/wp-content\/uploads\/usu1565\/2020\/11\/2-2.jpg\"><img loading=\"lazy\" decoding=\"async\" class=\"alignnone wp-image-2053\" src=\"https:\/\/agora.xtec.cat\/escolapauvila\/wp-content\/uploads\/usu1565\/2020\/11\/2-2-300x240.jpg\" alt=\"\" width=\"420\" height=\"336\" srcset=\"https:\/\/agora.xtec.cat\/escolapauvila\/wp-content\/uploads\/usu1565\/2020\/11\/2-2-300x240.jpg 300w, https:\/\/agora.xtec.cat\/escolapauvila\/wp-content\/uploads\/usu1565\/2020\/11\/2-2-768x614.jpg 768w, https:\/\/agora.xtec.cat\/escolapauvila\/wp-content\/uploads\/usu1565\/2020\/11\/2-2-1024x819.jpg 1024w, https:\/\/agora.xtec.cat\/escolapauvila\/wp-content\/uploads\/usu1565\/2020\/11\/2-2.jpg 2000w\" sizes=\"auto, (max-width: 420px) 100vw, 420px\" \/><\/a><\/p>\n","protected":false},"excerpt":{"rendered":"<p>A l\u2019\u00e0rea de Medi Social estem treballant la geografia d\u2019Espanya. Primer vam treballar els l\u00edmits del pa\u00eds. Despr\u00e9s, vam estudiar les comunitats i les seves prov\u00edncies a trav\u00e9s d\u2019un mapa pol\u00edtic mut on les vam situar. Vam utilitzar un atles com ajuda i suport.<br \/>\n<a href=\"https:\/\/agora.xtec.cat\/escolapauvila\/wp-content\/uploads\/usu1565\/2020\/11\/1-4.jpg\"><\/a><br \/>\nTamb\u00e9&hellip;  <a href=\"https:\/\/agora.xtec.cat\/escolapauvila\/general\/espanya-i-el-seu-relleu\/\" title=\"Read Espanya i el seu relleu\">Llegeix m\u00e9s\u00bb<\/a><\/p>\n","protected":false},"author":1,"featured_media":2052,"comment_status":"open","ping_status":"closed","sticky":false,"template":"","format":"standard","meta":{"_bbp_topic_count":0,"_bbp_reply_count":0,"_bbp_total_topic_count":0,"_bbp_total_reply_count":0,"_bbp_voice_count":0,"_bbp_anonymous_reply_count":0,"_bbp_topic_count_hidden":0,"_bbp_reply_count_hidden":0,"_bbp_forum_subforum_count":0,"footnotes":""},"categories":[15,61,1],"tags":[115,93],"class_list":["post-2051","post","type-post","status-publish","format-standard","has-post-thumbnail","hentry","category-6e","category-grans","category-general","tag-6c20-21","tag-nascuts2009"],"post_mailing_queue_ids":[],"_links":{"self":[{"href":"https:\/\/agora.xtec.cat\/escolapauvila\/wp-json\/wp\/v2\/posts\/2051","targetHints":{"allow":["GET"]}}],"collection":[{"href":"https:\/\/agora.xtec.cat\/escolapauvila\/wp-json\/wp\/v2\/posts"}],"about":[{"href":"https:\/\/agora.xtec.cat\/escolapauvila\/wp-json\/wp\/v2\/types\/post"}],"author":[{"embeddable":true,"href":"https:\/\/agora.xtec.cat\/escolapauvila\/wp-json\/wp\/v2\/users\/1"}],"replies":[{"embeddable":true,"href":"https:\/\/agora.xtec.cat\/escolapauvila\/wp-json\/wp\/v2\/comments?post=2051"}],"version-history":[{"count":2,"href":"https:\/\/agora.xtec.cat\/escolapauvila\/wp-json\/wp\/v2\/posts\/2051\/revisions"}],"predecessor-version":[{"id":2055,"href":"https:\/\/agora.xtec.cat\/escolapauvila\/wp-json\/wp\/v2\/posts\/2051\/revisions\/2055"}],"wp:featuredmedia":[{"embeddable":true,"href":"https:\/\/agora.xtec.cat\/escolapauvila\/wp-json\/wp\/v2\/media\/2052"}],"wp:attachment":[{"href":"https:\/\/agora.xtec.cat\/escolapauvila\/wp-json\/wp\/v2\/media?parent=2051"}],"wp:term":[{"taxonomy":"category","embeddable":true,"href":"https:\/\/agora.xtec.cat\/escolapauvila\/wp-json\/wp\/v2\/categories?post=2051"},{"taxonomy":"post_tag","embeddable":true,"href":"https:\/\/agora.xtec.cat\/escolapauvila\/wp-json\/wp\/v2\/tags?post=2051"}],"curies":[{"name":"wp","href":"https:\/\/api.w.org\/{rel}","templated":true}]}}