{"id":1993,"date":"2020-11-13T09:56:24","date_gmt":"2020-11-13T08:56:24","guid":{"rendered":"https:\/\/agora.xtec.cat\/escolapauvila\/?p=1993"},"modified":"2020-12-10T22:06:17","modified_gmt":"2020-12-10T21:06:17","slug":"la-disseccio-dun-encefal","status":"publish","type":"post","link":"https:\/\/agora.xtec.cat\/escolapauvila\/grans\/6e\/la-disseccio-dun-encefal\/","title":{"rendered":"LA DISSECCI\u00d3 D&#8217;UN ENC\u00c8FAL"},"content":{"rendered":"<p>El dia 11 de Novembre vam fer una dissecci\u00f3 d&#8217;un enc\u00e8fal. Primer (per grups de 4) vam agafar un cervell i vam contestar unes preguntes d&#8217;una fixa del cervell. Despr\u00e9s vam parti el cervell en dos meitats per poder investigar. Despr\u00e9s vam respondre unes preguntes i vam\u00a0 seguir investigant. Teniem\u00a0 uns microscopics on miravem les parts del cervell que voliem investigar. Quan vam acabar de fer tot vam recollir i vam rentar tot el material i vam passar els apuns a net i vam rentar totes les taules. Va ser molt dibertit\ud83d\ude0a\ud83d\ude0a.<\/p>\n<p>&nbsp;<\/p>\n<p><a href=\"https:\/\/photos.app.goo.gl\/2q26Yio3Hvwoebnt5\">Fotos<\/a><\/p>\n","protected":false},"excerpt":{"rendered":"<p>El dia 11 de Novembre vam fer una dissecci\u00f3 d&#8217;un enc\u00e8fal. Primer (per grups de 4) vam agafar un cervell i vam contestar unes preguntes d&#8217;una fixa del cervell. Despr\u00e9s vam parti el cervell en dos meitats per poder investigar. Despr\u00e9s vam respondre unes preguntes&hellip;  <a href=\"https:\/\/agora.xtec.cat\/escolapauvila\/grans\/6e\/la-disseccio-dun-encefal\/\" title=\"Read LA DISSECCI\u00d3 D&#8217;UN ENC\u00c8FAL\">Llegeix m\u00e9s\u00bb<\/a><\/p>\n","protected":false},"author":1,"featured_media":1994,"comment_status":"open","ping_status":"closed","sticky":false,"template":"","format":"standard","meta":{"_bbp_topic_count":0,"_bbp_reply_count":0,"_bbp_total_topic_count":0,"_bbp_total_reply_count":0,"_bbp_voice_count":0,"_bbp_anonymous_reply_count":0,"_bbp_topic_count_hidden":0,"_bbp_reply_count_hidden":0,"_bbp_forum_subforum_count":0,"footnotes":""},"categories":[15,61],"tags":[153,93,71],"class_list":["post-1993","post","type-post","status-publish","format-standard","has-post-thumbnail","hentry","category-6e","category-grans","tag-6e-a","tag-nascuts2009","tag-science"],"post_mailing_queue_ids":[],"_links":{"self":[{"href":"https:\/\/agora.xtec.cat\/escolapauvila\/wp-json\/wp\/v2\/posts\/1993","targetHints":{"allow":["GET"]}}],"collection":[{"href":"https:\/\/agora.xtec.cat\/escolapauvila\/wp-json\/wp\/v2\/posts"}],"about":[{"href":"https:\/\/agora.xtec.cat\/escolapauvila\/wp-json\/wp\/v2\/types\/post"}],"author":[{"embeddable":true,"href":"https:\/\/agora.xtec.cat\/escolapauvila\/wp-json\/wp\/v2\/users\/1"}],"replies":[{"embeddable":true,"href":"https:\/\/agora.xtec.cat\/escolapauvila\/wp-json\/wp\/v2\/comments?post=1993"}],"version-history":[{"count":2,"href":"https:\/\/agora.xtec.cat\/escolapauvila\/wp-json\/wp\/v2\/posts\/1993\/revisions"}],"predecessor-version":[{"id":2102,"href":"https:\/\/agora.xtec.cat\/escolapauvila\/wp-json\/wp\/v2\/posts\/1993\/revisions\/2102"}],"wp:featuredmedia":[{"embeddable":true,"href":"https:\/\/agora.xtec.cat\/escolapauvila\/wp-json\/wp\/v2\/media\/1994"}],"wp:attachment":[{"href":"https:\/\/agora.xtec.cat\/escolapauvila\/wp-json\/wp\/v2\/media?parent=1993"}],"wp:term":[{"taxonomy":"category","embeddable":true,"href":"https:\/\/agora.xtec.cat\/escolapauvila\/wp-json\/wp\/v2\/categories?post=1993"},{"taxonomy":"post_tag","embeddable":true,"href":"https:\/\/agora.xtec.cat\/escolapauvila\/wp-json\/wp\/v2\/tags?post=1993"}],"curies":[{"name":"wp","href":"https:\/\/api.w.org\/{rel}","templated":true}]}}