{"id":1827,"date":"2020-11-15T19:12:44","date_gmt":"2020-11-15T18:12:44","guid":{"rendered":"https:\/\/agora.xtec.cat\/escolapauvila\/?p=1827"},"modified":"2020-11-15T19:15:41","modified_gmt":"2020-11-15T18:15:41","slug":"la-tardor-a-la-classe-de-les-vaques","status":"publish","type":"post","link":"https:\/\/agora.xtec.cat\/escolapauvila\/petits\/la-tardor-a-la-classe-de-les-vaques\/","title":{"rendered":"LA TARDOR A LA CLASSE DE LES VAQUES"},"content":{"rendered":"<p style=\"text-align: center;\">UN ANY M\u00c9S <strong>LA TARDOR<\/strong> ARRIBA I AMB ELLA FEM UN MUNT D&#8217;ACTIVITATS.<\/p>\n<p style=\"text-align: center;\">A CONTINUACI\u00d3 US EXPLIQUEM LES ACTIVITATS QUE HEM ESTAT FENT DURANT AQUESTS MESOS RELACIONADES AMB LA TARDOR.<\/p>\n<p style=\"text-align: center;\">COMENCEM AMB L&#8217;EXPLICACI\u00d3 DEL CONTE<em><strong> &#8221; LA TARDOR DE L&#8217;ARBRE RONDINAIRE&#8221;<\/strong><\/em><\/p>\n<p><a href=\"https:\/\/agora.xtec.cat\/escolapauvila\/wp-content\/uploads\/usu1565\/2020\/11\/IMG_0167.jpg\"><img loading=\"lazy\" decoding=\"async\" class=\"wp-image-1739 aligncenter\" src=\"https:\/\/agora.xtec.cat\/escolapauvila\/wp-content\/uploads\/usu1565\/2020\/11\/IMG_0167-1024x768.jpg\" alt=\"\" width=\"373\" height=\"280\" srcset=\"https:\/\/agora.xtec.cat\/escolapauvila\/wp-content\/uploads\/usu1565\/2020\/11\/IMG_0167-1024x768.jpg 1024w, https:\/\/agora.xtec.cat\/escolapauvila\/wp-content\/uploads\/usu1565\/2020\/11\/IMG_0167-300x225.jpg 300w, https:\/\/agora.xtec.cat\/escolapauvila\/wp-content\/uploads\/usu1565\/2020\/11\/IMG_0167-768x576.jpg 768w, https:\/\/agora.xtec.cat\/escolapauvila\/wp-content\/uploads\/usu1565\/2020\/11\/IMG_0167-200x150.jpg 200w\" sizes=\"auto, (max-width: 373px) 100vw, 373px\" \/><\/a><\/p>\n<p>UN COP ESCOLTEM EL CONTE, A L&#8217;ASSEMBLEA PARLEM DE LES FULLES DELS ARBRES, AL PATI TENIM MOLTS ARBRES I SORTIM A OBSERVAR-LOS.\u00a0 TENIM UN MURAL A ON ENS EXPLICA COM ES DIUEN ELS ARBRES DEL PATI I COM SON LES SEVES FULLES.<\/p>\n<p>ENS FIXEM EN TRES ARBRES EN CONCRET : <strong>OLIVERA, PI I MORERA.<\/strong><\/p>\n<p>RECOLLIM MOSTRES DE LES FULLES DELS ARBRES I FEM UN RAC\u00d3 A LA CLASSE PER OBSERVAR-LES I DIBUIXAR-LES. SI VOLEU VEURE TOTES LES FOTOS CLIQUEU A L&#8217;ENLLA\u00c7:\u00a0<a href=\"https:\/\/photos.app.goo.gl\/gsTEoi7R9pHACKo19\">https:\/\/photos.app.goo.gl\/gsTEoi7R9pHACKo19<\/a><\/p>\n<p><a href=\"https:\/\/agora.xtec.cat\/escolapauvila\/wp-content\/uploads\/usu1565\/2020\/11\/IMG_20201019_113416.jpg\"><img loading=\"lazy\" decoding=\"async\" class=\"wp-image-2133 aligncenter\" src=\"https:\/\/agora.xtec.cat\/escolapauvila\/wp-content\/uploads\/usu1565\/2020\/11\/IMG_20201019_113416-1024x768.jpg\" alt=\"\" width=\"567\" height=\"426\" srcset=\"https:\/\/agora.xtec.cat\/escolapauvila\/wp-content\/uploads\/usu1565\/2020\/11\/IMG_20201019_113416-1024x768.jpg 1024w, https:\/\/agora.xtec.cat\/escolapauvila\/wp-content\/uploads\/usu1565\/2020\/11\/IMG_20201019_113416-300x225.jpg 300w, https:\/\/agora.xtec.cat\/escolapauvila\/wp-content\/uploads\/usu1565\/2020\/11\/IMG_20201019_113416-768x576.jpg 768w, https:\/\/agora.xtec.cat\/escolapauvila\/wp-content\/uploads\/usu1565\/2020\/11\/IMG_20201019_113416-200x150.jpg 200w\" sizes=\"auto, (max-width: 567px) 100vw, 567px\" \/><\/a><\/p>\n<p>&nbsp;<\/p>\n<p>AL ESPAI ART\u00cdSTIC PINTEM FULLES DE MOLTS COLORS PER CREAR ENTRE TOTS EL NOSTRE ARBRE!!<\/p>\n<p><a href=\"https:\/\/agora.xtec.cat\/escolapauvila\/wp-content\/uploads\/usu1565\/2020\/11\/IMG_0311.jpg\"><img loading=\"lazy\" decoding=\"async\" class=\"wp-image-1744 alignright\" src=\"https:\/\/agora.xtec.cat\/escolapauvila\/wp-content\/uploads\/usu1565\/2020\/11\/IMG_0311-1024x768.jpg\" alt=\"\" width=\"341\" height=\"256\" srcset=\"https:\/\/agora.xtec.cat\/escolapauvila\/wp-content\/uploads\/usu1565\/2020\/11\/IMG_0311-1024x768.jpg 1024w, https:\/\/agora.xtec.cat\/escolapauvila\/wp-content\/uploads\/usu1565\/2020\/11\/IMG_0311-300x225.jpg 300w, https:\/\/agora.xtec.cat\/escolapauvila\/wp-content\/uploads\/usu1565\/2020\/11\/IMG_0311-768x576.jpg 768w, https:\/\/agora.xtec.cat\/escolapauvila\/wp-content\/uploads\/usu1565\/2020\/11\/IMG_0311-200x150.jpg 200w\" sizes=\"auto, (max-width: 341px) 100vw, 341px\" \/><\/a><a href=\"https:\/\/agora.xtec.cat\/escolapauvila\/wp-content\/uploads\/usu1565\/2020\/11\/IMG_0398.jpg\"><img loading=\"lazy\" decoding=\"async\" class=\"wp-image-1748 aligncenter\" src=\"https:\/\/agora.xtec.cat\/escolapauvila\/wp-content\/uploads\/usu1565\/2020\/11\/IMG_0398-847x1024.jpg\" alt=\"\" width=\"251\" height=\"303\" srcset=\"https:\/\/agora.xtec.cat\/escolapauvila\/wp-content\/uploads\/usu1565\/2020\/11\/IMG_0398-847x1024.jpg 847w, https:\/\/agora.xtec.cat\/escolapauvila\/wp-content\/uploads\/usu1565\/2020\/11\/IMG_0398-248x300.jpg 248w, https:\/\/agora.xtec.cat\/escolapauvila\/wp-content\/uploads\/usu1565\/2020\/11\/IMG_0398-768x928.jpg 768w\" sizes=\"auto, (max-width: 251px) 100vw, 251px\" \/><\/a><\/p>\n<p>DE MANERA INDIVIDUAL, AMB FANG, ESCURADENTS I PLASTILINA FEM L&#8217;ESCULTURA D&#8217;UN ARBRE DE TARDOR. ENS HAN QUEDAT MOLT BONICS!!!<\/p>\n<p><a href=\"https:\/\/agora.xtec.cat\/escolapauvila\/wp-content\/uploads\/usu1565\/2020\/11\/IMG_20201104_154512.jpg\"><img loading=\"lazy\" decoding=\"async\" class=\"wp-image-2134 aligncenter\" src=\"https:\/\/agora.xtec.cat\/escolapauvila\/wp-content\/uploads\/usu1565\/2020\/11\/IMG_20201104_154512-1024x768.jpg\" alt=\"\" width=\"541\" height=\"406\" srcset=\"https:\/\/agora.xtec.cat\/escolapauvila\/wp-content\/uploads\/usu1565\/2020\/11\/IMG_20201104_154512-1024x768.jpg 1024w, https:\/\/agora.xtec.cat\/escolapauvila\/wp-content\/uploads\/usu1565\/2020\/11\/IMG_20201104_154512-300x225.jpg 300w, https:\/\/agora.xtec.cat\/escolapauvila\/wp-content\/uploads\/usu1565\/2020\/11\/IMG_20201104_154512-768x576.jpg 768w, https:\/\/agora.xtec.cat\/escolapauvila\/wp-content\/uploads\/usu1565\/2020\/11\/IMG_20201104_154512-200x150.jpg 200w\" sizes=\"auto, (max-width: 541px) 100vw, 541px\" \/><\/a><\/p>\n<p><a href=\"https:\/\/agora.xtec.cat\/escolapauvila\/wp-content\/uploads\/usu1565\/2020\/11\/IMG_0398.jpg\">\u00a0 \u00a0 \u00a0 \u00a0 \u00a0 \u00a0 \u00a0 \u00a0 \u00a0 \u00a0<\/a><\/p>\n<p style=\"text-align: center;\">SI VOLEU M\u00c9S FOTOGRAFIES DE COM HAN FET L&#8217;ARBRE CLIQUEU A L&#8217;ENLLA\u00c7:\u00a0<a href=\"https:\/\/photos.app.goo.gl\/pedYhQys68jrhifp7\">https:\/\/photos.app.goo.gl\/pedYhQys68jrhifp7<\/a><\/p>\n<p>A L&#8217;HORA DE M\u00daSICA ESCOLTEM UNA\u00a0<strong>AUDICI\u00d3:<\/strong>\u00a0&#8220;LA TARDOR&#8221; D&#8217;ANTONIO <strong>VIVALDI<\/strong>. EN PARLEM UNA MICA SOBRE ELL. TANQUEM ELS ULLS I PAREM ATENCI\u00d3 A COM SONA AQUESTA AUDICI\u00d3. DESPR\u00c9S EXPRESSEM AMB PARAULES QUINES EMOCIONS ENS HA DESPERTAT. A CONTINUACI\u00d3 SORTIM AL PATI A EXPRESSAR LES NOSTRES EMOCIONS AMB LA SEVA M\u00daSICA I LA PINTURA.<\/p>\n<p><a href=\"https:\/\/agora.xtec.cat\/escolapauvila\/wp-content\/uploads\/usu1565\/2020\/11\/image0.jpeg\"><img loading=\"lazy\" decoding=\"async\" class=\"wp-image-2135 aligncenter\" src=\"https:\/\/agora.xtec.cat\/escolapauvila\/wp-content\/uploads\/usu1565\/2020\/11\/image0-1024x768.jpeg\" alt=\"\" width=\"610\" height=\"458\" srcset=\"https:\/\/agora.xtec.cat\/escolapauvila\/wp-content\/uploads\/usu1565\/2020\/11\/image0-1024x768.jpeg 1024w, https:\/\/agora.xtec.cat\/escolapauvila\/wp-content\/uploads\/usu1565\/2020\/11\/image0-300x225.jpeg 300w, https:\/\/agora.xtec.cat\/escolapauvila\/wp-content\/uploads\/usu1565\/2020\/11\/image0-768x576.jpeg 768w, https:\/\/agora.xtec.cat\/escolapauvila\/wp-content\/uploads\/usu1565\/2020\/11\/image0-200x150.jpeg 200w\" sizes=\"auto, (max-width: 610px) 100vw, 610px\" \/><\/a><\/p>\n<p>CLIQUEU A L&#8217;ENLLA\u00c7 PER VEURE EL V\u00cdDEO:\u00a0<a href=\"https:\/\/photos.app.goo.gl\/6PQ4ehdo4N51yCM78\">https:\/\/photos.app.goo.gl\/6PQ4ehdo4N51yCM78<\/a><\/p>\n<p>TAMB\u00c9 HEM PREPARAT UNA BON\u00cdSSIMA <strong>MACED\u00d2NIA<\/strong>! MANIPULANT V\u00c0RIES FRUITES HEM POGUT REALITZAR UN TREBALL DE MOTRICITAT FINA I CONCENTRACI\u00d3; HEM ESCRIT, ENTRE TOTS, LES PARAULES DE LES FRUITES; I A LA PISSARRA HEM ESCRIT LA PARAULA RA\u00cfM.<\/p>\n<p>AQU\u00cd TENIU LES FOTOGRAFIES:\u00a0<a href=\"https:\/\/photos.app.goo.gl\/B79ono9BsynJeYa26\">https:\/\/photos.app.goo.gl\/B79ono9Bsyn<\/a><a href=\"https:\/\/photos.app.goo.gl\/B79ono9BsynJeYa26\">JeYa26<\/a><\/p>\n<p>&nbsp;<\/p>\n<p>FINALMENT EXPLIQUEM LA HIST\u00d2RIA DE &#8220;<strong>LA CASTANYERA FELIPA<\/strong>&#8221; , UNA HIST\u00d2RIA DIFERENT DE LA CASTANYERA.<\/p>\n<p><img loading=\"lazy\" decoding=\"async\" class=\"aligncenter\" src=\"https:\/\/images-na.ssl-images-amazon.com\/images\/I\/71GHF-R12-L.jpg\" alt=\"La castanyera Felipa (Qu\u00e8 em contes!): Amazon.es: Olid Baez, Bel, Canals Ferrer, Merc\u00e8: Libros\" width=\"255\" height=\"350\" \/><\/p>\n<p>ARREL DEL CONTE PINTEM UN CISTELL I LI POSEM CASTANYES AMB PAPER DE SEDA I FEM UN TITELLA D&#8217;UNA CASTANYA.<\/p>\n<p><a href=\"https:\/\/agora.xtec.cat\/escolapauvila\/wp-content\/uploads\/usu1565\/2020\/11\/IMG_20201027_111940.jpg\"><img loading=\"lazy\" decoding=\"async\" class=\"wp-image-2137 alignleft\" src=\"https:\/\/agora.xtec.cat\/escolapauvila\/wp-content\/uploads\/usu1565\/2020\/11\/IMG_20201027_111940-768x1024.jpg\" alt=\"\" width=\"269\" height=\"359\" srcset=\"https:\/\/agora.xtec.cat\/escolapauvila\/wp-content\/uploads\/usu1565\/2020\/11\/IMG_20201027_111940-768x1024.jpg 768w, https:\/\/agora.xtec.cat\/escolapauvila\/wp-content\/uploads\/usu1565\/2020\/11\/IMG_20201027_111940-225x300.jpg 225w\" sizes=\"auto, (max-width: 269px) 100vw, 269px\" \/><\/a> <a href=\"https:\/\/agora.xtec.cat\/escolapauvila\/wp-content\/uploads\/usu1565\/2020\/11\/IMG_20201027_112437.jpg\"><img loading=\"lazy\" decoding=\"async\" class=\"wp-image-2138 aligncenter\" src=\"https:\/\/agora.xtec.cat\/escolapauvila\/wp-content\/uploads\/usu1565\/2020\/11\/IMG_20201027_112437-1024x768.jpg\" alt=\"\" width=\"412\" height=\"309\" srcset=\"https:\/\/agora.xtec.cat\/escolapauvila\/wp-content\/uploads\/usu1565\/2020\/11\/IMG_20201027_112437-1024x768.jpg 1024w, https:\/\/agora.xtec.cat\/escolapauvila\/wp-content\/uploads\/usu1565\/2020\/11\/IMG_20201027_112437-300x225.jpg 300w, https:\/\/agora.xtec.cat\/escolapauvila\/wp-content\/uploads\/usu1565\/2020\/11\/IMG_20201027_112437-768x576.jpg 768w, https:\/\/agora.xtec.cat\/escolapauvila\/wp-content\/uploads\/usu1565\/2020\/11\/IMG_20201027_112437-200x150.jpg 200w\" sizes=\"auto, (max-width: 412px) 100vw, 412px\" \/><\/a><\/p>\n<p>&nbsp;<\/p>\n","protected":false},"excerpt":{"rendered":"<p>UN ANY M\u00c9S LA TARDOR ARRIBA I AMB ELLA FEM UN MUNT D&#8217;ACTIVITATS.<br \/>\nA CONTINUACI\u00d3 US EXPLIQUEM LES ACTIVITATS QUE HEM ESTAT FENT DURANT AQUESTS MESOS RELACIONADES AMB LA TARDOR.<br \/>\nCOMENCEM AMB L&#8217;EXPLICACI\u00d3 DEL CONTE &#8221; LA TARDOR DE L&#8217;ARBRE RONDINAIRE&#8221;<br \/>\n<a href=\"https:\/\/agora.xtec.cat\/escolapauvila\/wp-content\/uploads\/usu1565\/2020\/11\/IMG_0167.jpg\"><\/a><br \/>\nUN COP ESCOLTEM EL CONTE, A&hellip;  <a href=\"https:\/\/agora.xtec.cat\/escolapauvila\/petits\/la-tardor-a-la-classe-de-les-vaques\/\" title=\"Read LA TARDOR A LA CLASSE DE LES VAQUES\">Llegeix m\u00e9s\u00bb<\/a><\/p>\n","protected":false},"author":1,"featured_media":1748,"comment_status":"open","ping_status":"closed","sticky":false,"template":"","format":"standard","meta":{"_bbp_topic_count":0,"_bbp_reply_count":0,"_bbp_total_topic_count":0,"_bbp_total_reply_count":0,"_bbp_voice_count":0,"_bbp_anonymous_reply_count":0,"_bbp_topic_count_hidden":0,"_bbp_reply_count_hidden":0,"_bbp_forum_subforum_count":0,"footnotes":""},"categories":[2,8],"tags":[103,104],"class_list":["post-1827","post","type-post","status-publish","format-standard","has-post-thumbnail","hentry","category-petits","category-ei4","tag-ei4a20-21","tag-nascuts2016"],"post_mailing_queue_ids":[],"_links":{"self":[{"href":"https:\/\/agora.xtec.cat\/escolapauvila\/wp-json\/wp\/v2\/posts\/1827","targetHints":{"allow":["GET"]}}],"collection":[{"href":"https:\/\/agora.xtec.cat\/escolapauvila\/wp-json\/wp\/v2\/posts"}],"about":[{"href":"https:\/\/agora.xtec.cat\/escolapauvila\/wp-json\/wp\/v2\/types\/post"}],"author":[{"embeddable":true,"href":"https:\/\/agora.xtec.cat\/escolapauvila\/wp-json\/wp\/v2\/users\/1"}],"replies":[{"embeddable":true,"href":"https:\/\/agora.xtec.cat\/escolapauvila\/wp-json\/wp\/v2\/comments?post=1827"}],"version-history":[{"count":3,"href":"https:\/\/agora.xtec.cat\/escolapauvila\/wp-json\/wp\/v2\/posts\/1827\/revisions"}],"predecessor-version":[{"id":2139,"href":"https:\/\/agora.xtec.cat\/escolapauvila\/wp-json\/wp\/v2\/posts\/1827\/revisions\/2139"}],"wp:featuredmedia":[{"embeddable":true,"href":"https:\/\/agora.xtec.cat\/escolapauvila\/wp-json\/wp\/v2\/media\/1748"}],"wp:attachment":[{"href":"https:\/\/agora.xtec.cat\/escolapauvila\/wp-json\/wp\/v2\/media?parent=1827"}],"wp:term":[{"taxonomy":"category","embeddable":true,"href":"https:\/\/agora.xtec.cat\/escolapauvila\/wp-json\/wp\/v2\/categories?post=1827"},{"taxonomy":"post_tag","embeddable":true,"href":"https:\/\/agora.xtec.cat\/escolapauvila\/wp-json\/wp\/v2\/tags?post=1827"}],"curies":[{"name":"wp","href":"https:\/\/api.w.org\/{rel}","templated":true}]}}