{"id":1804,"date":"2020-11-09T20:43:04","date_gmt":"2020-11-09T19:43:04","guid":{"rendered":"https:\/\/agora.xtec.cat\/escolapauvila\/?p=1804"},"modified":"2020-11-09T20:43:04","modified_gmt":"2020-11-09T19:43:04","slug":"a-la-classe-del-mar-experimentem-amb-colors","status":"publish","type":"post","link":"https:\/\/agora.xtec.cat\/escolapauvila\/petits\/a-la-classe-del-mar-experimentem-amb-colors\/","title":{"rendered":"A LA CLASSE DEL MAR EXPERIMENTEM AMB COLORS"},"content":{"rendered":"<p>A LA <span style=\"font-size: 24px;\"><strong><span style=\"color: #ff0000;\">C<\/span>LASSE DEL <span style=\"color: #ff0000;\">M<\/span>AR<\/strong><\/span> VAM COMEN\u00c7AR OBSERVANT TOTS ELS MATERIALS QUE TENIEM I PENSAT QU\u00c8 PODRIEM FER AMB ELLS:<\/p>\n<p><a href=\"https:\/\/agora.xtec.cat\/escolapauvila\/wp-content\/uploads\/usu1565\/2020\/11\/GRYD5530.jpg\"><img loading=\"lazy\" decoding=\"async\" class=\"wp-image-1806 aligncenter\" src=\"https:\/\/agora.xtec.cat\/escolapauvila\/wp-content\/uploads\/usu1565\/2020\/11\/GRYD5530-1024x768.jpg\" alt=\"\" width=\"404\" height=\"303\" \/><\/a><\/p>\n<ul>\n<li style=\"text-align: justify;\">PODRIEM FER <strong><span style=\"font-size: 24px;\"><span style=\"color: #ff0000;\">C<\/span>OLORS<\/span><\/strong> NOUS!<\/li>\n<li style=\"text-align: justify;\">AGAFO EL <strong><span style=\"font-size: 24px;\"><span style=\"color: #ff0000;\">G<\/span>ROC<\/span><\/strong> I EL <span style=\"font-size: 24px;\"><strong><span style=\"color: #ff0000;\">V<\/span>ERMELL<\/strong><\/span> I FAIG EL COLOR <span style=\"font-size: 24px;\"><strong><span style=\"color: #ff0000;\">V<\/span>ERMELL<\/strong><\/span>!<\/li>\n<li style=\"text-align: justify;\">BARREGEM DOS <span style=\"font-size: 24px;\"><strong><span style=\"color: #ff0000;\">C<\/span>OLORS<\/strong><\/span> I AIX\u00cd TINDREM M\u00c9S <strong><span style=\"font-size: 24px;\"><span style=\"color: #ff0000;\">C<\/span>OLORS<\/span><\/strong><\/li>\n<li style=\"text-align: justify;\">PODEM POSAR <span style=\"font-size: 24px;\"><strong><span style=\"color: #ff0000;\">A<\/span>IGUA<\/strong><\/span>!<\/li>\n<li style=\"text-align: justify;\">I REMENAR AMB LES <strong><span style=\"font-size: 28px;\"><span style=\"color: #ff0000;\">C<\/span>ULLERES<\/span><\/strong>!<\/li>\n<\/ul>\n<p>DE SEGUIDA VAN COMEN\u00c7AR A SORGIR DIFERENTS <strong><span style=\"font-size: 24px;\"><span style=\"color: #ff0000;\">H<\/span>IP\u00d2TESIS<\/span><\/strong>! AIX\u00cd QUE ENS VAM POSAR LA <span style=\"font-size: 24px;\"><strong><span style=\"color: #ff0000;\">B<\/span>ATA<\/strong><\/span> COM A BONS CIENT\u00cdFICS I CIENT\u00cdFIQUES I VAM COMEN\u00c7AR A PROVAR COSES!<a href=\"https:\/\/agora.xtec.cat\/escolapauvila\/wp-content\/uploads\/usu1565\/2020\/11\/IMG_4470.jpg\"><img loading=\"lazy\" decoding=\"async\" class=\"wp-image-1808 aligncenter\" src=\"https:\/\/agora.xtec.cat\/escolapauvila\/wp-content\/uploads\/usu1565\/2020\/11\/IMG_4470-1024x768.jpg\" alt=\"\" width=\"427\" height=\"321\" srcset=\"https:\/\/agora.xtec.cat\/escolapauvila\/wp-content\/uploads\/usu1565\/2020\/11\/IMG_4470.jpg 1024w, https:\/\/agora.xtec.cat\/escolapauvila\/wp-content\/uploads\/usu1565\/2020\/11\/IMG_4470-300x225.jpg 300w, https:\/\/agora.xtec.cat\/escolapauvila\/wp-content\/uploads\/usu1565\/2020\/11\/IMG_4470-768x576.jpg 768w, https:\/\/agora.xtec.cat\/escolapauvila\/wp-content\/uploads\/usu1565\/2020\/11\/IMG_4470-200x150.jpg 200w\" sizes=\"auto, (max-width: 427px) 100vw, 427px\" \/><\/a><\/p>\n<p>(COM QUE A ALGUNES I ALGUNS ENCARA ENS COSTA POSAR-NOS I CORDAR-NOS LA <span style=\"font-size: 24px;\"><strong><span style=\"color: #ff0000;\">B<\/span>ATA<\/strong><\/span>,\u00a0 ENS AJUDEM ENTRE TOTES I TOTS)<\/p>\n<p>I ENS VAM POSAR AMB LA FEINA! PRIMER VAM FER-HO EN GRAN GRUP, I VAM DECIDIR QUANTA <span style=\"font-size: 24px;\"><strong><span style=\"color: #ff0000;\">A<\/span>IGUA<\/strong><\/span> I QUANTES <strong><span style=\"font-size: 24px;\"><span style=\"color: #ff0000;\">G<\/span>OTETES<\/span><\/strong> DE COLORANT TIRAVEM ALS <span style=\"font-size: 24px;\"><strong><span style=\"color: #ff0000;\">G<\/span>OTS<\/strong><\/span><\/p>\n<p>&nbsp;<\/p>\n<p><a href=\"https:\/\/agora.xtec.cat\/escolapauvila\/wp-content\/uploads\/usu1565\/2020\/11\/2.png\">\u00a0 \u00a0 \u00a0 \u00a0 \u00a0 \u00a0 \u00a0 \u00a0 \u00a0 \u00a0 \u00a0 \u00a0 \u00a0 \u00a0 \u00a0 \u00a0 \u00a0 <img loading=\"lazy\" decoding=\"async\" class=\"alignnone wp-image-1811\" src=\"https:\/\/agora.xtec.cat\/escolapauvila\/wp-content\/uploads\/usu1565\/2020\/11\/2-1024x877.png\" alt=\"\" width=\"335\" height=\"287\" srcset=\"https:\/\/agora.xtec.cat\/escolapauvila\/wp-content\/uploads\/usu1565\/2020\/11\/2-1024x877.png 1024w, https:\/\/agora.xtec.cat\/escolapauvila\/wp-content\/uploads\/usu1565\/2020\/11\/2-300x257.png 300w, https:\/\/agora.xtec.cat\/escolapauvila\/wp-content\/uploads\/usu1565\/2020\/11\/2-768x658.png 768w, https:\/\/agora.xtec.cat\/escolapauvila\/wp-content\/uploads\/usu1565\/2020\/11\/2.png 1195w\" sizes=\"auto, (max-width: 335px) 100vw, 335px\" \/><\/a> <a href=\"https:\/\/agora.xtec.cat\/escolapauvila\/wp-content\/uploads\/usu1565\/2020\/11\/Sin-t\u00edtulo.png\"><img loading=\"lazy\" decoding=\"async\" class=\"alignnone wp-image-1810\" src=\"https:\/\/agora.xtec.cat\/escolapauvila\/wp-content\/uploads\/usu1565\/2020\/11\/Sin-t\u00edtulo-1011x1024.png\" alt=\"\" width=\"293\" height=\"296\" srcset=\"https:\/\/agora.xtec.cat\/escolapauvila\/wp-content\/uploads\/usu1565\/2020\/11\/Sin-t\u00edtulo.png 1011w, https:\/\/agora.xtec.cat\/escolapauvila\/wp-content\/uploads\/usu1565\/2020\/11\/Sin-t\u00edtulo-296x300.png 296w, https:\/\/agora.xtec.cat\/escolapauvila\/wp-content\/uploads\/usu1565\/2020\/11\/Sin-t\u00edtulo-768x778.png 768w\" sizes=\"auto, (max-width: 293px) 100vw, 293px\" \/><\/a><\/p>\n<p><a href=\"https:\/\/agora.xtec.cat\/escolapauvila\/wp-content\/uploads\/usu1565\/2020\/11\/3.png\"><img loading=\"lazy\" decoding=\"async\" class=\"wp-image-1812 aligncenter\" src=\"https:\/\/agora.xtec.cat\/escolapauvila\/wp-content\/uploads\/usu1565\/2020\/11\/3-1024x556.png\" alt=\"\" width=\"731\" height=\"397\" srcset=\"https:\/\/agora.xtec.cat\/escolapauvila\/wp-content\/uploads\/usu1565\/2020\/11\/3.png 1024w, https:\/\/agora.xtec.cat\/escolapauvila\/wp-content\/uploads\/usu1565\/2020\/11\/3-300x163.png 300w, https:\/\/agora.xtec.cat\/escolapauvila\/wp-content\/uploads\/usu1565\/2020\/11\/3-768x417.png 768w\" sizes=\"auto, (max-width: 731px) 100vw, 731px\" \/><\/a><\/p>\n<p>AMB ELS <strong><span style=\"font-size: 24px;\"><span style=\"color: #ff0000;\">T<\/span>OVALLONS<\/span><\/strong> VAM FER UN &#8220;<strong><span style=\"font-size: 24px;\"><span style=\"color: #ff0000;\">X<\/span>URRO<\/span><\/strong> &#8221; I VAM PENSAR QU\u00c8 PASSARIA SI EL POSESSIM A DINS ELS <strong><span style=\"font-size: 24px;\"><span style=\"color: #ff0000;\">G<\/span>OTS<\/span><\/strong><\/p>\n<ul>\n<li>ES TRENCAR\u00c0 EL PAPER!<\/li>\n<li>ES FIQUEN ELS DOS COLORS AL PAPER<\/li>\n<li>ES BARREJARAN ELS COLORS<\/li>\n<li>ES FICARAN ELS DOS COLORS A LA VEGADA<\/li>\n<li>ES QUEDAR\u00c0 MULLAT<\/li>\n<li>HO PODEM PROVAR!<\/li>\n<\/ul>\n<p><a href=\"https:\/\/agora.xtec.cat\/escolapauvila\/wp-content\/uploads\/usu1565\/2020\/11\/5.png\"><img loading=\"lazy\" decoding=\"async\" class=\"wp-image-1817 aligncenter\" src=\"https:\/\/agora.xtec.cat\/escolapauvila\/wp-content\/uploads\/usu1565\/2020\/11\/5-1024x394.png\" alt=\"\" width=\"766\" height=\"295\" srcset=\"https:\/\/agora.xtec.cat\/escolapauvila\/wp-content\/uploads\/usu1565\/2020\/11\/5-1024x394.png 1024w, https:\/\/agora.xtec.cat\/escolapauvila\/wp-content\/uploads\/usu1565\/2020\/11\/5-300x115.png 300w, https:\/\/agora.xtec.cat\/escolapauvila\/wp-content\/uploads\/usu1565\/2020\/11\/5-768x295.png 768w, https:\/\/agora.xtec.cat\/escolapauvila\/wp-content\/uploads\/usu1565\/2020\/11\/5.png 1025w\" sizes=\"auto, (max-width: 766px) 100vw, 766px\" \/><\/a><\/p>\n<p>AMB MOLTA EMOCI\u00d3 VAM ESPERAR A VEURE QU\u00c8 PASSAVA&#8230;<\/p>\n<p><a href=\"https:\/\/agora.xtec.cat\/escolapauvila\/wp-content\/uploads\/usu1565\/2020\/11\/6.png\"><img loading=\"lazy\" decoding=\"async\" class=\"wp-image-1818 aligncenter\" src=\"https:\/\/agora.xtec.cat\/escolapauvila\/wp-content\/uploads\/usu1565\/2020\/11\/6.png\" alt=\"\" width=\"301\" height=\"148\" srcset=\"https:\/\/agora.xtec.cat\/escolapauvila\/wp-content\/uploads\/usu1565\/2020\/11\/6.png 535w, https:\/\/agora.xtec.cat\/escolapauvila\/wp-content\/uploads\/usu1565\/2020\/11\/6-300x147.png 300w\" sizes=\"auto, (max-width: 301px) 100vw, 301px\" \/><\/a><\/p>\n<p><a href=\"https:\/\/agora.xtec.cat\/escolapauvila\/wp-content\/uploads\/usu1565\/2020\/11\/AHME5589.jpg\"><img loading=\"lazy\" decoding=\"async\" class=\"wp-image-1819 aligncenter\" src=\"https:\/\/agora.xtec.cat\/escolapauvila\/wp-content\/uploads\/usu1565\/2020\/11\/AHME5589-1024x768.jpg\" alt=\"\" width=\"640\" height=\"480\" srcset=\"https:\/\/agora.xtec.cat\/escolapauvila\/wp-content\/uploads\/usu1565\/2020\/11\/AHME5589.jpg 1024w, https:\/\/agora.xtec.cat\/escolapauvila\/wp-content\/uploads\/usu1565\/2020\/11\/AHME5589-300x225.jpg 300w, https:\/\/agora.xtec.cat\/escolapauvila\/wp-content\/uploads\/usu1565\/2020\/11\/AHME5589-768x576.jpg 768w, https:\/\/agora.xtec.cat\/escolapauvila\/wp-content\/uploads\/usu1565\/2020\/11\/AHME5589-200x150.jpg 200w\" sizes=\"auto, (max-width: 640px) 100vw, 640px\" \/><\/a><\/p>\n<p>&nbsp;<\/p>\n<p>I VA COMEN\u00c7AR LA M\u00c0GIA!<\/p>\n<p>TENIEM MOLTES GANES DE TORNAR-HO A PROVAR, AIX\u00cd QUE ENS VAM DISTRIBUIR PER LA CLASSE PER <strong><span style=\"font-size: 24px;\"><span style=\"color: #ff0000;\">P<\/span>ARELLES<\/span><\/strong> I HO VAM TORNAR A FER.<a href=\"https:\/\/agora.xtec.cat\/escolapauvila\/wp-content\/uploads\/usu1565\/2020\/11\/7.png\">\u00a0 \u00a0 \u00a0 \u00a0 <\/a><\/p>\n<p><a href=\"https:\/\/agora.xtec.cat\/escolapauvila\/wp-content\/uploads\/usu1565\/2020\/11\/7.png\">\u00a0 \u00a0 <img loading=\"lazy\" decoding=\"async\" class=\"alignnone wp-image-1821\" src=\"https:\/\/agora.xtec.cat\/escolapauvila\/wp-content\/uploads\/usu1565\/2020\/11\/7.png\" alt=\"\" width=\"384\" height=\"312\" srcset=\"https:\/\/agora.xtec.cat\/escolapauvila\/wp-content\/uploads\/usu1565\/2020\/11\/7.png 898w, https:\/\/agora.xtec.cat\/escolapauvila\/wp-content\/uploads\/usu1565\/2020\/11\/7-300x244.png 300w, https:\/\/agora.xtec.cat\/escolapauvila\/wp-content\/uploads\/usu1565\/2020\/11\/7-768x624.png 768w\" sizes=\"auto, (max-width: 384px) 100vw, 384px\" \/><\/a> <a href=\"https:\/\/agora.xtec.cat\/escolapauvila\/wp-content\/uploads\/usu1565\/2020\/11\/9.jpg\"><img loading=\"lazy\" decoding=\"async\" class=\"alignnone wp-image-1822\" src=\"https:\/\/agora.xtec.cat\/escolapauvila\/wp-content\/uploads\/usu1565\/2020\/11\/9-1024x768.jpg\" alt=\"\" width=\"421\" height=\"316\" srcset=\"https:\/\/agora.xtec.cat\/escolapauvila\/wp-content\/uploads\/usu1565\/2020\/11\/9.jpg 1024w, https:\/\/agora.xtec.cat\/escolapauvila\/wp-content\/uploads\/usu1565\/2020\/11\/9-300x225.jpg 300w, https:\/\/agora.xtec.cat\/escolapauvila\/wp-content\/uploads\/usu1565\/2020\/11\/9-768x576.jpg 768w, https:\/\/agora.xtec.cat\/escolapauvila\/wp-content\/uploads\/usu1565\/2020\/11\/9-200x150.jpg 200w\" sizes=\"auto, (max-width: 421px) 100vw, 421px\" \/><\/a> <a href=\"https:\/\/agora.xtec.cat\/escolapauvila\/wp-content\/uploads\/usu1565\/2020\/11\/10.jpg\">\u00a0 <\/a><\/p>\n<p><a href=\"https:\/\/agora.xtec.cat\/escolapauvila\/wp-content\/uploads\/usu1565\/2020\/11\/10.jpg\">\u00a0 \u00a0 \u00a0 \u00a0 <img loading=\"lazy\" decoding=\"async\" class=\"alignnone wp-image-1823\" src=\"https:\/\/agora.xtec.cat\/escolapauvila\/wp-content\/uploads\/usu1565\/2020\/11\/10-1024x768.jpg\" alt=\"\" width=\"378\" height=\"284\" srcset=\"https:\/\/agora.xtec.cat\/escolapauvila\/wp-content\/uploads\/usu1565\/2020\/11\/10.jpg 1024w, https:\/\/agora.xtec.cat\/escolapauvila\/wp-content\/uploads\/usu1565\/2020\/11\/10-300x225.jpg 300w, https:\/\/agora.xtec.cat\/escolapauvila\/wp-content\/uploads\/usu1565\/2020\/11\/10-768x576.jpg 768w, https:\/\/agora.xtec.cat\/escolapauvila\/wp-content\/uploads\/usu1565\/2020\/11\/10-200x150.jpg 200w\" sizes=\"auto, (max-width: 378px) 100vw, 378px\" \/><\/a> <a href=\"https:\/\/agora.xtec.cat\/escolapauvila\/wp-content\/uploads\/usu1565\/2020\/11\/11.jpg\"><img loading=\"lazy\" decoding=\"async\" class=\"alignnone wp-image-1824\" src=\"https:\/\/agora.xtec.cat\/escolapauvila\/wp-content\/uploads\/usu1565\/2020\/11\/11-1024x768.jpg\" alt=\"\" width=\"379\" height=\"285\" srcset=\"https:\/\/agora.xtec.cat\/escolapauvila\/wp-content\/uploads\/usu1565\/2020\/11\/11-1024x768.jpg 1024w, https:\/\/agora.xtec.cat\/escolapauvila\/wp-content\/uploads\/usu1565\/2020\/11\/11-300x225.jpg 300w, https:\/\/agora.xtec.cat\/escolapauvila\/wp-content\/uploads\/usu1565\/2020\/11\/11-768x576.jpg 768w, https:\/\/agora.xtec.cat\/escolapauvila\/wp-content\/uploads\/usu1565\/2020\/11\/11-200x150.jpg 200w, https:\/\/agora.xtec.cat\/escolapauvila\/wp-content\/uploads\/usu1565\/2020\/11\/11.jpg 1365w\" sizes=\"auto, (max-width: 379px) 100vw, 379px\" \/><\/a><\/p>\n<p>VAN PASSAR V\u00c0RIES COSES, DES DE BARREGES DE COLORS FINS A COLORS QUE ES TOCAVEN A LA PART ALTA DEL PAPER&#8230; PREGUNTEU ALS VOSTRES PETITS EXPERIMENTADORS COM ELS HI VA ANAR!!<\/p>\n<p>PER FINALITZAR, VAM FER UN RELAT MITJAN\u00c7ANT UNA SEQ\u00dc\u00c8NCIA EN PAPER ENDRE\u00c7ANT IMATGES D&#8217;AQUEST MOMENT. D&#8217;AQUESTA MANERA ENDRE\u00c7EM EL NOSTRE PENSAMENT I MILLOREM AMB EL LLENGUATGE ORAL<\/p>\n<p>SI FEU CLICK A LA SEG\u00dcENT IMATGE PODREU VEURE I DESCARREGAR TOTES LES IMATGES D&#8217;AQUEST <span style=\"font-size: 24px;\"><strong><span style=\"color: #ff0000;\">E<\/span>XPERIMENT.<\/strong><\/span><\/p>\n<p><a href=\"https:\/\/photos.app.goo.gl\/J7PMW2L87wGiySas8\"><img loading=\"lazy\" decoding=\"async\" class=\"wp-image-1815 aligncenter\" src=\"https:\/\/agora.xtec.cat\/escolapauvila\/wp-content\/uploads\/usu1565\/2020\/11\/4.png\" alt=\"\" width=\"654\" height=\"380\" srcset=\"https:\/\/agora.xtec.cat\/escolapauvila\/wp-content\/uploads\/usu1565\/2020\/11\/4.png 1019w, https:\/\/agora.xtec.cat\/escolapauvila\/wp-content\/uploads\/usu1565\/2020\/11\/4-300x174.png 300w, https:\/\/agora.xtec.cat\/escolapauvila\/wp-content\/uploads\/usu1565\/2020\/11\/4-768x446.png 768w\" sizes=\"auto, (max-width: 654px) 100vw, 654px\" \/><\/a><\/p>\n<p>FINS AVIAT FAM\u00cdLIES!<\/p>\n","protected":false},"excerpt":{"rendered":"<p>A LA CLASSE DEL MAR VAM COMEN\u00c7AR OBSERVANT TOTS ELS MATERIALS QUE TENIEM I PENSAT QU\u00c8 PODRIEM FER AMB ELLS:<br \/>\n<a href=\"https:\/\/agora.xtec.cat\/escolapauvila\/wp-content\/uploads\/usu1565\/2020\/11\/GRYD5530.jpg\"><\/a><\/p>\n<ul>\n<li style=\"text-align: justify;\">PODRIEM FER COLORS NOUS!<\/li>\n<li style=\"text-align: justify;\">AGAFO EL GROC I EL VERMELL I FAIG EL COLOR VERMELL!<\/li>\n<li style=\"text-align: justify;\">BARREGEM DOS COLORS I AIX\u00cd TINDREM&hellip;  <a href=\"https:\/\/agora.xtec.cat\/escolapauvila\/petits\/a-la-classe-del-mar-experimentem-amb-colors\/\" title=\"Read A LA CLASSE DEL MAR EXPERIMENTEM AMB COLORS\">Llegeix m\u00e9s\u00bb<\/a><br \/>\n","protected":false},"author":1,"featured_media":1812,"comment_status":"open","ping_status":"closed","sticky":false,"template":"","format":"standard","meta":{"_bbp_topic_count":0,"_bbp_reply_count":0,"_bbp_total_topic_count":0,"_bbp_total_reply_count":0,"_bbp_voice_count":0,"_bbp_anonymous_reply_count":0,"_bbp_topic_count_hidden":0,"_bbp_reply_count_hidden":0,"_bbp_forum_subforum_count":0,"footnotes":""},"categories":[2,9],"tags":[105,72,110,108],"class_list":["post-1804","post","type-post","status-publish","format-standard","has-post-thumbnail","hentry","category-petits","category-ei5","tag-ei5a20-21","tag-experiments","tag-la-classe-del-mar","tag-nascuts2015"],"post_mailing_queue_ids":[],"_links":{"self":[{"href":"https:\/\/agora.xtec.cat\/escolapauvila\/wp-json\/wp\/v2\/posts\/1804","targetHints":{"allow":["GET"]}}],"collection":[{"href":"https:\/\/agora.xtec.cat\/escolapauvila\/wp-json\/wp\/v2\/posts"}],"about":[{"href":"https:\/\/agora.xtec.cat\/escolapauvila\/wp-json\/wp\/v2\/types\/post"}],"author":[{"embeddable":true,"href":"https:\/\/agora.xtec.cat\/escolapauvila\/wp-json\/wp\/v2\/users\/1"}],"replies":[{"embeddable":true,"href":"https:\/\/agora.xtec.cat\/escolapauvila\/wp-json\/wp\/v2\/comments?post=1804"}],"version-history":[{"count":4,"href":"https:\/\/agora.xtec.cat\/escolapauvila\/wp-json\/wp\/v2\/posts\/1804\/revisions"}],"predecessor-version":[{"id":1992,"href":"https:\/\/agora.xtec.cat\/escolapauvila\/wp-json\/wp\/v2\/posts\/1804\/revisions\/1992"}],"wp:featuredmedia":[{"embeddable":true,"href":"https:\/\/agora.xtec.cat\/escolapauvila\/wp-json\/wp\/v2\/media\/1812"}],"wp:attachment":[{"href":"https:\/\/agora.xtec.cat\/escolapauvila\/wp-json\/wp\/v2\/media?parent=1804"}],"wp:term":[{"taxonomy":"category","embeddable":true,"href":"https:\/\/agora.xtec.cat\/escolapauvila\/wp-json\/wp\/v2\/categories?post=1804"},{"taxonomy":"post_tag","embeddable":true,"href":"https:\/\/agora.xtec.cat\/escolapauvila\/wp-json\/wp\/v2\/tags?post=1804"}],"curies":[{"name":"wp","href":"https:\/\/api.w.org\/{rel}","templated":true}]}}