{"id":1770,"date":"2020-11-09T20:43:19","date_gmt":"2020-11-09T19:43:19","guid":{"rendered":"https:\/\/agora.xtec.cat\/escolapauvila\/?p=1770"},"modified":"2020-12-20T11:42:38","modified_gmt":"2020-12-20T10:42:38","slug":"la-classe-de-les-princeses-i-els-princeps-experimentem-amb-els-colors-comunicants","status":"publish","type":"post","link":"https:\/\/agora.xtec.cat\/escolapauvila\/general\/la-classe-de-les-princeses-i-els-princeps-experimentem-amb-els-colors-comunicants\/","title":{"rendered":"LA CLASSE DE LES PRINCESES I ELS PR\u00cdNCEPS EXPERIMENTEM AMB ELS COLORS COMUNICANTS"},"content":{"rendered":"<p style=\"text-align: justify;\">LES <span style=\"font-size: 24px;\"><strong><span style=\"color: #ff0000;\">P<\/span>RINCESES<\/strong><\/span> I ELS <strong><span style=\"font-size: 24px;\"><span style=\"color: #ff0000;\">P<\/span>R\u00cdNCEPS<\/span><\/strong> HEM GAUDIT D&#8217;ALL\u00d2 M\u00c9S AMB AQUEST EXPERIMENT!!!<\/p>\n<p>PER COMEN\u00c7AR-LO A L&#8217;ASSEMBLEA VAM POSAR NOM ALS MATERIALS I ESTRIS QUE TEN\u00cdEM.<\/p>\n<p><a href=\"https:\/\/agora.xtec.cat\/escolapauvila\/wp-content\/uploads\/usu1565\/2020\/11\/IMG_3018-3.jpeg\"><img loading=\"lazy\" decoding=\"async\" class=\"wp-image-1795 alignleft\" src=\"https:\/\/agora.xtec.cat\/escolapauvila\/wp-content\/uploads\/usu1565\/2020\/11\/IMG_3018-3-1024x768.jpeg\" alt=\"\" width=\"400\" height=\"300\" srcset=\"https:\/\/agora.xtec.cat\/escolapauvila\/wp-content\/uploads\/usu1565\/2020\/11\/IMG_3018-3-1024x768.jpeg 1024w, https:\/\/agora.xtec.cat\/escolapauvila\/wp-content\/uploads\/usu1565\/2020\/11\/IMG_3018-3-300x225.jpeg 300w, https:\/\/agora.xtec.cat\/escolapauvila\/wp-content\/uploads\/usu1565\/2020\/11\/IMG_3018-3-768x576.jpeg 768w, https:\/\/agora.xtec.cat\/escolapauvila\/wp-content\/uploads\/usu1565\/2020\/11\/IMG_3018-3-200x150.jpeg 200w\" sizes=\"auto, (max-width: 400px) 100vw, 400px\" \/><\/a><\/p>\n<p><a href=\"https:\/\/agora.xtec.cat\/escolapauvila\/wp-content\/uploads\/usu1565\/2020\/11\/IMG_6841.jpeg\"><img loading=\"lazy\" decoding=\"async\" class=\"wp-image-1784 alignright\" src=\"https:\/\/agora.xtec.cat\/escolapauvila\/wp-content\/uploads\/usu1565\/2020\/11\/IMG_6841-1024x768.jpeg\" alt=\"\" width=\"250\" height=\"187\" srcset=\"https:\/\/agora.xtec.cat\/escolapauvila\/wp-content\/uploads\/usu1565\/2020\/11\/IMG_6841-1024x768.jpeg 1024w, https:\/\/agora.xtec.cat\/escolapauvila\/wp-content\/uploads\/usu1565\/2020\/11\/IMG_6841-300x225.jpeg 300w, https:\/\/agora.xtec.cat\/escolapauvila\/wp-content\/uploads\/usu1565\/2020\/11\/IMG_6841-768x576.jpeg 768w, https:\/\/agora.xtec.cat\/escolapauvila\/wp-content\/uploads\/usu1565\/2020\/11\/IMG_6841-200x150.jpeg 200w\" sizes=\"auto, (max-width: 250px) 100vw, 250px\" \/><\/a><\/p>\n<p>&nbsp;<\/p>\n<p>&nbsp;<\/p>\n<p>&nbsp;<\/p>\n<p>&nbsp;<\/p>\n<p>&nbsp;<\/p>\n<p><span style=\"font-size: 20px;\"><strong><span style=\"color: #ff0000;\">G<\/span>OTS, <span style=\"color: #ff0000;\">P<\/span>INTURA, <span style=\"color: #ff0000;\">C<\/span>OLORANT, <span style=\"color: #ff0000;\">T<\/span>OVALLONS, <\/strong><\/span><span style=\"font-size: 20px;\"><strong><span style=\"color: #ff0000;\">C<\/span>ULLERES I <span style=\"color: #ff0000;\">S<\/span>ETRILLERES.<\/strong><\/span><\/p>\n<p>TOT SEGUIT VAM COMEN\u00c7AR A EXPERIMENTAR, L&#8217;<strong><span style=\"font-size: 24px;\"><span style=\"color: #ff0000;\">A<\/span>INA<\/span><\/strong> ENS VA EXPLICAR QUE ELLA HAVIA FET AQUEST EXPERIMENT A CASA, I ENTRE ELS QUE TOTS I TOTES PENS\u00c0VEM I LA SEVA EXPERI\u00c8NCIA VAM ANAR DESENVOLUPANT L&#8217;EXPERIMENT.<\/p>\n<p>PRIMER VAM POSAR <strong><span style=\"font-size: 24px;\"><span style=\"color: #ff0000;\">A<\/span>IGUA<\/span><\/strong> ALS GOTS AMB UNA SETRILLERA, ALGUNS NENS I NENES VAN DIR DE SEGUIDA QUE NORMALMENT A LES SETRILLERES HI HA OLI.<\/p>\n<p><a href=\"https:\/\/agora.xtec.cat\/escolapauvila\/wp-content\/uploads\/usu1565\/2020\/11\/IMG_5521.jpeg\"><img loading=\"lazy\" decoding=\"async\" class=\"wp-image-1780 aligncenter\" src=\"https:\/\/agora.xtec.cat\/escolapauvila\/wp-content\/uploads\/usu1565\/2020\/11\/IMG_5521-1024x768.jpeg\" alt=\"\" width=\"261\" height=\"196\" srcset=\"https:\/\/agora.xtec.cat\/escolapauvila\/wp-content\/uploads\/usu1565\/2020\/11\/IMG_5521-1024x768.jpeg 1024w, https:\/\/agora.xtec.cat\/escolapauvila\/wp-content\/uploads\/usu1565\/2020\/11\/IMG_5521-300x225.jpeg 300w, https:\/\/agora.xtec.cat\/escolapauvila\/wp-content\/uploads\/usu1565\/2020\/11\/IMG_5521-768x576.jpeg 768w, https:\/\/agora.xtec.cat\/escolapauvila\/wp-content\/uploads\/usu1565\/2020\/11\/IMG_5521-200x150.jpeg 200w\" sizes=\"auto, (max-width: 261px) 100vw, 261px\" \/><\/a><\/p>\n<p>TOT SEGUIT TEN\u00cdEM MOLTES GANES DE POSAR <strong><span style=\"font-size: 24px;\"><span style=\"color: #ff0000;\">P<\/span>INTURA<\/span><\/strong> O <strong><span style=\"font-size: 24px;\"><span style=\"color: #ff0000;\">C<\/span>OLORANT<\/span><\/strong> ALS GOTS D&#8217;AIGUA. AIX\u00cd HO VAM FER, I ENS VAM ADONAR QUE EL COLORANT ES DISSOLIA MOLT R\u00c0PIDAMENT AMB L&#8217;AIGUA, EN CANVI LA PINTURA CALIA QUE LA BARREG\u00c9SSIM NOSALTRES AMB UNA CULLERA.<\/p>\n<p><a href=\"https:\/\/agora.xtec.cat\/escolapauvila\/wp-content\/uploads\/usu1565\/2020\/11\/IMG_6813.jpeg\"><img loading=\"lazy\" decoding=\"async\" class=\"alignright wp-image-1783\" src=\"https:\/\/agora.xtec.cat\/escolapauvila\/wp-content\/uploads\/usu1565\/2020\/11\/IMG_6813-1024x769.jpeg\" alt=\"\" width=\"314\" height=\"236\" srcset=\"https:\/\/agora.xtec.cat\/escolapauvila\/wp-content\/uploads\/usu1565\/2020\/11\/IMG_6813-1024x769.jpeg 1024w, https:\/\/agora.xtec.cat\/escolapauvila\/wp-content\/uploads\/usu1565\/2020\/11\/IMG_6813-300x225.jpeg 300w, https:\/\/agora.xtec.cat\/escolapauvila\/wp-content\/uploads\/usu1565\/2020\/11\/IMG_6813-768x576.jpeg 768w, https:\/\/agora.xtec.cat\/escolapauvila\/wp-content\/uploads\/usu1565\/2020\/11\/IMG_6813-200x150.jpeg 200w\" sizes=\"auto, (max-width: 314px) 100vw, 314px\" \/><\/a> <a href=\"https:\/\/agora.xtec.cat\/escolapauvila\/wp-content\/uploads\/usu1565\/2020\/11\/IMG_5114.jpeg\"><img loading=\"lazy\" decoding=\"async\" class=\"wp-image-1779 alignleft\" src=\"https:\/\/agora.xtec.cat\/escolapauvila\/wp-content\/uploads\/usu1565\/2020\/11\/IMG_5114-1024x768.jpeg\" alt=\"\" width=\"314\" height=\"236\" srcset=\"https:\/\/agora.xtec.cat\/escolapauvila\/wp-content\/uploads\/usu1565\/2020\/11\/IMG_5114-1024x768.jpeg 1024w, https:\/\/agora.xtec.cat\/escolapauvila\/wp-content\/uploads\/usu1565\/2020\/11\/IMG_5114-300x225.jpeg 300w, https:\/\/agora.xtec.cat\/escolapauvila\/wp-content\/uploads\/usu1565\/2020\/11\/IMG_5114-768x576.jpeg 768w, https:\/\/agora.xtec.cat\/escolapauvila\/wp-content\/uploads\/usu1565\/2020\/11\/IMG_5114-200x150.jpeg 200w\" sizes=\"auto, (max-width: 314px) 100vw, 314px\" \/><\/a><\/p>\n<p>&nbsp;<\/p>\n<p>&nbsp;<\/p>\n<p>&nbsp;<\/p>\n<p>&nbsp;<\/p>\n<p>&nbsp;<\/p>\n<p>&nbsp;<\/p>\n<p>&nbsp;<\/p>\n<p><a href=\"https:\/\/agora.xtec.cat\/escolapauvila\/wp-content\/uploads\/usu1565\/2020\/11\/IMG_3172.jpeg\"><img loading=\"lazy\" decoding=\"async\" class=\"wp-image-1777 alignleft\" src=\"https:\/\/agora.xtec.cat\/escolapauvila\/wp-content\/uploads\/usu1565\/2020\/11\/IMG_3172-1024x768.jpeg\" alt=\"\" width=\"316\" height=\"237\" srcset=\"https:\/\/agora.xtec.cat\/escolapauvila\/wp-content\/uploads\/usu1565\/2020\/11\/IMG_3172-1024x768.jpeg 1024w, https:\/\/agora.xtec.cat\/escolapauvila\/wp-content\/uploads\/usu1565\/2020\/11\/IMG_3172-300x225.jpeg 300w, https:\/\/agora.xtec.cat\/escolapauvila\/wp-content\/uploads\/usu1565\/2020\/11\/IMG_3172-768x576.jpeg 768w, https:\/\/agora.xtec.cat\/escolapauvila\/wp-content\/uploads\/usu1565\/2020\/11\/IMG_3172-200x150.jpeg 200w\" sizes=\"auto, (max-width: 316px) 100vw, 316px\" \/><\/a><a href=\"https:\/\/agora.xtec.cat\/escolapauvila\/wp-content\/uploads\/usu1565\/2020\/11\/IMG_9954.jpeg\"><img loading=\"lazy\" decoding=\"async\" class=\"alignright wp-image-1790\" src=\"https:\/\/agora.xtec.cat\/escolapauvila\/wp-content\/uploads\/usu1565\/2020\/11\/IMG_9954-1024x768.jpeg\" alt=\"\" width=\"314\" height=\"236\" srcset=\"https:\/\/agora.xtec.cat\/escolapauvila\/wp-content\/uploads\/usu1565\/2020\/11\/IMG_9954-1024x768.jpeg 1024w, https:\/\/agora.xtec.cat\/escolapauvila\/wp-content\/uploads\/usu1565\/2020\/11\/IMG_9954-300x225.jpeg 300w, https:\/\/agora.xtec.cat\/escolapauvila\/wp-content\/uploads\/usu1565\/2020\/11\/IMG_9954-768x576.jpeg 768w, https:\/\/agora.xtec.cat\/escolapauvila\/wp-content\/uploads\/usu1565\/2020\/11\/IMG_9954-200x150.jpeg 200w\" sizes=\"auto, (max-width: 314px) 100vw, 314px\" \/><\/a><\/p>\n<p>&nbsp;<\/p>\n<p>&nbsp;<\/p>\n<p>&nbsp;<\/p>\n<p>&nbsp;<\/p>\n<p>&nbsp;<\/p>\n<p>&nbsp;<\/p>\n<p>VAM FER UN &#8220;XURRO&#8221; AMB UN <strong><span style=\"font-size: 24px;\"><span style=\"color: #ff0000;\">T<\/span>OVALL\u00d3,<\/span><\/strong> I\u00a0 VAM POSAR CADA EXTREM DEL <strong><span style=\"font-size: 24px;\">&#8220;<span style=\"color: #ff0000;\">X<\/span>URRO&#8221;<\/span><\/strong> EN UN GOT. ABANS DE FER-HO VAM FORMULAR HIP\u00d2TESIS SOBRE QUE CREIEM QUE PASSARIA:<\/p>\n<p><span style=\"font-size: 24px;\"><strong><span style=\"color: #ff0000;\">F<\/span>ORMULEM <span style=\"color: #ff0000;\">H<\/span>IP\u00d2TESIS<\/strong><\/span><\/p>\n<ul>\n<li><em><span style=\"font-family: 'comic sans ms', sans-serif;\">EL XURRO XUCLAR\u00c0 LA PINTURA.<\/span><\/em><\/li>\n<li><em><span style=\"font-family: 'comic sans ms', sans-serif;\">ELS COLORS XOCARAN.<\/span><\/em><\/li>\n<li><em><span style=\"font-family: 'comic sans ms', sans-serif;\">ELS COLORS ES BARREJARAN.<\/span><\/em><\/li>\n<\/ul>\n<p><a href=\"https:\/\/agora.xtec.cat\/escolapauvila\/wp-content\/uploads\/usu1565\/2020\/11\/IMG_6639.jpeg\"><img loading=\"lazy\" decoding=\"async\" class=\"alignright wp-image-1782\" src=\"https:\/\/agora.xtec.cat\/escolapauvila\/wp-content\/uploads\/usu1565\/2020\/11\/IMG_6639-1024x768.jpeg\" alt=\"\" width=\"316\" height=\"237\" srcset=\"https:\/\/agora.xtec.cat\/escolapauvila\/wp-content\/uploads\/usu1565\/2020\/11\/IMG_6639-1024x768.jpeg 1024w, https:\/\/agora.xtec.cat\/escolapauvila\/wp-content\/uploads\/usu1565\/2020\/11\/IMG_6639-300x225.jpeg 300w, https:\/\/agora.xtec.cat\/escolapauvila\/wp-content\/uploads\/usu1565\/2020\/11\/IMG_6639-768x576.jpeg 768w, https:\/\/agora.xtec.cat\/escolapauvila\/wp-content\/uploads\/usu1565\/2020\/11\/IMG_6639-200x150.jpeg 200w\" sizes=\"auto, (max-width: 316px) 100vw, 316px\" \/><\/a><a href=\"https:\/\/agora.xtec.cat\/escolapauvila\/wp-content\/uploads\/usu1565\/2020\/11\/IMG_2128.jpeg\"><img loading=\"lazy\" decoding=\"async\" class=\"wp-image-1775 alignleft\" src=\"https:\/\/agora.xtec.cat\/escolapauvila\/wp-content\/uploads\/usu1565\/2020\/11\/IMG_2128-1024x768.jpeg\" alt=\"\" width=\"318\" height=\"239\" srcset=\"https:\/\/agora.xtec.cat\/escolapauvila\/wp-content\/uploads\/usu1565\/2020\/11\/IMG_2128-1024x768.jpeg 1024w, https:\/\/agora.xtec.cat\/escolapauvila\/wp-content\/uploads\/usu1565\/2020\/11\/IMG_2128-300x225.jpeg 300w, https:\/\/agora.xtec.cat\/escolapauvila\/wp-content\/uploads\/usu1565\/2020\/11\/IMG_2128-768x576.jpeg 768w, https:\/\/agora.xtec.cat\/escolapauvila\/wp-content\/uploads\/usu1565\/2020\/11\/IMG_2128-200x150.jpeg 200w\" sizes=\"auto, (max-width: 318px) 100vw, 318px\" \/><\/a><\/p>\n<p>&nbsp;<\/p>\n<p>&nbsp;<\/p>\n<p>&nbsp;<\/p>\n<p>&nbsp;<\/p>\n<p>&nbsp;<\/p>\n<p>&nbsp;<\/p>\n<p>UN COP HAV\u00cdEM FET EL DARRER PAS DE L&#8217;EXPERIMENT, ENTRE TOTS I TOTES VAM COMPROVAR LES NOSTRES HIP\u00d2TESIS.<\/p>\n<ul>\n<li><em><span style=\"font-family: 'comic sans ms', sans-serif;\">EST\u00c0 PUJANT.<\/span><\/em><\/li>\n<li><em><span style=\"font-family: 'comic sans ms', sans-serif;\">EL VERMELL I EL BLAU.<\/span><\/em><\/li>\n<li><em><span style=\"font-family: 'comic sans ms', sans-serif;\">EST\u00c0 PUJANT M\u00c9S EL COLOR BLAU.<\/span><\/em><\/li>\n<li><em><span style=\"font-family: 'comic sans ms', sans-serif; font-size: 1em;\">SI PUGEN EL BLAU ES POSAR\u00c0 AL LLOC DEL VERMELL, I EL VERMELL AL BLAU.<\/span><\/em><\/li>\n<li><em><span style=\"font-family: 'comic sans ms', sans-serif; font-size: 1em;\">I XOCARAN.<\/span><\/em><\/li>\n<li><em><span style=\"font-family: 'comic sans ms', sans-serif; font-size: 1em;\">I ES POSARAN UN SOBRE DE L&#8217;ALTRA, PER\u00d2 NO PODEN PERQU\u00c8 QUAN XOQUEN JA NO PASSARAN.<\/span><\/em><\/li>\n<\/ul>\n<p>ARRIBATS AQUEST PUNT FORMULEM DOS <span style=\"font-size: 24px;\"><strong><span style=\"color: #ff0000;\">H<\/span>IP\u00d2TESIS <span style=\"color: #ff0000;\">N<\/span>OVES<\/strong><\/span>:<\/p>\n<ul>\n<li>PER UNA BANDA ALGUNS NENS I NENES CREUEN QUE ELS COLORS ARRIBAR\u00c0 UN PUNT QUE XOCARAN I NO PODRAN PASSAR A L&#8217;ALTRE GOT.<\/li>\n<li>EN CANVI ALTRES PENSEN QUE PASSARAN UN PER SOBRE DE L&#8217;ALTRA I QUE ELS COLORS ES BARREJARAN.<\/li>\n<\/ul>\n<p>TENIM MOLTES GANES DE MANIPULAR, AIX\u00cd QUE REPETIM L&#8217;EXPERIMENT EN PETITS GRUPS.<\/p>\n<p><a href=\"https:\/\/agora.xtec.cat\/escolapauvila\/wp-content\/uploads\/usu1565\/2020\/11\/IMG_9933-1.jpeg\"><img loading=\"lazy\" decoding=\"async\" class=\"wp-image-1796 alignleft\" src=\"https:\/\/agora.xtec.cat\/escolapauvila\/wp-content\/uploads\/usu1565\/2020\/11\/IMG_9933-1-1024x768.jpeg\" alt=\"\" width=\"380\" height=\"285\" srcset=\"https:\/\/agora.xtec.cat\/escolapauvila\/wp-content\/uploads\/usu1565\/2020\/11\/IMG_9933-1-1024x768.jpeg 1024w, https:\/\/agora.xtec.cat\/escolapauvila\/wp-content\/uploads\/usu1565\/2020\/11\/IMG_9933-1-300x225.jpeg 300w, https:\/\/agora.xtec.cat\/escolapauvila\/wp-content\/uploads\/usu1565\/2020\/11\/IMG_9933-1-768x576.jpeg 768w, https:\/\/agora.xtec.cat\/escolapauvila\/wp-content\/uploads\/usu1565\/2020\/11\/IMG_9933-1-200x150.jpeg 200w\" sizes=\"auto, (max-width: 380px) 100vw, 380px\" \/><\/a><\/p>\n<p>&nbsp;<\/p>\n<p>&nbsp;<\/p>\n<p>&nbsp;<\/p>\n<p>&nbsp;<\/p>\n<p><a href=\"https:\/\/agora.xtec.cat\/escolapauvila\/wp-content\/uploads\/usu1565\/2020\/11\/IMG_9921-1.jpeg\"><img loading=\"lazy\" decoding=\"async\" class=\"wp-image-1794 alignright\" src=\"https:\/\/agora.xtec.cat\/escolapauvila\/wp-content\/uploads\/usu1565\/2020\/11\/IMG_9921-1-1024x768.jpeg\" alt=\"\" width=\"352\" height=\"264\" srcset=\"https:\/\/agora.xtec.cat\/escolapauvila\/wp-content\/uploads\/usu1565\/2020\/11\/IMG_9921-1-1024x768.jpeg 1024w, https:\/\/agora.xtec.cat\/escolapauvila\/wp-content\/uploads\/usu1565\/2020\/11\/IMG_9921-1-300x225.jpeg 300w, https:\/\/agora.xtec.cat\/escolapauvila\/wp-content\/uploads\/usu1565\/2020\/11\/IMG_9921-1-768x576.jpeg 768w, https:\/\/agora.xtec.cat\/escolapauvila\/wp-content\/uploads\/usu1565\/2020\/11\/IMG_9921-1-200x150.jpeg 200w\" sizes=\"auto, (max-width: 352px) 100vw, 352px\" \/><\/a><\/p>\n<p>&nbsp;<\/p>\n<p>&nbsp;<\/p>\n<p>&nbsp;<\/p>\n<p>&nbsp;<\/p>\n<p>&nbsp;<\/p>\n<p>&nbsp;<\/p>\n<p><a href=\"https:\/\/agora.xtec.cat\/escolapauvila\/wp-content\/uploads\/usu1565\/2020\/11\/IMG_9969.jpeg\"><img loading=\"lazy\" decoding=\"async\" class=\" wp-image-1791 alignleft\" src=\"https:\/\/agora.xtec.cat\/escolapauvila\/wp-content\/uploads\/usu1565\/2020\/11\/IMG_9969-1024x768.jpeg\" alt=\"\" width=\"377\" height=\"283\" srcset=\"https:\/\/agora.xtec.cat\/escolapauvila\/wp-content\/uploads\/usu1565\/2020\/11\/IMG_9969-1024x768.jpeg 1024w, https:\/\/agora.xtec.cat\/escolapauvila\/wp-content\/uploads\/usu1565\/2020\/11\/IMG_9969-300x225.jpeg 300w, https:\/\/agora.xtec.cat\/escolapauvila\/wp-content\/uploads\/usu1565\/2020\/11\/IMG_9969-768x576.jpeg 768w, https:\/\/agora.xtec.cat\/escolapauvila\/wp-content\/uploads\/usu1565\/2020\/11\/IMG_9969-200x150.jpeg 200w\" sizes=\"auto, (max-width: 377px) 100vw, 377px\" \/><\/a><\/p>\n<p>&nbsp;<\/p>\n<p>&nbsp;<\/p>\n<p>&nbsp;<\/p>\n<p>&nbsp;<\/p>\n<p>&nbsp;<\/p>\n<p>&nbsp;<\/p>\n<p>&nbsp;<\/p>\n<p style=\"text-align: right;\"><a href=\"https:\/\/agora.xtec.cat\/escolapauvila\/wp-content\/uploads\/usu1565\/2020\/11\/IMG_9953.jpeg\"><img loading=\"lazy\" decoding=\"async\" class=\"alignright wp-image-1789\" src=\"https:\/\/agora.xtec.cat\/escolapauvila\/wp-content\/uploads\/usu1565\/2020\/11\/IMG_9953-1024x768.jpeg\" alt=\"\" width=\"372\" height=\"279\" srcset=\"https:\/\/agora.xtec.cat\/escolapauvila\/wp-content\/uploads\/usu1565\/2020\/11\/IMG_9953-1024x768.jpeg 1024w, https:\/\/agora.xtec.cat\/escolapauvila\/wp-content\/uploads\/usu1565\/2020\/11\/IMG_9953-300x225.jpeg 300w, https:\/\/agora.xtec.cat\/escolapauvila\/wp-content\/uploads\/usu1565\/2020\/11\/IMG_9953-768x576.jpeg 768w, https:\/\/agora.xtec.cat\/escolapauvila\/wp-content\/uploads\/usu1565\/2020\/11\/IMG_9953-200x150.jpeg 200w\" sizes=\"auto, (max-width: 372px) 100vw, 372px\" \/><\/a><\/p>\n<p>&nbsp;<\/p>\n<p>&nbsp;<\/p>\n<p>&nbsp;<\/p>\n<p>&nbsp;<\/p>\n<p>&nbsp;<\/p>\n<p>&nbsp;<\/p>\n<p>&nbsp;<\/p>\n<p><a href=\"https:\/\/agora.xtec.cat\/escolapauvila\/wp-content\/uploads\/usu1565\/2020\/11\/IMG_9940.jpeg\"><img loading=\"lazy\" decoding=\"async\" class=\" wp-image-1787 alignleft\" src=\"https:\/\/agora.xtec.cat\/escolapauvila\/wp-content\/uploads\/usu1565\/2020\/11\/IMG_9940-1024x768.jpeg\" alt=\"\" width=\"382\" height=\"287\" srcset=\"https:\/\/agora.xtec.cat\/escolapauvila\/wp-content\/uploads\/usu1565\/2020\/11\/IMG_9940-1024x768.jpeg 1024w, https:\/\/agora.xtec.cat\/escolapauvila\/wp-content\/uploads\/usu1565\/2020\/11\/IMG_9940-300x225.jpeg 300w, https:\/\/agora.xtec.cat\/escolapauvila\/wp-content\/uploads\/usu1565\/2020\/11\/IMG_9940-768x576.jpeg 768w, https:\/\/agora.xtec.cat\/escolapauvila\/wp-content\/uploads\/usu1565\/2020\/11\/IMG_9940-200x150.jpeg 200w\" sizes=\"auto, (max-width: 382px) 100vw, 382px\" \/><\/a><\/p>\n<p>&nbsp;<\/p>\n<p>&nbsp;<\/p>\n<p>&nbsp;<\/p>\n<p>&nbsp;<\/p>\n<p>&nbsp;<\/p>\n<p>&nbsp;<\/p>\n<p>&nbsp;<\/p>\n<p>&nbsp;<\/p>\n<p>&nbsp;<\/p>\n<p>DECIDIM QUE CAL ESPERAR, NECESSITEM QUE PASSI UNA MICA DE TEMPS PER OBSERVAR SI HI HA CANVIS EN ELS NOSTRES EXPERIMENTS. AIX\u00cd QUE L&#8217;ENDEM\u00c0 ENS TORNEM A TROBAR A L&#8217;ASSEMBLEA I COMPROVEM LES NOSTRES DUES HIP\u00d2TESIS.<\/p>\n<p><a href=\"https:\/\/agora.xtec.cat\/escolapauvila\/wp-content\/uploads\/usu1565\/2020\/11\/IMG_3620.jpg\"><img loading=\"lazy\" decoding=\"async\" class=\"alignright size-large wp-image-1851\" src=\"https:\/\/agora.xtec.cat\/escolapauvila\/wp-content\/uploads\/usu1565\/2020\/11\/IMG_3620-1024x749.jpg\" alt=\"\" width=\"1024\" height=\"749\" srcset=\"https:\/\/agora.xtec.cat\/escolapauvila\/wp-content\/uploads\/usu1565\/2020\/11\/IMG_3620-1024x749.jpg 1024w, https:\/\/agora.xtec.cat\/escolapauvila\/wp-content\/uploads\/usu1565\/2020\/11\/IMG_3620-300x220.jpg 300w, https:\/\/agora.xtec.cat\/escolapauvila\/wp-content\/uploads\/usu1565\/2020\/11\/IMG_3620-768x562.jpg 768w\" sizes=\"auto, (max-width: 1024px) 100vw, 1024px\" \/><\/a><strong><span style=\"font-size: 24px;\">COMPROVEM LES <span style=\"color: #ff0000;\">H<\/span>IP\u00d2TESIS.<\/span><\/strong><\/p>\n<ul>\n<li><em><span style=\"font-family: 'comic sans ms', sans-serif;\">JA S&#8217;HAN AJUNTAT<\/span><\/em><\/li>\n<\/ul>\n<p>QU\u00c8 VOL DIR?<\/p>\n<ul>\n<li><span style=\"font-family: 'comic sans ms', sans-serif;\"><em>QUE S&#8217;HAN AJUNTAT ELS COLORS.<\/em><\/span><\/li>\n<li><span style=\"font-family: 'comic sans ms', sans-serif;\"><em>EL BLAU HA AVAN\u00c7AT M\u00c9S QUE EL VERMELL.<\/em><\/span><\/li>\n<li><em><span style=\"font-family: 'comic sans ms', sans-serif;\">S&#8217;HAN BARREJAT, I HAN FET NEGRE.<\/span><\/em><\/li>\n<li><em style=\"font-size: 1em; font-family: 'comic sans ms', sans-serif;\">\u00a0EL PAPER <\/em><span style=\"font-family: 'comic sans ms', sans-serif;\"><em>HA AGAFAT L&#8217;AIGUA I LA PINTURA.<\/em><\/span><\/li>\n<\/ul>\n<p>PER QU\u00c8 CREIEU QUE HI HA COLORS QUE S&#8217;HAN BARREJAT I ALTRES NO? <strong>(FORMULEM NOVES HIP\u00d2TESIS,<\/strong> AQUESTA VEGADA MOLTES D&#8217;ELLES LES PLANTEGEN COM UNA PREGUNTA)<\/p>\n<ul>\n<li><span style=\"font-family: 'comic sans ms', sans-serif;\"><em>PER QU\u00c8 HI HA M\u00c9S COLOR?<\/em><\/span><\/li>\n<li><span style=\"font-family: 'comic sans ms', sans-serif;\"><em>M\u00c9S AIGUA?<\/em><\/span><\/li>\n<li><span style=\"font-family: 'comic sans ms', sans-serif;\"><em>PODER L&#8217;HEM POSAT ABANS.<\/em><\/span><\/li>\n<li><span style=\"font-family: 'comic sans ms', sans-serif;\"><em>S&#8217;HAN BARREJAT ELS COLORS, EL VERMELL I EL BLAU HAN FET NEGRE.<\/em><\/span><\/li>\n<li><span style=\"font-family: 'comic sans ms', sans-serif;\"><em><span style=\"font-size: 1em;\">EL BLAU HA AVAN\u00c7AT M\u00c9S QUE EL VERMELL.<\/span><\/em><\/span><\/li>\n<li><span style=\"font-family: 'comic sans ms', sans-serif;\"><em><span style=\"font-size: 1em;\">PERQU\u00c8 EL PAPER DEL GOT BLAU HA XUCLAT M\u00c9S R\u00c0PIDAMENT.<\/span><\/em><\/span><\/li>\n<li><span style=\"font-family: 'comic sans ms', sans-serif;\"><em>O POTSER L&#8217;HEM FICAT ABANS O M\u00c9S TROS DE PAPER?<\/em><\/span><\/li>\n<li><span style=\"font-family: 'comic sans ms', sans-serif;\"><em>O M\u00c9S AIGUA?<\/em><\/span><\/li>\n<li><span style=\"font-family: 'comic sans ms', sans-serif;\"><em>&#8220;A LO MILLOR&#8221; L&#8217;HEM SUCAT M\u00c9S.<\/em><\/span><\/li>\n<li><span style=\"font-family: 'comic sans ms', sans-serif;\"><em>PERQU\u00c8 NO HEM FET B\u00c9 EL XURRO.<\/em><\/span><\/li>\n<li><span style=\"font-family: 'comic sans ms', sans-serif;\"><em><span style=\"font-size: 1em;\">PERQU\u00c8 ERA PINTURA<\/span><\/em><\/span><\/li>\n<\/ul>\n<p>ENS ADONEM QUE NO HI HA UN PATR\u00d3 ESTABLE. TOT I QUE COMPROVEM QUE LA PINTURA ACOSTUMA AVAN\u00c7AR M\u00c9S QUE EL COLORANT, PER\u00d2 NO SEMPRE SUCCEEIX AIX\u00cd.<\/p>\n<p>PER ACABAR D&#8217;INCORPORAR ALL\u00d2 QUE HEM FET, I PODER ESTRUCTURAR EL NOSTRE PENSAMENT, REALITZEM UN <strong><span style=\"font-size: 24px;\"><span style=\"color: #ff0000;\">R<\/span>ELAT<\/span><\/strong> MATEM\u00c0TIC BASAT EN AQUEST EXPERIMENT.<\/p>\n<p><a href=\"https:\/\/agora.xtec.cat\/escolapauvila\/wp-content\/uploads\/usu1565\/2020\/11\/IMG_8764.jpeg\"><img loading=\"lazy\" decoding=\"async\" class=\"wp-image-1854 alignleft\" src=\"https:\/\/agora.xtec.cat\/escolapauvila\/wp-content\/uploads\/usu1565\/2020\/11\/IMG_8764-1024x768.jpeg\" alt=\"\" width=\"304\" height=\"228\" srcset=\"https:\/\/agora.xtec.cat\/escolapauvila\/wp-content\/uploads\/usu1565\/2020\/11\/IMG_8764-1024x768.jpeg 1024w, https:\/\/agora.xtec.cat\/escolapauvila\/wp-content\/uploads\/usu1565\/2020\/11\/IMG_8764-300x225.jpeg 300w, https:\/\/agora.xtec.cat\/escolapauvila\/wp-content\/uploads\/usu1565\/2020\/11\/IMG_8764-768x576.jpeg 768w, https:\/\/agora.xtec.cat\/escolapauvila\/wp-content\/uploads\/usu1565\/2020\/11\/IMG_8764-200x150.jpeg 200w\" sizes=\"auto, (max-width: 304px) 100vw, 304px\" \/><\/a><a href=\"https:\/\/agora.xtec.cat\/escolapauvila\/wp-content\/uploads\/usu1565\/2020\/11\/IMG_8339.jpeg\"><img loading=\"lazy\" decoding=\"async\" class=\"alignright wp-image-1855\" src=\"https:\/\/agora.xtec.cat\/escolapauvila\/wp-content\/uploads\/usu1565\/2020\/11\/IMG_8339-1024x768.jpeg\" alt=\"\" width=\"301\" height=\"226\" srcset=\"https:\/\/agora.xtec.cat\/escolapauvila\/wp-content\/uploads\/usu1565\/2020\/11\/IMG_8339-1024x768.jpeg 1024w, https:\/\/agora.xtec.cat\/escolapauvila\/wp-content\/uploads\/usu1565\/2020\/11\/IMG_8339-300x225.jpeg 300w, https:\/\/agora.xtec.cat\/escolapauvila\/wp-content\/uploads\/usu1565\/2020\/11\/IMG_8339-768x576.jpeg 768w, https:\/\/agora.xtec.cat\/escolapauvila\/wp-content\/uploads\/usu1565\/2020\/11\/IMG_8339-200x150.jpeg 200w\" sizes=\"auto, (max-width: 301px) 100vw, 301px\" \/><\/a><\/p>\n<p>&nbsp;<\/p>\n<p>&nbsp;<\/p>\n<p>&nbsp;<\/p>\n<p>&nbsp;<\/p>\n<p>&nbsp;<\/p>\n<p>&nbsp;<\/p>\n<p style=\"text-align: center;\">SI VOLEU VEURE TOTES LES IMATGES DE L&#8217;EXPERIMENT, CLIQUEU A LA SEG\u00dcENT IMATGE.<a href=\"https:\/\/photos.app.goo.gl\/c6a8r6f5mU45L9pn8\"><img loading=\"lazy\" decoding=\"async\" class=\"alignright size-large wp-image-1852\" src=\"https:\/\/agora.xtec.cat\/escolapauvila\/wp-content\/uploads\/usu1565\/2020\/11\/IMG_9985-1024x768.jpg\" alt=\"\" width=\"1024\" height=\"768\" srcset=\"https:\/\/agora.xtec.cat\/escolapauvila\/wp-content\/uploads\/usu1565\/2020\/11\/IMG_9985-1024x768.jpg 1024w, https:\/\/agora.xtec.cat\/escolapauvila\/wp-content\/uploads\/usu1565\/2020\/11\/IMG_9985-300x225.jpg 300w, https:\/\/agora.xtec.cat\/escolapauvila\/wp-content\/uploads\/usu1565\/2020\/11\/IMG_9985-768x576.jpg 768w, https:\/\/agora.xtec.cat\/escolapauvila\/wp-content\/uploads\/usu1565\/2020\/11\/IMG_9985-200x150.jpg 200w\" sizes=\"auto, (max-width: 1024px) 100vw, 1024px\" \/><\/a><\/p>\n<p>FINS AVIAT FAM\u00cdLIES.<\/p>\n","protected":false},"excerpt":{"rendered":"<p>LES PRINCESES I ELS PR\u00cdNCEPS HEM GAUDIT D&#8217;ALL\u00d2 M\u00c9S AMB AQUEST EXPERIMENT!!!<br \/>\nPER COMEN\u00c7AR-LO A L&#8217;ASSEMBLEA VAM POSAR NOM ALS MATERIALS I ESTRIS QUE TEN\u00cdEM.<br \/>\n<a href=\"https:\/\/agora.xtec.cat\/escolapauvila\/wp-content\/uploads\/usu1565\/2020\/11\/IMG_3018-3.jpeg\"><\/a><br \/>\n<a href=\"https:\/\/agora.xtec.cat\/escolapauvila\/wp-content\/uploads\/usu1565\/2020\/11\/IMG_6841.jpeg\"><\/a><br \/>\n&nbsp;<br \/>\n&nbsp;<br \/>\n&nbsp;<br \/>\n&nbsp;<br \/>\n&nbsp;<br \/>\nGOTS, PINTURA, COLORANT, TOVALLONS, CULLERES I SETRILLERES.<br \/>\nTOT SEGUIT VAM COMEN\u00c7AR A EXPERIMENTAR, L&#8217;AINA ENS VA EXPLICAR QUE ELLA HAVIA FET&hellip;  <a href=\"https:\/\/agora.xtec.cat\/escolapauvila\/general\/la-classe-de-les-princeses-i-els-princeps-experimentem-amb-els-colors-comunicants\/\" title=\"Read LA CLASSE DE LES PRINCESES I ELS PR\u00cdNCEPS EXPERIMENTEM AMB ELS COLORS COMUNICANTS\">Llegeix m\u00e9s\u00bb<\/a><\/p>\n","protected":false},"author":1,"featured_media":1796,"comment_status":"open","ping_status":"closed","sticky":false,"template":"","format":"standard","meta":{"_bbp_topic_count":0,"_bbp_reply_count":0,"_bbp_total_topic_count":0,"_bbp_total_reply_count":0,"_bbp_voice_count":0,"_bbp_anonymous_reply_count":0,"_bbp_topic_count_hidden":0,"_bbp_reply_count_hidden":0,"_bbp_forum_subforum_count":0,"footnotes":""},"categories":[2,9,1],"tags":[106,108],"class_list":["post-1770","post","type-post","status-publish","format-standard","has-post-thumbnail","hentry","category-petits","category-ei5","category-general","tag-ei5b20-21","tag-nascuts2015"],"post_mailing_queue_ids":[],"_links":{"self":[{"href":"https:\/\/agora.xtec.cat\/escolapauvila\/wp-json\/wp\/v2\/posts\/1770","targetHints":{"allow":["GET"]}}],"collection":[{"href":"https:\/\/agora.xtec.cat\/escolapauvila\/wp-json\/wp\/v2\/posts"}],"about":[{"href":"https:\/\/agora.xtec.cat\/escolapauvila\/wp-json\/wp\/v2\/types\/post"}],"author":[{"embeddable":true,"href":"https:\/\/agora.xtec.cat\/escolapauvila\/wp-json\/wp\/v2\/users\/1"}],"replies":[{"embeddable":true,"href":"https:\/\/agora.xtec.cat\/escolapauvila\/wp-json\/wp\/v2\/comments?post=1770"}],"version-history":[{"count":3,"href":"https:\/\/agora.xtec.cat\/escolapauvila\/wp-json\/wp\/v2\/posts\/1770\/revisions"}],"predecessor-version":[{"id":1944,"href":"https:\/\/agora.xtec.cat\/escolapauvila\/wp-json\/wp\/v2\/posts\/1770\/revisions\/1944"}],"wp:featuredmedia":[{"embeddable":true,"href":"https:\/\/agora.xtec.cat\/escolapauvila\/wp-json\/wp\/v2\/media\/1796"}],"wp:attachment":[{"href":"https:\/\/agora.xtec.cat\/escolapauvila\/wp-json\/wp\/v2\/media?parent=1770"}],"wp:term":[{"taxonomy":"category","embeddable":true,"href":"https:\/\/agora.xtec.cat\/escolapauvila\/wp-json\/wp\/v2\/categories?post=1770"},{"taxonomy":"post_tag","embeddable":true,"href":"https:\/\/agora.xtec.cat\/escolapauvila\/wp-json\/wp\/v2\/tags?post=1770"}],"curies":[{"name":"wp","href":"https:\/\/api.w.org\/{rel}","templated":true}]}}