{"id":1738,"date":"2020-11-10T21:26:30","date_gmt":"2020-11-10T20:26:30","guid":{"rendered":"https:\/\/agora.xtec.cat\/escolapauvila\/?p=1738"},"modified":"2020-11-10T21:26:30","modified_gmt":"2020-11-10T20:26:30","slug":"propostes-de-tardor","status":"publish","type":"post","link":"https:\/\/agora.xtec.cat\/escolapauvila\/petits\/propostes-de-tardor\/","title":{"rendered":"PROPOSTES DE TARDOR"},"content":{"rendered":"<p>ELS CONILLS MIREM AL CALENDARI I EN N&#8217;ADONEM QUE HEM CANVIAT D&#8217;ESTACI\u00d3. JA HA ARRIBAT <strong>LA TARDOR<\/strong>!<\/p>\n<p>COMENCEM AQUESTA NOVA ESTACI\u00d3 CONEIXENT LA PARAULA <strong>TARDOR<\/strong> I EXPLICANT UN <strong>CONTE.<\/strong><\/p>\n<p><a href=\"https:\/\/agora.xtec.cat\/escolapauvila\/wp-content\/uploads\/usu1565\/2020\/11\/IMG_0167.jpg\"><img loading=\"lazy\" decoding=\"async\" class=\"wp-image-1739 alignright\" src=\"https:\/\/agora.xtec.cat\/escolapauvila\/wp-content\/uploads\/usu1565\/2020\/11\/IMG_0167-1024x768.jpg\" alt=\"\" width=\"373\" height=\"280\" srcset=\"https:\/\/agora.xtec.cat\/escolapauvila\/wp-content\/uploads\/usu1565\/2020\/11\/IMG_0167-1024x768.jpg 1024w, https:\/\/agora.xtec.cat\/escolapauvila\/wp-content\/uploads\/usu1565\/2020\/11\/IMG_0167-300x225.jpg 300w, https:\/\/agora.xtec.cat\/escolapauvila\/wp-content\/uploads\/usu1565\/2020\/11\/IMG_0167-768x576.jpg 768w, https:\/\/agora.xtec.cat\/escolapauvila\/wp-content\/uploads\/usu1565\/2020\/11\/IMG_0167-200x150.jpg 200w\" sizes=\"auto, (max-width: 373px) 100vw, 373px\" \/><\/a><a href=\"https:\/\/agora.xtec.cat\/escolapauvila\/wp-content\/uploads\/usu1565\/2020\/11\/IMG_0210.jpg\"><img loading=\"lazy\" decoding=\"async\" class=\"wp-image-1740 alignleft\" src=\"https:\/\/agora.xtec.cat\/escolapauvila\/wp-content\/uploads\/usu1565\/2020\/11\/IMG_0210-1024x768.jpg\" alt=\"\" width=\"365\" height=\"274\" srcset=\"https:\/\/agora.xtec.cat\/escolapauvila\/wp-content\/uploads\/usu1565\/2020\/11\/IMG_0210-1024x768.jpg 1024w, https:\/\/agora.xtec.cat\/escolapauvila\/wp-content\/uploads\/usu1565\/2020\/11\/IMG_0210-300x225.jpg 300w, https:\/\/agora.xtec.cat\/escolapauvila\/wp-content\/uploads\/usu1565\/2020\/11\/IMG_0210-768x576.jpg 768w, https:\/\/agora.xtec.cat\/escolapauvila\/wp-content\/uploads\/usu1565\/2020\/11\/IMG_0210-200x150.jpg 200w\" sizes=\"auto, (max-width: 365px) 100vw, 365px\" \/><\/a><\/p>\n<p>&nbsp;<\/p>\n<p>&nbsp;<\/p>\n<p>&nbsp;<\/p>\n<p>&nbsp;<\/p>\n<p>&nbsp;<\/p>\n<p>&nbsp;<\/p>\n<p>&nbsp;<\/p>\n<p>EN ASSEMBLEA ESCOLTEM EL CONTE &#8220;<strong>LA TARDOR DE L&#8217;ARBRE RONDINAIRE&#8221;.\u00a0<\/strong>MANTENIM UNA CONVERSA SOBRE ELS ARBRES QUE TROBEM AL PATI I SORTIM A OBSERVAR-LOS.<\/p>\n<p><a href=\"https:\/\/agora.xtec.cat\/escolapauvila\/wp-content\/uploads\/usu1565\/2020\/11\/IMG_0337.jpg\"><img loading=\"lazy\" decoding=\"async\" class=\"wp-image-1745 aligncenter\" src=\"https:\/\/agora.xtec.cat\/escolapauvila\/wp-content\/uploads\/usu1565\/2020\/11\/IMG_0337-1024x768.jpg\" alt=\"\" width=\"543\" height=\"407\" srcset=\"https:\/\/agora.xtec.cat\/escolapauvila\/wp-content\/uploads\/usu1565\/2020\/11\/IMG_0337-1024x768.jpg 1024w, https:\/\/agora.xtec.cat\/escolapauvila\/wp-content\/uploads\/usu1565\/2020\/11\/IMG_0337-300x225.jpg 300w, https:\/\/agora.xtec.cat\/escolapauvila\/wp-content\/uploads\/usu1565\/2020\/11\/IMG_0337-768x576.jpg 768w, https:\/\/agora.xtec.cat\/escolapauvila\/wp-content\/uploads\/usu1565\/2020\/11\/IMG_0337-200x150.jpg 200w\" sizes=\"auto, (max-width: 543px) 100vw, 543px\" \/><\/a><\/p>\n<p>FINS I TOT TROBEM UNES CASETES DELS OCELLS!<\/p>\n<p><a href=\"https:\/\/agora.xtec.cat\/escolapauvila\/wp-content\/uploads\/usu1565\/2020\/11\/IMG_0342.jpg\"><img loading=\"lazy\" decoding=\"async\" class=\"alignnone wp-image-1746\" src=\"https:\/\/agora.xtec.cat\/escolapauvila\/wp-content\/uploads\/usu1565\/2020\/11\/IMG_0342-1024x768.jpg\" alt=\"\" width=\"473\" height=\"355\" srcset=\"https:\/\/agora.xtec.cat\/escolapauvila\/wp-content\/uploads\/usu1565\/2020\/11\/IMG_0342-1024x768.jpg 1024w, https:\/\/agora.xtec.cat\/escolapauvila\/wp-content\/uploads\/usu1565\/2020\/11\/IMG_0342-300x225.jpg 300w, https:\/\/agora.xtec.cat\/escolapauvila\/wp-content\/uploads\/usu1565\/2020\/11\/IMG_0342-768x576.jpg 768w, https:\/\/agora.xtec.cat\/escolapauvila\/wp-content\/uploads\/usu1565\/2020\/11\/IMG_0342-200x150.jpg 200w\" sizes=\"auto, (max-width: 473px) 100vw, 473px\" \/><\/a><\/p>\n<p>EN UNA DE LES PARETS DE L&#8217;ESCOLA MIREM UN PLAF\u00d3, QUE VAN FER ELS NENS I NENES GRANS, ON EXPLICA EL NOM DELS ARBRES I EL TIPUS DE FULLA QUE TENEN. NOSALTRES ENS QUEDEM AMB TRES NOMS CLAU: <strong>OLIVERA, PI I MORERA.\u00a0<\/strong>ELS BUSQUEM PEL PATI I OBSERVEM COM S\u00d3N. TAMB\u00c9 RECOLLIM MOSTRES DE FULLES PER OBSERVAR-LES AL RAC\u00d3 D&#8217;OBSERVACI\u00d3 DE LA CLASSE I DIBUIXAR-LES.<\/p>\n<p><a href=\"https:\/\/agora.xtec.cat\/escolapauvila\/wp-content\/uploads\/usu1565\/2020\/11\/IMG_0240.jpg\"><img loading=\"lazy\" decoding=\"async\" class=\"alignnone wp-image-1741\" src=\"https:\/\/agora.xtec.cat\/escolapauvila\/wp-content\/uploads\/usu1565\/2020\/11\/IMG_0240-1024x768.jpg\" alt=\"\" width=\"421\" height=\"316\" srcset=\"https:\/\/agora.xtec.cat\/escolapauvila\/wp-content\/uploads\/usu1565\/2020\/11\/IMG_0240-1024x768.jpg 1024w, https:\/\/agora.xtec.cat\/escolapauvila\/wp-content\/uploads\/usu1565\/2020\/11\/IMG_0240-300x225.jpg 300w, https:\/\/agora.xtec.cat\/escolapauvila\/wp-content\/uploads\/usu1565\/2020\/11\/IMG_0240-768x576.jpg 768w, https:\/\/agora.xtec.cat\/escolapauvila\/wp-content\/uploads\/usu1565\/2020\/11\/IMG_0240-200x150.jpg 200w\" sizes=\"auto, (max-width: 421px) 100vw, 421px\" \/><\/a>\u00a0 \u00a0 \u00a0 \u00a0 <a href=\"https:\/\/agora.xtec.cat\/escolapauvila\/wp-content\/uploads\/usu1565\/2020\/11\/IMG_0253.jpg\"><img loading=\"lazy\" decoding=\"async\" class=\"alignnone wp-image-1742\" src=\"https:\/\/agora.xtec.cat\/escolapauvila\/wp-content\/uploads\/usu1565\/2020\/11\/IMG_0253-1024x768.jpg\" alt=\"\" width=\"426\" height=\"319\" srcset=\"https:\/\/agora.xtec.cat\/escolapauvila\/wp-content\/uploads\/usu1565\/2020\/11\/IMG_0253-1024x768.jpg 1024w, https:\/\/agora.xtec.cat\/escolapauvila\/wp-content\/uploads\/usu1565\/2020\/11\/IMG_0253-300x225.jpg 300w, https:\/\/agora.xtec.cat\/escolapauvila\/wp-content\/uploads\/usu1565\/2020\/11\/IMG_0253-768x576.jpg 768w, https:\/\/agora.xtec.cat\/escolapauvila\/wp-content\/uploads\/usu1565\/2020\/11\/IMG_0253-200x150.jpg 200w\" sizes=\"auto, (max-width: 426px) 100vw, 426px\" \/><\/a><a href=\"https:\/\/agora.xtec.cat\/escolapauvila\/wp-content\/uploads\/usu1565\/2020\/11\/IMG_0662.jpg\"><img loading=\"lazy\" decoding=\"async\" class=\"wp-image-1751 aligncenter\" src=\"https:\/\/agora.xtec.cat\/escolapauvila\/wp-content\/uploads\/usu1565\/2020\/11\/IMG_0662-1024x896.jpg\" alt=\"\" width=\"332\" height=\"291\" srcset=\"https:\/\/agora.xtec.cat\/escolapauvila\/wp-content\/uploads\/usu1565\/2020\/11\/IMG_0662-1024x896.jpg 1024w, https:\/\/agora.xtec.cat\/escolapauvila\/wp-content\/uploads\/usu1565\/2020\/11\/IMG_0662-300x263.jpg 300w, https:\/\/agora.xtec.cat\/escolapauvila\/wp-content\/uploads\/usu1565\/2020\/11\/IMG_0662-768x672.jpg 768w\" sizes=\"auto, (max-width: 332px) 100vw, 332px\" \/><\/a><\/p>\n<p>EN EL RAC\u00d3 ART\u00cdSTIC PINTEM LES FULLES DE MOLTS COLORS, COM LES DEL CONTE. I CREEM DE MANERA CONJUNTA EL NOSTRE ARBRE AMB ELS NENS I NENES DE LA CLASSE DE LES VAQUES.<\/p>\n<p><a href=\"https:\/\/agora.xtec.cat\/escolapauvila\/wp-content\/uploads\/usu1565\/2020\/11\/IMG_0307.jpg\"><img loading=\"lazy\" decoding=\"async\" class=\"alignnone wp-image-1743\" src=\"https:\/\/agora.xtec.cat\/escolapauvila\/wp-content\/uploads\/usu1565\/2020\/11\/IMG_0307-1024x1024.jpg\" alt=\"\" width=\"467\" height=\"467\" srcset=\"https:\/\/agora.xtec.cat\/escolapauvila\/wp-content\/uploads\/usu1565\/2020\/11\/IMG_0307-1024x1024.jpg 1024w, https:\/\/agora.xtec.cat\/escolapauvila\/wp-content\/uploads\/usu1565\/2020\/11\/IMG_0307-150x150.jpg 150w, https:\/\/agora.xtec.cat\/escolapauvila\/wp-content\/uploads\/usu1565\/2020\/11\/IMG_0307-300x300.jpg 300w, https:\/\/agora.xtec.cat\/escolapauvila\/wp-content\/uploads\/usu1565\/2020\/11\/IMG_0307-768x768.jpg 768w\" sizes=\"auto, (max-width: 467px) 100vw, 467px\" \/>\u00a0\u00a0 <\/a><a href=\"https:\/\/agora.xtec.cat\/escolapauvila\/wp-content\/uploads\/usu1565\/2020\/11\/IMG_0311.jpg\"><img loading=\"lazy\" decoding=\"async\" class=\"alignnone wp-image-1744\" src=\"https:\/\/agora.xtec.cat\/escolapauvila\/wp-content\/uploads\/usu1565\/2020\/11\/IMG_0311-1024x768.jpg\" alt=\"\" width=\"394\" height=\"295\" srcset=\"https:\/\/agora.xtec.cat\/escolapauvila\/wp-content\/uploads\/usu1565\/2020\/11\/IMG_0311-1024x768.jpg 1024w, https:\/\/agora.xtec.cat\/escolapauvila\/wp-content\/uploads\/usu1565\/2020\/11\/IMG_0311-300x225.jpg 300w, https:\/\/agora.xtec.cat\/escolapauvila\/wp-content\/uploads\/usu1565\/2020\/11\/IMG_0311-768x576.jpg 768w, https:\/\/agora.xtec.cat\/escolapauvila\/wp-content\/uploads\/usu1565\/2020\/11\/IMG_0311-200x150.jpg 200w\" sizes=\"auto, (max-width: 394px) 100vw, 394px\" \/><\/a><a href=\"https:\/\/agora.xtec.cat\/escolapauvila\/wp-content\/uploads\/usu1565\/2020\/11\/IMG_0398.jpg\"><img loading=\"lazy\" decoding=\"async\" class=\"wp-image-1748 aligncenter\" src=\"https:\/\/agora.xtec.cat\/escolapauvila\/wp-content\/uploads\/usu1565\/2020\/11\/IMG_0398-847x1024.jpg\" alt=\"\" width=\"343\" height=\"415\" srcset=\"https:\/\/agora.xtec.cat\/escolapauvila\/wp-content\/uploads\/usu1565\/2020\/11\/IMG_0398-847x1024.jpg 847w, https:\/\/agora.xtec.cat\/escolapauvila\/wp-content\/uploads\/usu1565\/2020\/11\/IMG_0398-248x300.jpg 248w, https:\/\/agora.xtec.cat\/escolapauvila\/wp-content\/uploads\/usu1565\/2020\/11\/IMG_0398-768x928.jpg 768w\" sizes=\"auto, (max-width: 343px) 100vw, 343px\" \/><\/a><\/p>\n<p>DE MANERA INDIVIDUAL, AMB FANG, ESCURADENTS I PLASTILINA FEM L&#8217;ESCULTURA D&#8217;UN ARBRE DE TARDOR. ENS HAN QUEDAT BEN BONICS!<\/p>\n<p>SI VOLEU VEURE M\u00c9S FOTOGRAFIES D&#8217;AQUESTES PROPOSTES \u00a0<a href=\"https:\/\/photos.app.goo.gl\/bgJ6QmMC2xtvQH8U9\">CLIQUEU AQUEST ENLLA\u00c7<\/a><\/p>\n<p><a href=\"https:\/\/agora.xtec.cat\/escolapauvila\/wp-content\/uploads\/usu1565\/2020\/11\/IMG_0717.jpg\"><img loading=\"lazy\" decoding=\"async\" class=\"alignnone wp-image-1749\" src=\"https:\/\/agora.xtec.cat\/escolapauvila\/wp-content\/uploads\/usu1565\/2020\/11\/IMG_0717-1024x768.jpg\" alt=\"\" width=\"424\" height=\"318\" srcset=\"https:\/\/agora.xtec.cat\/escolapauvila\/wp-content\/uploads\/usu1565\/2020\/11\/IMG_0717-1024x768.jpg 1024w, https:\/\/agora.xtec.cat\/escolapauvila\/wp-content\/uploads\/usu1565\/2020\/11\/IMG_0717-300x225.jpg 300w, https:\/\/agora.xtec.cat\/escolapauvila\/wp-content\/uploads\/usu1565\/2020\/11\/IMG_0717-768x576.jpg 768w, https:\/\/agora.xtec.cat\/escolapauvila\/wp-content\/uploads\/usu1565\/2020\/11\/IMG_0717-200x150.jpg 200w\" sizes=\"auto, (max-width: 424px) 100vw, 424px\" \/>\u00a0\u00a0\u00a0 <\/a><a href=\"https:\/\/agora.xtec.cat\/escolapauvila\/wp-content\/uploads\/usu1565\/2020\/11\/IMG_0720.jpg\"><img loading=\"lazy\" decoding=\"async\" class=\"alignnone wp-image-1750\" src=\"https:\/\/agora.xtec.cat\/escolapauvila\/wp-content\/uploads\/usu1565\/2020\/11\/IMG_0720-1024x768.jpg\" alt=\"\" width=\"422\" height=\"316\" srcset=\"https:\/\/agora.xtec.cat\/escolapauvila\/wp-content\/uploads\/usu1565\/2020\/11\/IMG_0720-1024x768.jpg 1024w, https:\/\/agora.xtec.cat\/escolapauvila\/wp-content\/uploads\/usu1565\/2020\/11\/IMG_0720-300x225.jpg 300w, https:\/\/agora.xtec.cat\/escolapauvila\/wp-content\/uploads\/usu1565\/2020\/11\/IMG_0720-768x576.jpg 768w, https:\/\/agora.xtec.cat\/escolapauvila\/wp-content\/uploads\/usu1565\/2020\/11\/IMG_0720-200x150.jpg 200w\" sizes=\"auto, (max-width: 422px) 100vw, 422px\" \/><\/a><\/p>\n<p>A L&#8217;HORA DE M\u00daSICA ESCOLTEM UNA\u00a0<strong>AUDICI\u00d3:<\/strong>\u00a0&#8220;LA TARDOR&#8221; D&#8217;ANTONIO <strong>VIVALDI<\/strong>. EN PARLEM UNA MICA SOBRE ELL. TANQUEM ELS ULLS I PAREM ATENCI\u00d3 A COM SONA AQUESTA AUDICI\u00d3. DESPR\u00c9S EXPRESSEM AMB PARAULES QUINES EMOCIONS ENS HA DESPERTAT. A CONTINUACI\u00d3 SORTIM AL PATI A EXPRESSAR LES NOSTRES EMOCIONS AMB LA SEVA M\u00daSICA I LA PINTURA.<\/p>\n<p>PODEU VEURE EL PROC\u00c9S EN AQUESTS <a href=\"https:\/\/www.youtube.com\/playlist?list=PLVvfo7zHQ57ypjz7RzQ_l4AtwXYKgAdXs\"><strong>V\u00cdDEOS.<\/strong><\/a><\/p>\n<p><a href=\"https:\/\/agora.xtec.cat\/escolapauvila\/wp-content\/uploads\/usu1565\/2020\/11\/IMG_0498.jpg\"><img loading=\"lazy\" decoding=\"async\" class=\"alignnone size-large wp-image-1752\" src=\"https:\/\/agora.xtec.cat\/escolapauvila\/wp-content\/uploads\/usu1565\/2020\/11\/IMG_0498-1024x384.jpg\" alt=\"\" width=\"1024\" height=\"384\" srcset=\"https:\/\/agora.xtec.cat\/escolapauvila\/wp-content\/uploads\/usu1565\/2020\/11\/IMG_0498-1024x384.jpg 1024w, https:\/\/agora.xtec.cat\/escolapauvila\/wp-content\/uploads\/usu1565\/2020\/11\/IMG_0498-300x113.jpg 300w, https:\/\/agora.xtec.cat\/escolapauvila\/wp-content\/uploads\/usu1565\/2020\/11\/IMG_0498-768x288.jpg 768w\" sizes=\"auto, (max-width: 1024px) 100vw, 1024px\" \/><\/a><\/p>\n<p>TAMB\u00c9 HEM PREPARAT UNA BON\u00cdSSIMA <strong>MACED\u00d2NIA<\/strong>! MANIPULANT V\u00c0RIES FRUITES HEM POGUT REALITZAR UN TREBALL DE MOTRICITAT FINA I CONCENTRACI\u00d3; CONFEGIR LES LLETRES DE LES FRUITES; I FER UN TREBALL DE C\u00c0LCUL MENTAL, RAONANT EL NOMBRE DE MANDARINES QUE NECESSITAR\u00cdEM EN TOTAL.<\/p>\n<p style=\"text-align: center;\"><a href=\"https:\/\/agora.xtec.cat\/escolapauvila\/wp-content\/uploads\/usu1565\/2020\/11\/IMG_0645.jpg\"><img loading=\"lazy\" decoding=\"async\" class=\"wp-image-1762 aligncenter\" src=\"https:\/\/agora.xtec.cat\/escolapauvila\/wp-content\/uploads\/usu1565\/2020\/11\/IMG_0645-1024x249.jpg\" alt=\"\" width=\"849\" height=\"206\" srcset=\"https:\/\/agora.xtec.cat\/escolapauvila\/wp-content\/uploads\/usu1565\/2020\/11\/IMG_0645-1024x249.jpg 1024w, https:\/\/agora.xtec.cat\/escolapauvila\/wp-content\/uploads\/usu1565\/2020\/11\/IMG_0645-300x73.jpg 300w, https:\/\/agora.xtec.cat\/escolapauvila\/wp-content\/uploads\/usu1565\/2020\/11\/IMG_0645-768x186.jpg 768w\" sizes=\"auto, (max-width: 849px) 100vw, 849px\" \/><\/a><a href=\"https:\/\/agora.xtec.cat\/escolapauvila\/wp-content\/uploads\/usu1565\/2020\/11\/IMG_0573.jpg\"><img loading=\"lazy\" decoding=\"async\" class=\"wp-image-1753 alignleft\" src=\"https:\/\/agora.xtec.cat\/escolapauvila\/wp-content\/uploads\/usu1565\/2020\/11\/IMG_0573-1024x768.jpg\" alt=\"\" width=\"394\" height=\"295\" srcset=\"https:\/\/agora.xtec.cat\/escolapauvila\/wp-content\/uploads\/usu1565\/2020\/11\/IMG_0573-1024x768.jpg 1024w, https:\/\/agora.xtec.cat\/escolapauvila\/wp-content\/uploads\/usu1565\/2020\/11\/IMG_0573-300x225.jpg 300w, https:\/\/agora.xtec.cat\/escolapauvila\/wp-content\/uploads\/usu1565\/2020\/11\/IMG_0573-768x576.jpg 768w, https:\/\/agora.xtec.cat\/escolapauvila\/wp-content\/uploads\/usu1565\/2020\/11\/IMG_0573-200x150.jpg 200w\" sizes=\"auto, (max-width: 394px) 100vw, 394px\" \/><\/a><a href=\"https:\/\/agora.xtec.cat\/escolapauvila\/wp-content\/uploads\/usu1565\/2020\/11\/IMG_0634.jpg\"><img loading=\"lazy\" decoding=\"async\" class=\"wp-image-1757 aligncenter\" src=\"https:\/\/agora.xtec.cat\/escolapauvila\/wp-content\/uploads\/usu1565\/2020\/11\/IMG_0634-1024x768.jpg\" alt=\"\" width=\"377\" height=\"283\" srcset=\"https:\/\/agora.xtec.cat\/escolapauvila\/wp-content\/uploads\/usu1565\/2020\/11\/IMG_0634-1024x768.jpg 1024w, https:\/\/agora.xtec.cat\/escolapauvila\/wp-content\/uploads\/usu1565\/2020\/11\/IMG_0634-300x225.jpg 300w, https:\/\/agora.xtec.cat\/escolapauvila\/wp-content\/uploads\/usu1565\/2020\/11\/IMG_0634-768x576.jpg 768w, https:\/\/agora.xtec.cat\/escolapauvila\/wp-content\/uploads\/usu1565\/2020\/11\/IMG_0634-200x150.jpg 200w\" sizes=\"auto, (max-width: 377px) 100vw, 377px\" \/><\/a><\/p>\n<p>&nbsp;<\/p>\n<p style=\"text-align: center;\">UN COP ACABADA L&#8217;ACTIVITAT RECOLLIM, NETEGEM I ENS RENTEM LES MANS.<\/p>\n<p style=\"text-align: center;\"><a href=\"https:\/\/agora.xtec.cat\/escolapauvila\/wp-content\/uploads\/usu1565\/2020\/11\/IMG_0638.jpg\"><img loading=\"lazy\" decoding=\"async\" class=\"alignnone wp-image-1759\" src=\"https:\/\/agora.xtec.cat\/escolapauvila\/wp-content\/uploads\/usu1565\/2020\/11\/IMG_0638-1024x768.jpg\" alt=\"\" width=\"287\" height=\"215\" srcset=\"https:\/\/agora.xtec.cat\/escolapauvila\/wp-content\/uploads\/usu1565\/2020\/11\/IMG_0638-1024x768.jpg 1024w, https:\/\/agora.xtec.cat\/escolapauvila\/wp-content\/uploads\/usu1565\/2020\/11\/IMG_0638-300x225.jpg 300w, https:\/\/agora.xtec.cat\/escolapauvila\/wp-content\/uploads\/usu1565\/2020\/11\/IMG_0638-768x576.jpg 768w, https:\/\/agora.xtec.cat\/escolapauvila\/wp-content\/uploads\/usu1565\/2020\/11\/IMG_0638-200x150.jpg 200w\" sizes=\"auto, (max-width: 287px) 100vw, 287px\" \/>\u00a0\u00a0\u00a0<\/a><a href=\"https:\/\/agora.xtec.cat\/escolapauvila\/wp-content\/uploads\/usu1565\/2020\/11\/IMG_0637.jpg\"><img loading=\"lazy\" decoding=\"async\" class=\"alignnone wp-image-1758\" src=\"https:\/\/agora.xtec.cat\/escolapauvila\/wp-content\/uploads\/usu1565\/2020\/11\/IMG_0637-1024x768.jpg\" alt=\"\" width=\"288\" height=\"216\" srcset=\"https:\/\/agora.xtec.cat\/escolapauvila\/wp-content\/uploads\/usu1565\/2020\/11\/IMG_0637-1024x768.jpg 1024w, https:\/\/agora.xtec.cat\/escolapauvila\/wp-content\/uploads\/usu1565\/2020\/11\/IMG_0637-300x225.jpg 300w, https:\/\/agora.xtec.cat\/escolapauvila\/wp-content\/uploads\/usu1565\/2020\/11\/IMG_0637-768x576.jpg 768w, https:\/\/agora.xtec.cat\/escolapauvila\/wp-content\/uploads\/usu1565\/2020\/11\/IMG_0637-200x150.jpg 200w\" sizes=\"auto, (max-width: 288px) 100vw, 288px\" \/><\/a><a href=\"https:\/\/agora.xtec.cat\/escolapauvila\/wp-content\/uploads\/usu1565\/2020\/11\/IMG_0638.jpg\">\u00a0 <\/a><a href=\"https:\/\/agora.xtec.cat\/escolapauvila\/wp-content\/uploads\/usu1565\/2020\/11\/IMG_0641.jpg\"><img loading=\"lazy\" decoding=\"async\" class=\"alignnone wp-image-1760\" src=\"https:\/\/agora.xtec.cat\/escolapauvila\/wp-content\/uploads\/usu1565\/2020\/11\/IMG_0641-1024x768.jpg\" alt=\"\" width=\"288\" height=\"216\" srcset=\"https:\/\/agora.xtec.cat\/escolapauvila\/wp-content\/uploads\/usu1565\/2020\/11\/IMG_0641-1024x768.jpg 1024w, https:\/\/agora.xtec.cat\/escolapauvila\/wp-content\/uploads\/usu1565\/2020\/11\/IMG_0641-300x225.jpg 300w, https:\/\/agora.xtec.cat\/escolapauvila\/wp-content\/uploads\/usu1565\/2020\/11\/IMG_0641-768x576.jpg 768w, https:\/\/agora.xtec.cat\/escolapauvila\/wp-content\/uploads\/usu1565\/2020\/11\/IMG_0641-200x150.jpg 200w\" sizes=\"auto, (max-width: 288px) 100vw, 288px\" \/><\/a><\/p>\n<p style=\"text-align: left;\">DELICIOSA! LLESTA PER MENJAR-LA.\u00a0<a href=\"https:\/\/agora.xtec.cat\/escolapauvila\/wp-content\/uploads\/usu1565\/2020\/11\/IMG_0644.jpg\"><br \/>\n<img loading=\"lazy\" decoding=\"async\" class=\"wp-image-1761 alignleft\" src=\"https:\/\/agora.xtec.cat\/escolapauvila\/wp-content\/uploads\/usu1565\/2020\/11\/IMG_0644-1024x540.jpg\" alt=\"\" width=\"407\" height=\"215\" srcset=\"https:\/\/agora.xtec.cat\/escolapauvila\/wp-content\/uploads\/usu1565\/2020\/11\/IMG_0644-1024x540.jpg 1024w, https:\/\/agora.xtec.cat\/escolapauvila\/wp-content\/uploads\/usu1565\/2020\/11\/IMG_0644-300x158.jpg 300w, https:\/\/agora.xtec.cat\/escolapauvila\/wp-content\/uploads\/usu1565\/2020\/11\/IMG_0644-768x405.jpg 768w\" sizes=\"auto, (max-width: 407px) 100vw, 407px\" \/><\/a> <a href=\"https:\/\/agora.xtec.cat\/escolapauvila\/wp-content\/uploads\/usu1565\/2020\/11\/IMG_0655.jpg\"><img loading=\"lazy\" decoding=\"async\" class=\"alignnone wp-image-1763\" src=\"https:\/\/agora.xtec.cat\/escolapauvila\/wp-content\/uploads\/usu1565\/2020\/11\/IMG_0655-1024x579.jpg\" alt=\"\" width=\"393\" height=\"222\" srcset=\"https:\/\/agora.xtec.cat\/escolapauvila\/wp-content\/uploads\/usu1565\/2020\/11\/IMG_0655-1024x579.jpg 1024w, https:\/\/agora.xtec.cat\/escolapauvila\/wp-content\/uploads\/usu1565\/2020\/11\/IMG_0655-300x170.jpg 300w, https:\/\/agora.xtec.cat\/escolapauvila\/wp-content\/uploads\/usu1565\/2020\/11\/IMG_0655-768x435.jpg 768w\" sizes=\"auto, (max-width: 393px) 100vw, 393px\" \/><\/a><\/p>\n<p>FINALMENT EXPLIQUEM LA HIST\u00d2RIA DE &#8220;<strong>LA CASTANYERA FELIPA<\/strong>&#8221; I DEMANEM UNS DESITJOS QUE GUARDEM EN LA NOSTRA PAPERINA DELS SOMNIS. CONFIEM QUE ARRIBIN A COMPLIR-SE COM A LA CASTANYERA!\u00a0<a href=\"https:\/\/agora.xtec.cat\/escolapauvila\/wp-content\/uploads\/usu1565\/2020\/11\/IMG_0666.jpg\"><br \/>\n<img loading=\"lazy\" decoding=\"async\" class=\"wp-image-1764 alignleft\" src=\"https:\/\/agora.xtec.cat\/escolapauvila\/wp-content\/uploads\/usu1565\/2020\/11\/IMG_0666-1024x840.jpg\" alt=\"\" width=\"353\" height=\"290\" srcset=\"https:\/\/agora.xtec.cat\/escolapauvila\/wp-content\/uploads\/usu1565\/2020\/11\/IMG_0666-1024x840.jpg 1024w, https:\/\/agora.xtec.cat\/escolapauvila\/wp-content\/uploads\/usu1565\/2020\/11\/IMG_0666-300x246.jpg 300w, https:\/\/agora.xtec.cat\/escolapauvila\/wp-content\/uploads\/usu1565\/2020\/11\/IMG_0666-768x630.jpg 768w\" sizes=\"auto, (max-width: 353px) 100vw, 353px\" \/><\/a><\/p>\n<p style=\"text-align: center;\"><a href=\"https:\/\/agora.xtec.cat\/escolapauvila\/wp-content\/uploads\/usu1565\/2020\/11\/IMG_0674.jpg\"><img loading=\"lazy\" decoding=\"async\" class=\"alignnone wp-image-1765\" src=\"https:\/\/agora.xtec.cat\/escolapauvila\/wp-content\/uploads\/usu1565\/2020\/11\/IMG_0674-1024x768.jpg\" alt=\"\" width=\"528\" height=\"396\" srcset=\"https:\/\/agora.xtec.cat\/escolapauvila\/wp-content\/uploads\/usu1565\/2020\/11\/IMG_0674-1024x768.jpg 1024w, https:\/\/agora.xtec.cat\/escolapauvila\/wp-content\/uploads\/usu1565\/2020\/11\/IMG_0674-300x225.jpg 300w, https:\/\/agora.xtec.cat\/escolapauvila\/wp-content\/uploads\/usu1565\/2020\/11\/IMG_0674-768x576.jpg 768w, https:\/\/agora.xtec.cat\/escolapauvila\/wp-content\/uploads\/usu1565\/2020\/11\/IMG_0674-200x150.jpg 200w\" sizes=\"auto, (max-width: 528px) 100vw, 528px\" \/><\/a><\/p>\n<p>TENIU LA RESTA DE LES FOTOGRAFIES EN EL SEG\u00dcENT <a href=\"https:\/\/photos.app.goo.gl\/d2VC924LusyiNJEs5\"><strong>ENLLA\u00c7<\/strong><\/a><\/p>\n<p>&nbsp;<\/p>\n<p>&nbsp;<\/p>\n<p>&nbsp;<\/p>\n<p>&nbsp;<\/p>\n<p>&nbsp;<\/p>\n<p>&nbsp;<\/p>\n<p>&nbsp;<\/p>\n<p>&nbsp;<\/p>\n<p>&nbsp;<\/p>\n<p>&nbsp;<\/p>\n<p>&nbsp;<\/p>\n","protected":false},"excerpt":{"rendered":"<p>ELS CONILLS MIREM AL CALENDARI I EN N&#8217;ADONEM QUE HEM CANVIAT D&#8217;ESTACI\u00d3. JA HA ARRIBAT LA TARDOR!<br \/>\nCOMENCEM AQUESTA NOVA ESTACI\u00d3 CONEIXENT LA PARAULA TARDOR I EXPLICANT UN CONTE.<br \/>\n<a href=\"https:\/\/agora.xtec.cat\/escolapauvila\/wp-content\/uploads\/usu1565\/2020\/11\/IMG_0167.jpg\"><\/a><a href=\"https:\/\/agora.xtec.cat\/escolapauvila\/wp-content\/uploads\/usu1565\/2020\/11\/IMG_0210.jpg\"><\/a><br \/>\n&nbsp;<br \/>\n&nbsp;<br \/>\n&nbsp;<br \/>\n&nbsp;<br \/>\n&nbsp;<br \/>\n&nbsp;<br \/>\n&nbsp;<br \/>\nEN ASSEMBLEA ESCOLTEM EL CONTE &#8220;LA TARDOR DE L&#8217;ARBRE RONDINAIRE&#8221;.\u00a0MANTENIM UNA CONVERSA SOBRE ELS ARBRES QUE&hellip;  <a href=\"https:\/\/agora.xtec.cat\/escolapauvila\/petits\/propostes-de-tardor\/\" title=\"Read PROPOSTES DE TARDOR\">Llegeix m\u00e9s\u00bb<\/a><\/p>\n","protected":false},"author":1,"featured_media":1748,"comment_status":"open","ping_status":"closed","sticky":false,"template":"","format":"standard","meta":{"_bbp_topic_count":0,"_bbp_reply_count":0,"_bbp_total_topic_count":0,"_bbp_total_reply_count":0,"_bbp_voice_count":0,"_bbp_anonymous_reply_count":0,"_bbp_topic_count_hidden":0,"_bbp_reply_count_hidden":0,"_bbp_forum_subforum_count":0,"footnotes":""},"categories":[2,8],"tags":[114,104],"class_list":["post-1738","post","type-post","status-publish","format-standard","has-post-thumbnail","hentry","category-petits","category-ei4","tag-ei4b20-21","tag-nascuts2016"],"post_mailing_queue_ids":[],"_links":{"self":[{"href":"https:\/\/agora.xtec.cat\/escolapauvila\/wp-json\/wp\/v2\/posts\/1738","targetHints":{"allow":["GET"]}}],"collection":[{"href":"https:\/\/agora.xtec.cat\/escolapauvila\/wp-json\/wp\/v2\/posts"}],"about":[{"href":"https:\/\/agora.xtec.cat\/escolapauvila\/wp-json\/wp\/v2\/types\/post"}],"author":[{"embeddable":true,"href":"https:\/\/agora.xtec.cat\/escolapauvila\/wp-json\/wp\/v2\/users\/1"}],"replies":[{"embeddable":true,"href":"https:\/\/agora.xtec.cat\/escolapauvila\/wp-json\/wp\/v2\/comments?post=1738"}],"version-history":[{"count":3,"href":"https:\/\/agora.xtec.cat\/escolapauvila\/wp-json\/wp\/v2\/posts\/1738\/revisions"}],"predecessor-version":[{"id":1768,"href":"https:\/\/agora.xtec.cat\/escolapauvila\/wp-json\/wp\/v2\/posts\/1738\/revisions\/1768"}],"wp:featuredmedia":[{"embeddable":true,"href":"https:\/\/agora.xtec.cat\/escolapauvila\/wp-json\/wp\/v2\/media\/1748"}],"wp:attachment":[{"href":"https:\/\/agora.xtec.cat\/escolapauvila\/wp-json\/wp\/v2\/media?parent=1738"}],"wp:term":[{"taxonomy":"category","embeddable":true,"href":"https:\/\/agora.xtec.cat\/escolapauvila\/wp-json\/wp\/v2\/categories?post=1738"},{"taxonomy":"post_tag","embeddable":true,"href":"https:\/\/agora.xtec.cat\/escolapauvila\/wp-json\/wp\/v2\/tags?post=1738"}],"curies":[{"name":"wp","href":"https:\/\/api.w.org\/{rel}","templated":true}]}}