{"id":1540,"date":"2020-11-01T14:12:58","date_gmt":"2020-11-01T13:12:58","guid":{"rendered":"https:\/\/agora.xtec.cat\/escolapauvila\/?p=1540"},"modified":"2020-11-01T19:29:48","modified_gmt":"2020-11-01T18:29:48","slug":"la-castanyada-a-la-comunitat-de-petites-i-petits","status":"publish","type":"post","link":"https:\/\/agora.xtec.cat\/escolapauvila\/petits\/la-castanyada-a-la-comunitat-de-petites-i-petits\/","title":{"rendered":"LA CASTANYADA A LA COMUNITAT DE PETITES I PETITS"},"content":{"rendered":"<p style=\"text-align: justify;\">HOLA\u00a0 <strong><span style=\"font-size: 20px;\"><span style=\"color: #ff0000;\">F<\/span>AM\u00cdLIES<\/span><\/strong>!!<\/p>\n<p style=\"text-align: justify;\">EL CORONAVIRUS EST\u00c0 FENT QUE CANVIEM ALGUNS DELS NOSTRES H\u00c0BITS I RUTINES, PER\u00d2 NO\u00a0 ENS QUEDAREM SENSE FESTES!<\/p>\n<p style=\"text-align: justify;\">PER AIX\u00d2 EL PASSAT <strong><span style=\"font-size: 20px;\"><span style=\"color: #ff0000;\">D<\/span>IVENDRES<\/span><\/strong> A LA TARDA VAM VOLER CELEBRAR <strong><span style=\"font-size: 20px;\"><span style=\"color: #ff0000;\">L<\/span>A <span style=\"color: #ff0000;\">C<\/span>ASTANYADA<\/span><\/strong>!<\/p>\n<p style=\"text-align: justify;\">ELS M\u00c9S PETITS I PETITES DE LA COMUNITAT VAN PELAR I MENJAR <span style=\"font-size: 20px;\"><strong><span style=\"color: #ff0000;\">M<\/span>ANDARINES<\/strong><\/span> A LA SEVA CLASSE, I DESPR\u00c9S VAN SORTIR A BALLAR DANSES DE <span style=\"font-size: 20px;\"><strong><span style=\"color: #ff0000;\">T<\/span>ARDOR<\/strong><\/span> AL SEU PATI.<\/p>\n<p style=\"text-align: justify;\"><a href=\"https:\/\/agora.xtec.cat\/escolapauvila\/wp-content\/uploads\/usu1565\/2020\/11\/1.jpg\"><img loading=\"lazy\" decoding=\"async\" class=\"alignnone wp-image-1541\" src=\"https:\/\/agora.xtec.cat\/escolapauvila\/wp-content\/uploads\/usu1565\/2020\/11\/1-1024x768.jpg\" alt=\"\" width=\"264\" height=\"198\" srcset=\"https:\/\/agora.xtec.cat\/escolapauvila\/wp-content\/uploads\/usu1565\/2020\/11\/1.jpg 1024w, https:\/\/agora.xtec.cat\/escolapauvila\/wp-content\/uploads\/usu1565\/2020\/11\/1-300x225.jpg 300w, https:\/\/agora.xtec.cat\/escolapauvila\/wp-content\/uploads\/usu1565\/2020\/11\/1-768x576.jpg 768w, https:\/\/agora.xtec.cat\/escolapauvila\/wp-content\/uploads\/usu1565\/2020\/11\/1-200x150.jpg 200w\" sizes=\"auto, (max-width: 264px) 100vw, 264px\" \/><\/a><a href=\"https:\/\/agora.xtec.cat\/escolapauvila\/wp-content\/uploads\/usu1565\/2020\/11\/1-1.jpg\"><img loading=\"lazy\" decoding=\"async\" class=\"alignnone wp-image-1547\" src=\"https:\/\/agora.xtec.cat\/escolapauvila\/wp-content\/uploads\/usu1565\/2020\/11\/1-1-1024x768.jpg\" alt=\"\" width=\"266\" height=\"199\" srcset=\"https:\/\/agora.xtec.cat\/escolapauvila\/wp-content\/uploads\/usu1565\/2020\/11\/1-1.jpg 1024w, https:\/\/agora.xtec.cat\/escolapauvila\/wp-content\/uploads\/usu1565\/2020\/11\/1-1-300x225.jpg 300w, https:\/\/agora.xtec.cat\/escolapauvila\/wp-content\/uploads\/usu1565\/2020\/11\/1-1-768x576.jpg 768w, https:\/\/agora.xtec.cat\/escolapauvila\/wp-content\/uploads\/usu1565\/2020\/11\/1-1-200x150.jpg 200w\" sizes=\"auto, (max-width: 266px) 100vw, 266px\" \/><\/a><a href=\"https:\/\/agora.xtec.cat\/escolapauvila\/wp-content\/uploads\/usu1565\/2020\/11\/1-2.jpg\"><img loading=\"lazy\" decoding=\"async\" class=\"alignnone wp-image-1551\" src=\"https:\/\/agora.xtec.cat\/escolapauvila\/wp-content\/uploads\/usu1565\/2020\/11\/1-2-768x1024.jpg\" alt=\"\" width=\"240\" height=\"320\" srcset=\"https:\/\/agora.xtec.cat\/escolapauvila\/wp-content\/uploads\/usu1565\/2020\/11\/1-2-768x1024.jpg 768w, https:\/\/agora.xtec.cat\/escolapauvila\/wp-content\/uploads\/usu1565\/2020\/11\/1-2-225x300.jpg 225w, https:\/\/agora.xtec.cat\/escolapauvila\/wp-content\/uploads\/usu1565\/2020\/11\/1-2.jpg 1024w\" sizes=\"auto, (max-width: 240px) 100vw, 240px\" \/><\/a><\/p>\n<p style=\"text-align: justify;\">ELS NENS I LES NENES DE<strong><span style=\"font-size: 20px;\"> P4 <\/span><\/strong><span style=\"font-size: 20px;\"><span style=\"font-size: 16px;\">I<\/span><\/span><strong><span style=\"font-size: 20px;\"> P5 <\/span><\/strong>VAN COMPARTIR UN <strong><span style=\"font-size: 20px;\"><span style=\"color: #ff0000;\">B<\/span>ERENAR<\/span><\/strong> DE <span style=\"font-size: 20px;\"><strong><span style=\"color: #ff0000;\">T<\/span>ARDOR<\/strong><\/span> (RESPECTANT LES DIST\u00c0NCIES I LES MESURES DE SEGURETAT ENTRE GRUPS) AL PATI DISFRESSATS DE <strong><span style=\"font-size: 20px;\"><span style=\"color: #ff0000;\">C<\/span>ASTANYERS<\/span><\/strong> I <strong><span style=\"font-size: 20px;\"><span style=\"color: #ff0000;\">C<\/span>ASTANYERES<\/span><\/strong> O AMB ALG\u00daN DETALLET DE <span style=\"font-size: 20px;\"><strong><span style=\"color: #ff0000;\">T<\/span>ARDOR<\/strong><\/span>.<\/p>\n<p style=\"text-align: justify;\"><a href=\"https:\/\/agora.xtec.cat\/escolapauvila\/wp-content\/uploads\/usu1565\/2020\/11\/4.jpg\"><img loading=\"lazy\" decoding=\"async\" class=\"alignnone wp-image-1542\" src=\"https:\/\/agora.xtec.cat\/escolapauvila\/wp-content\/uploads\/usu1565\/2020\/11\/4-1024x768.jpg\" alt=\"\" width=\"387\" height=\"290\" srcset=\"https:\/\/agora.xtec.cat\/escolapauvila\/wp-content\/uploads\/usu1565\/2020\/11\/4.jpg 1024w, https:\/\/agora.xtec.cat\/escolapauvila\/wp-content\/uploads\/usu1565\/2020\/11\/4-300x225.jpg 300w, https:\/\/agora.xtec.cat\/escolapauvila\/wp-content\/uploads\/usu1565\/2020\/11\/4-768x576.jpg 768w, https:\/\/agora.xtec.cat\/escolapauvila\/wp-content\/uploads\/usu1565\/2020\/11\/4-200x150.jpg 200w\" sizes=\"auto, (max-width: 387px) 100vw, 387px\" \/><\/a><a href=\"https:\/\/agora.xtec.cat\/escolapauvila\/wp-content\/uploads\/usu1565\/2020\/11\/1.png\"><img loading=\"lazy\" decoding=\"async\" class=\"alignnone wp-image-1543\" src=\"https:\/\/agora.xtec.cat\/escolapauvila\/wp-content\/uploads\/usu1565\/2020\/11\/1-1024x768.png\" alt=\"\" width=\"389\" height=\"292\" srcset=\"https:\/\/agora.xtec.cat\/escolapauvila\/wp-content\/uploads\/usu1565\/2020\/11\/1.png 1024w, https:\/\/agora.xtec.cat\/escolapauvila\/wp-content\/uploads\/usu1565\/2020\/11\/1-300x225.png 300w, https:\/\/agora.xtec.cat\/escolapauvila\/wp-content\/uploads\/usu1565\/2020\/11\/1-768x576.png 768w, https:\/\/agora.xtec.cat\/escolapauvila\/wp-content\/uploads\/usu1565\/2020\/11\/1-200x150.png 200w\" sizes=\"auto, (max-width: 389px) 100vw, 389px\" \/><\/a><\/p>\n<p style=\"text-align: justify;\"><a href=\"https:\/\/agora.xtec.cat\/escolapauvila\/wp-content\/uploads\/usu1565\/2020\/11\/2.jpg\"><img loading=\"lazy\" decoding=\"async\" class=\"alignnone wp-image-1544\" src=\"https:\/\/agora.xtec.cat\/escolapauvila\/wp-content\/uploads\/usu1565\/2020\/11\/2-1024x768.jpg\" alt=\"\" width=\"377\" height=\"283\" srcset=\"https:\/\/agora.xtec.cat\/escolapauvila\/wp-content\/uploads\/usu1565\/2020\/11\/2.jpg 1024w, https:\/\/agora.xtec.cat\/escolapauvila\/wp-content\/uploads\/usu1565\/2020\/11\/2-300x225.jpg 300w, https:\/\/agora.xtec.cat\/escolapauvila\/wp-content\/uploads\/usu1565\/2020\/11\/2-768x576.jpg 768w, https:\/\/agora.xtec.cat\/escolapauvila\/wp-content\/uploads\/usu1565\/2020\/11\/2-200x150.jpg 200w\" sizes=\"auto, (max-width: 377px) 100vw, 377px\" \/><\/a><a href=\"https:\/\/agora.xtec.cat\/escolapauvila\/wp-content\/uploads\/usu1565\/2020\/11\/3.jpg\"><img loading=\"lazy\" decoding=\"async\" class=\"alignnone wp-image-1545\" src=\"https:\/\/agora.xtec.cat\/escolapauvila\/wp-content\/uploads\/usu1565\/2020\/11\/3-1024x768.jpg\" alt=\"\" width=\"370\" height=\"278\" srcset=\"https:\/\/agora.xtec.cat\/escolapauvila\/wp-content\/uploads\/usu1565\/2020\/11\/3.jpg 1024w, https:\/\/agora.xtec.cat\/escolapauvila\/wp-content\/uploads\/usu1565\/2020\/11\/3-300x225.jpg 300w, https:\/\/agora.xtec.cat\/escolapauvila\/wp-content\/uploads\/usu1565\/2020\/11\/3-768x576.jpg 768w, https:\/\/agora.xtec.cat\/escolapauvila\/wp-content\/uploads\/usu1565\/2020\/11\/3-200x150.jpg 200w\" sizes=\"auto, (max-width: 370px) 100vw, 370px\" \/><\/a><\/p>\n<p style=\"text-align: justify;\">FINS I TOT VAM TENIR LA VISITA D&#8217;UN <span style=\"font-size: 20px;\"><strong><span style=\"color: #ff0000;\">F<\/span>ANTASMA<\/strong><\/span>!!!<\/p>\n<p style=\"text-align: justify;\"><a href=\"https:\/\/agora.xtec.cat\/escolapauvila\/wp-content\/uploads\/usu1565\/2020\/11\/5.jpg\"><img loading=\"lazy\" decoding=\"async\" class=\"wp-image-1546 aligncenter\" src=\"https:\/\/agora.xtec.cat\/escolapauvila\/wp-content\/uploads\/usu1565\/2020\/11\/5-1024x768.jpg\" alt=\"\" width=\"451\" height=\"338\" srcset=\"https:\/\/agora.xtec.cat\/escolapauvila\/wp-content\/uploads\/usu1565\/2020\/11\/5.jpg 1024w, https:\/\/agora.xtec.cat\/escolapauvila\/wp-content\/uploads\/usu1565\/2020\/11\/5-300x225.jpg 300w, https:\/\/agora.xtec.cat\/escolapauvila\/wp-content\/uploads\/usu1565\/2020\/11\/5-768x576.jpg 768w, https:\/\/agora.xtec.cat\/escolapauvila\/wp-content\/uploads\/usu1565\/2020\/11\/5-200x150.jpg 200w\" sizes=\"auto, (max-width: 451px) 100vw, 451px\" \/><\/a><\/p>\n<p style=\"text-align: justify;\">SI FEU CLICK <a href=\"https:\/\/photos.app.goo.gl\/4VpuDu3zCXDhxJCu6\"><span style=\"font-size: 32px; color: #ff6600;\">AQU\u00cd<\/span> <\/a>PODREU VEURE COM VAM GAUDIR DE LA TARDA\u00a0 I DESCARREGAR TOTES LES FOTOS!!!<\/p>\n","protected":false},"excerpt":{"rendered":"<p>Celebraci\u00f3 Castanyada 2020&hellip;  <a href=\"https:\/\/agora.xtec.cat\/escolapauvila\/petits\/la-castanyada-a-la-comunitat-de-petites-i-petits\/\" title=\"Read LA CASTANYADA A LA COMUNITAT DE PETITES I PETITS\">Llegeix m\u00e9s\u00bb<\/a><\/p>\n","protected":false},"author":1,"featured_media":1547,"comment_status":"open","ping_status":"closed","sticky":false,"template":"","format":"standard","meta":{"_bbp_topic_count":0,"_bbp_reply_count":0,"_bbp_total_topic_count":0,"_bbp_total_reply_count":0,"_bbp_voice_count":0,"_bbp_anonymous_reply_count":0,"_bbp_topic_count_hidden":0,"_bbp_reply_count_hidden":0,"_bbp_forum_subforum_count":0,"footnotes":""},"categories":[2],"tags":[117,94,95,96,103,114,105,106,107,118,108,104,97,116],"class_list":["post-1540","post","type-post","status-publish","format-standard","has-post-thumbnail","hentry","category-petits","tag-castanyada","tag-ei3a20-21","tag-ei3b20-21","tag-ei3c20-21","tag-ei4a20-21","tag-ei4b20-21","tag-ei5a20-21","tag-ei5b20-21","tag-ei5c20-21","tag-festes","tag-nascuts2015","tag-nascuts2016","tag-nascuts2017","tag-tardor"],"post_mailing_queue_ids":[],"_links":{"self":[{"href":"https:\/\/agora.xtec.cat\/escolapauvila\/wp-json\/wp\/v2\/posts\/1540","targetHints":{"allow":["GET"]}}],"collection":[{"href":"https:\/\/agora.xtec.cat\/escolapauvila\/wp-json\/wp\/v2\/posts"}],"about":[{"href":"https:\/\/agora.xtec.cat\/escolapauvila\/wp-json\/wp\/v2\/types\/post"}],"author":[{"embeddable":true,"href":"https:\/\/agora.xtec.cat\/escolapauvila\/wp-json\/wp\/v2\/users\/1"}],"replies":[{"embeddable":true,"href":"https:\/\/agora.xtec.cat\/escolapauvila\/wp-json\/wp\/v2\/comments?post=1540"}],"version-history":[{"count":3,"href":"https:\/\/agora.xtec.cat\/escolapauvila\/wp-json\/wp\/v2\/posts\/1540\/revisions"}],"predecessor-version":[{"id":1553,"href":"https:\/\/agora.xtec.cat\/escolapauvila\/wp-json\/wp\/v2\/posts\/1540\/revisions\/1553"}],"wp:featuredmedia":[{"embeddable":true,"href":"https:\/\/agora.xtec.cat\/escolapauvila\/wp-json\/wp\/v2\/media\/1547"}],"wp:attachment":[{"href":"https:\/\/agora.xtec.cat\/escolapauvila\/wp-json\/wp\/v2\/media?parent=1540"}],"wp:term":[{"taxonomy":"category","embeddable":true,"href":"https:\/\/agora.xtec.cat\/escolapauvila\/wp-json\/wp\/v2\/categories?post=1540"},{"taxonomy":"post_tag","embeddable":true,"href":"https:\/\/agora.xtec.cat\/escolapauvila\/wp-json\/wp\/v2\/tags?post=1540"}],"curies":[{"name":"wp","href":"https:\/\/api.w.org\/{rel}","templated":true}]}}