{"id":1473,"date":"2020-10-30T09:55:08","date_gmt":"2020-10-30T08:55:08","guid":{"rendered":"https:\/\/agora.xtec.cat\/escolapauvila\/?p=1473"},"modified":"2020-10-31T18:46:53","modified_gmt":"2020-10-31T17:46:53","slug":"projecte-daula-els-bacteris","status":"publish","type":"post","link":"https:\/\/agora.xtec.cat\/escolapauvila\/grans\/6e\/projecte-daula-els-bacteris\/","title":{"rendered":"Projecte d&#8217;aula: Els bacteris"},"content":{"rendered":"<p>Fa unes setmanes vam triar el nom de la classe: Els bacteris. A partir d\u2019aqu\u00ed, vam comen\u00e7ar un projecte dels bacteris per parelles.<\/p>\n<p>Vam inciar el projecte amb una rutina de pensament: veig, penso, em pregunto. En l\u2019apartat de \u201cveig\u201d, vam veure unes imatges sobre els bacteris i vam escriure el que v\u00e8iem, despr\u00e9s, a \u201cpenso\u201d, vam escriure el que nosaltres pen\u00e0vem sobre el tema i, per \u00faltim, a l\u2019apartat de \u201cem pregunto\u201d,\u00a0 vam apuntar el que nosaltres vol\u00edem saber sobre el tema.<\/p>\n<p>La Paola, la nostre tutora, ens va donar l\u2019opci\u00f3 de fer un lapbook o una presentaci\u00f3 amb power point. Alguns i algunes alumnes van triar una opci\u00f3 o l\u2019altra.<\/p>\n<p>A les hores de castell\u00e0, dediquem una d\u2019elles, per avan\u00e7ar el nostre projecte d\u2019aula.<\/p>\n<p>&nbsp;<\/p>\n<p><a href=\"https:\/\/agora.xtec.cat\/escolapauvila\/wp-content\/uploads\/usu1565\/2020\/10\/Publicaci\u00f3n-de-Facebook-Marr\u00f3n-Collage-Liso.jpg\"><img loading=\"lazy\" decoding=\"async\" class=\"alignnone wp-image-1521\" src=\"https:\/\/agora.xtec.cat\/escolapauvila\/wp-content\/uploads\/usu1565\/2020\/10\/Publicaci\u00f3n-de-Facebook-Marr\u00f3n-Collage-Liso-300x251.jpg\" alt=\"\" width=\"430\" height=\"360\" srcset=\"https:\/\/agora.xtec.cat\/escolapauvila\/wp-content\/uploads\/usu1565\/2020\/10\/Publicaci\u00f3n-de-Facebook-Marr\u00f3n-Collage-Liso-300x250.jpg 300w, https:\/\/agora.xtec.cat\/escolapauvila\/wp-content\/uploads\/usu1565\/2020\/10\/Publicaci\u00f3n-de-Facebook-Marr\u00f3n-Collage-Liso-768x644.jpg 768w, https:\/\/agora.xtec.cat\/escolapauvila\/wp-content\/uploads\/usu1565\/2020\/10\/Publicaci\u00f3n-de-Facebook-Marr\u00f3n-Collage-Liso.jpg 940w\" sizes=\"auto, (max-width: 430px) 100vw, 430px\" \/><\/a><\/p>\n<p>&nbsp;<\/p>\n<p>&nbsp;<\/p>\n","protected":false},"excerpt":{"rendered":"<p>Fa unes setmanes vam triar el nom de la classe: Els bacteris. A partir d\u2019aqu\u00ed, vam comen\u00e7ar un projecte dels bacteris per parelles.<br \/>\nVam inciar el projecte amb una rutina de pensament: veig, penso, em pregunto. En l\u2019apartat de \u201cveig\u201d, vam veure unes imatges sobre els&hellip;  <a href=\"https:\/\/agora.xtec.cat\/escolapauvila\/grans\/6e\/projecte-daula-els-bacteris\/\" title=\"Read Projecte d&#8217;aula: Els bacteris\">Llegeix m\u00e9s\u00bb<\/a><\/p>\n","protected":false},"author":1,"featured_media":1521,"comment_status":"open","ping_status":"closed","sticky":false,"template":"","format":"standard","meta":{"_bbp_topic_count":0,"_bbp_reply_count":0,"_bbp_total_topic_count":0,"_bbp_total_reply_count":0,"_bbp_voice_count":0,"_bbp_anonymous_reply_count":0,"_bbp_topic_count_hidden":0,"_bbp_reply_count_hidden":0,"_bbp_forum_subforum_count":0,"footnotes":""},"categories":[15,61],"tags":[115,93],"class_list":["post-1473","post","type-post","status-publish","format-standard","has-post-thumbnail","hentry","category-6e","category-grans","tag-6c20-21","tag-nascuts2009"],"post_mailing_queue_ids":[],"_links":{"self":[{"href":"https:\/\/agora.xtec.cat\/escolapauvila\/wp-json\/wp\/v2\/posts\/1473","targetHints":{"allow":["GET"]}}],"collection":[{"href":"https:\/\/agora.xtec.cat\/escolapauvila\/wp-json\/wp\/v2\/posts"}],"about":[{"href":"https:\/\/agora.xtec.cat\/escolapauvila\/wp-json\/wp\/v2\/types\/post"}],"author":[{"embeddable":true,"href":"https:\/\/agora.xtec.cat\/escolapauvila\/wp-json\/wp\/v2\/users\/1"}],"replies":[{"embeddable":true,"href":"https:\/\/agora.xtec.cat\/escolapauvila\/wp-json\/wp\/v2\/comments?post=1473"}],"version-history":[{"count":3,"href":"https:\/\/agora.xtec.cat\/escolapauvila\/wp-json\/wp\/v2\/posts\/1473\/revisions"}],"predecessor-version":[{"id":1524,"href":"https:\/\/agora.xtec.cat\/escolapauvila\/wp-json\/wp\/v2\/posts\/1473\/revisions\/1524"}],"wp:featuredmedia":[{"embeddable":true,"href":"https:\/\/agora.xtec.cat\/escolapauvila\/wp-json\/wp\/v2\/media\/1521"}],"wp:attachment":[{"href":"https:\/\/agora.xtec.cat\/escolapauvila\/wp-json\/wp\/v2\/media?parent=1473"}],"wp:term":[{"taxonomy":"category","embeddable":true,"href":"https:\/\/agora.xtec.cat\/escolapauvila\/wp-json\/wp\/v2\/categories?post=1473"},{"taxonomy":"post_tag","embeddable":true,"href":"https:\/\/agora.xtec.cat\/escolapauvila\/wp-json\/wp\/v2\/tags?post=1473"}],"curies":[{"name":"wp","href":"https:\/\/api.w.org\/{rel}","templated":true}]}}