{"id":1308,"date":"2020-10-26T17:33:36","date_gmt":"2020-10-26T16:33:36","guid":{"rendered":"https:\/\/agora.xtec.cat\/escolapauvila\/?p=1308"},"modified":"2020-10-29T22:13:18","modified_gmt":"2020-10-29T21:13:18","slug":"6e-b-confinat","status":"publish","type":"post","link":"https:\/\/agora.xtec.cat\/escolapauvila\/grans\/6e\/6e-b-confinat\/","title":{"rendered":"6\u00e8 B CONFINAT!"},"content":{"rendered":"<p>El divendres al migdia vam rebre una not\u00edcia no gaire agradable&#8230;de fet era una not\u00edcia que ning\u00fa volia que arrib\u00e9s per\u00f2 que, tard o d&#8217;hora tots i totes sab\u00edem que acabaria arribant. La Pietat i la N\u00faria ens van informar que <strong>hav\u00edem de confinar-nos!<\/strong> Per sort, nom\u00e9s han estat tres dies&#8230;<\/p>\n<p>Avui hem comen\u00e7at la setmana d&#8217;una manera diferent. Ens hem connectat a les 9h i ens hem pogut organitzar el dia. Alguns deien que no els havia anat pas malament el quedar-se a casa, d&#8217;altres tenien ganes de tornar a escola&#8230;Sigui com sigui, tots i totes hem coincidit que no volem tornar a viure la situaci\u00f3 del curs passat i haver-nos de quedar tres mesos a casa!<\/p>\n<p>Aqu\u00ed us deixo el recull d&#8217;algunes imatges de la sessi\u00f3 virtual d&#8217;aquest mat\u00ed:<\/p>\n<p><a href=\"https:\/\/agora.xtec.cat\/escolapauvila\/wp-content\/uploads\/usu1565\/2020\/10\/33.jpg\"><img loading=\"lazy\" decoding=\"async\" class=\"alignnone size-medium wp-image-1309\" src=\"https:\/\/agora.xtec.cat\/escolapauvila\/wp-content\/uploads\/usu1565\/2020\/10\/33-300x169.jpg\" alt=\"\" width=\"300\" height=\"169\" srcset=\"https:\/\/agora.xtec.cat\/escolapauvila\/wp-content\/uploads\/usu1565\/2020\/10\/33-300x169.jpg 300w, https:\/\/agora.xtec.cat\/escolapauvila\/wp-content\/uploads\/usu1565\/2020\/10\/33-768x432.jpg 768w, https:\/\/agora.xtec.cat\/escolapauvila\/wp-content\/uploads\/usu1565\/2020\/10\/33-1024x576.jpg 1024w, https:\/\/agora.xtec.cat\/escolapauvila\/wp-content\/uploads\/usu1565\/2020\/10\/33.jpg 1920w\" sizes=\"auto, (max-width: 300px) 100vw, 300px\" \/><\/a> <a href=\"https:\/\/agora.xtec.cat\/escolapauvila\/wp-content\/uploads\/usu1565\/2020\/10\/22.jpg\"><img loading=\"lazy\" decoding=\"async\" class=\"alignnone wp-image-1310 size-medium\" src=\"https:\/\/agora.xtec.cat\/escolapauvila\/wp-content\/uploads\/usu1565\/2020\/10\/22-300x169.jpg\" alt=\"\" width=\"300\" height=\"169\" srcset=\"https:\/\/agora.xtec.cat\/escolapauvila\/wp-content\/uploads\/usu1565\/2020\/10\/22-300x169.jpg 300w, https:\/\/agora.xtec.cat\/escolapauvila\/wp-content\/uploads\/usu1565\/2020\/10\/22-768x432.jpg 768w, https:\/\/agora.xtec.cat\/escolapauvila\/wp-content\/uploads\/usu1565\/2020\/10\/22-1024x576.jpg 1024w, https:\/\/agora.xtec.cat\/escolapauvila\/wp-content\/uploads\/usu1565\/2020\/10\/22.jpg 1920w\" sizes=\"auto, (max-width: 300px) 100vw, 300px\" \/><\/a> <a href=\"https:\/\/agora.xtec.cat\/escolapauvila\/wp-content\/uploads\/usu1565\/2020\/10\/1111.jpg\"><img loading=\"lazy\" decoding=\"async\" class=\"alignnone wp-image-1311 size-medium\" src=\"https:\/\/agora.xtec.cat\/escolapauvila\/wp-content\/uploads\/usu1565\/2020\/10\/1111-300x169.jpg\" alt=\"\" width=\"300\" height=\"169\" srcset=\"https:\/\/agora.xtec.cat\/escolapauvila\/wp-content\/uploads\/usu1565\/2020\/10\/1111-300x169.jpg 300w, https:\/\/agora.xtec.cat\/escolapauvila\/wp-content\/uploads\/usu1565\/2020\/10\/1111-768x432.jpg 768w, https:\/\/agora.xtec.cat\/escolapauvila\/wp-content\/uploads\/usu1565\/2020\/10\/1111-1024x576.jpg 1024w, https:\/\/agora.xtec.cat\/escolapauvila\/wp-content\/uploads\/usu1565\/2020\/10\/1111.jpg 1920w\" sizes=\"auto, (max-width: 300px) 100vw, 300px\" \/><\/a><\/p>\n","protected":false},"excerpt":{"rendered":"<p>El divendres al migdia vam rebre una not\u00edcia no gaire agradable&#8230;de fet era una not\u00edcia que ning\u00fa volia que arrib\u00e9s per\u00f2 que, tard o d&#8217;hora tots i totes sab\u00edem que acabaria arribant. La Pietat i la N\u00faria ens van informar que hav\u00edem de confinar-nos! Per&hellip;  <a href=\"https:\/\/agora.xtec.cat\/escolapauvila\/grans\/6e\/6e-b-confinat\/\" title=\"Read 6\u00e8 B CONFINAT!\">Llegeix m\u00e9s\u00bb<\/a><\/p>\n","protected":false},"author":1,"featured_media":1310,"comment_status":"open","ping_status":"closed","sticky":false,"template":"","format":"standard","meta":{"_bbp_topic_count":0,"_bbp_reply_count":0,"_bbp_total_topic_count":0,"_bbp_total_reply_count":0,"_bbp_voice_count":0,"_bbp_anonymous_reply_count":0,"_bbp_topic_count_hidden":0,"_bbp_reply_count_hidden":0,"_bbp_forum_subforum_count":0,"footnotes":""},"categories":[15,61],"tags":[92,113,93],"class_list":["post-1308","post","type-post","status-publish","format-standard","has-post-thumbnail","hentry","category-6e","category-grans","tag-6b20-21","tag-mesurescovid","tag-nascuts2009"],"post_mailing_queue_ids":[],"_links":{"self":[{"href":"https:\/\/agora.xtec.cat\/escolapauvila\/wp-json\/wp\/v2\/posts\/1308","targetHints":{"allow":["GET"]}}],"collection":[{"href":"https:\/\/agora.xtec.cat\/escolapauvila\/wp-json\/wp\/v2\/posts"}],"about":[{"href":"https:\/\/agora.xtec.cat\/escolapauvila\/wp-json\/wp\/v2\/types\/post"}],"author":[{"embeddable":true,"href":"https:\/\/agora.xtec.cat\/escolapauvila\/wp-json\/wp\/v2\/users\/1"}],"replies":[{"embeddable":true,"href":"https:\/\/agora.xtec.cat\/escolapauvila\/wp-json\/wp\/v2\/comments?post=1308"}],"version-history":[{"count":1,"href":"https:\/\/agora.xtec.cat\/escolapauvila\/wp-json\/wp\/v2\/posts\/1308\/revisions"}],"predecessor-version":[{"id":1312,"href":"https:\/\/agora.xtec.cat\/escolapauvila\/wp-json\/wp\/v2\/posts\/1308\/revisions\/1312"}],"wp:featuredmedia":[{"embeddable":true,"href":"https:\/\/agora.xtec.cat\/escolapauvila\/wp-json\/wp\/v2\/media\/1310"}],"wp:attachment":[{"href":"https:\/\/agora.xtec.cat\/escolapauvila\/wp-json\/wp\/v2\/media?parent=1308"}],"wp:term":[{"taxonomy":"category","embeddable":true,"href":"https:\/\/agora.xtec.cat\/escolapauvila\/wp-json\/wp\/v2\/categories?post=1308"},{"taxonomy":"post_tag","embeddable":true,"href":"https:\/\/agora.xtec.cat\/escolapauvila\/wp-json\/wp\/v2\/tags?post=1308"}],"curies":[{"name":"wp","href":"https:\/\/api.w.org\/{rel}","templated":true}]}}