{"id":12107,"date":"2026-03-04T22:21:30","date_gmt":"2026-03-04T21:21:30","guid":{"rendered":"https:\/\/agora.xtec.cat\/escolapauvila\/?p=12107"},"modified":"2026-03-04T22:27:29","modified_gmt":"2026-03-04T21:27:29","slug":"ja-hem-ences-els-frontals-comenca-el-voluntariat-dels-espeleolegs-es-literaris","status":"publish","type":"post","link":"https:\/\/agora.xtec.cat\/escolapauvila\/general\/ja-hem-ences-els-frontals-comenca-el-voluntariat-dels-espeleolegs-es-literaris\/","title":{"rendered":"Ja hem enc\u00e8s els frontals! Comen\u00e7a el voluntariat dels Espele\u00f2legs\/es Literaris"},"content":{"rendered":"<p><a href=\"https:\/\/agora.xtec.cat\/escolapauvila\/wp-content\/uploads\/usu1565\/2026\/03\/1772649131316.jpg\"><img loading=\"lazy\" decoding=\"async\" class=\"alignnone size-large wp-image-12108\" src=\"https:\/\/agora.xtec.cat\/escolapauvila\/wp-content\/uploads\/usu1565\/2026\/03\/1772649131316-1024x576.jpg\" alt=\"\" width=\"1024\" height=\"576\" srcset=\"https:\/\/agora.xtec.cat\/escolapauvila\/wp-content\/uploads\/usu1565\/2026\/03\/1772649131316-1024x576.jpg 1024w, https:\/\/agora.xtec.cat\/escolapauvila\/wp-content\/uploads\/usu1565\/2026\/03\/1772649131316-300x169.jpg 300w, https:\/\/agora.xtec.cat\/escolapauvila\/wp-content\/uploads\/usu1565\/2026\/03\/1772649131316-768x432.jpg 768w, https:\/\/agora.xtec.cat\/escolapauvila\/wp-content\/uploads\/usu1565\/2026\/03\/1772649131316-1536x864.jpg 1536w, https:\/\/agora.xtec.cat\/escolapauvila\/wp-content\/uploads\/usu1565\/2026\/03\/1772649131316.jpg 1920w\" sizes=\"auto, (max-width: 1024px) 100vw, 1024px\" \/><\/a><a href=\"https:\/\/agora.xtec.cat\/escolapauvila\/wp-content\/uploads\/usu1565\/2026\/03\/1772649131340-1-scaled.jpg\"><img loading=\"lazy\" decoding=\"async\" class=\"alignnone size-large wp-image-12111\" src=\"https:\/\/agora.xtec.cat\/escolapauvila\/wp-content\/uploads\/usu1565\/2026\/03\/1772649131340-1-1024x771.jpg\" alt=\"\" width=\"1024\" height=\"771\" srcset=\"https:\/\/agora.xtec.cat\/escolapauvila\/wp-content\/uploads\/usu1565\/2026\/03\/1772649131340-1-1024x771.jpg 1024w, https:\/\/agora.xtec.cat\/escolapauvila\/wp-content\/uploads\/usu1565\/2026\/03\/1772649131340-1-300x226.jpg 300w, https:\/\/agora.xtec.cat\/escolapauvila\/wp-content\/uploads\/usu1565\/2026\/03\/1772649131340-1-768x578.jpg 768w, https:\/\/agora.xtec.cat\/escolapauvila\/wp-content\/uploads\/usu1565\/2026\/03\/1772649131340-1-1536x1157.jpg 1536w, https:\/\/agora.xtec.cat\/escolapauvila\/wp-content\/uploads\/usu1565\/2026\/03\/1772649131340-1-2048x1542.jpg 2048w, https:\/\/agora.xtec.cat\/escolapauvila\/wp-content\/uploads\/usu1565\/2026\/03\/1772649131340-1-200x150.jpg 200w\" sizes=\"auto, (max-width: 1024px) 100vw, 1024px\" \/><\/a><a href=\"https:\/\/agora.xtec.cat\/escolapauvila\/wp-content\/uploads\/usu1565\/2026\/03\/1772453220850-1-scaled.jpg\"><img loading=\"lazy\" decoding=\"async\" class=\"alignnone size-large wp-image-12112\" src=\"https:\/\/agora.xtec.cat\/escolapauvila\/wp-content\/uploads\/usu1565\/2026\/03\/1772453220850-1-1024x771.jpg\" alt=\"\" width=\"1024\" height=\"771\" srcset=\"https:\/\/agora.xtec.cat\/escolapauvila\/wp-content\/uploads\/usu1565\/2026\/03\/1772453220850-1-1024x771.jpg 1024w, https:\/\/agora.xtec.cat\/escolapauvila\/wp-content\/uploads\/usu1565\/2026\/03\/1772453220850-1-300x226.jpg 300w, https:\/\/agora.xtec.cat\/escolapauvila\/wp-content\/uploads\/usu1565\/2026\/03\/1772453220850-1-768x578.jpg 768w, https:\/\/agora.xtec.cat\/escolapauvila\/wp-content\/uploads\/usu1565\/2026\/03\/1772453220850-1-1536x1157.jpg 1536w, https:\/\/agora.xtec.cat\/escolapauvila\/wp-content\/uploads\/usu1565\/2026\/03\/1772453220850-1-2048x1542.jpg 2048w, https:\/\/agora.xtec.cat\/escolapauvila\/wp-content\/uploads\/usu1565\/2026\/03\/1772453220850-1-200x150.jpg 200w\" sizes=\"auto, (max-width: 1024px) 100vw, 1024px\" \/><\/a><\/p>\n<p>Aquesta setmana hem iniciat <strong>el voluntariat dels Espele\u00f2legs Literaris<\/strong>, els nous ajudants del bibliopati de la nostra biblioteca escolar <strong>\u201cLa cova del Drauvil i la Drauvilina\u201d.<\/strong><\/p>\n<p>La proposta ha tingut una acollida tan incre\u00efble que hem organitzat grups de treball rotatius perqu\u00e8 tothom que s\u2019hi ha apuntat pugui participar.<\/p>\n<p>Els nostres &#8220;voluntaris-exploradors&#8221; \u00a0han comen\u00e7at a dur a terme les tasques en que es necessita m\u00e9s ajuda: preparaci\u00f3 de punts de llibre, pr\u00e9stec, reclamaci\u00f3 i endre\u00e7a de llibres, ajuda i acompanyament als usuaris de la Comunitat de Mitjans\u2026<\/p>\n<p>Les primeres sessions han estat tot un \u00e8xit.<\/p>\n<p>Gr\u00e0cies a tots els que feu possible que la biblioteca continu\u00ef creixent!<\/p>\n","protected":false},"excerpt":{"rendered":"<p>Aquesta setmana hem iniciat el voluntariat dels Espele\u00f2legs Literaris, els nous ajudants del bibliopati de la nostra biblioteca escolar \u201cLa cova del Drauvil i la Drauvilina\u201d. La proposta ha tingut una acollida tan incre\u00efble que hem organitzat grups de treball rotatius perqu\u00e8 tothom que s\u2019hi ha apuntat pugui participar. Els nostres &#8220;voluntaris-exploradors&#8221; \u00a0han comen\u00e7at a [&hellip;]<\/p>\n","protected":false},"author":75,"featured_media":12117,"comment_status":"open","ping_status":"open","sticky":false,"template":"","format":"standard","meta":{"site-sidebar-layout":"default","site-content-layout":"","ast-site-content-layout":"","site-content-style":"default","site-sidebar-style":"default","ast-global-header-display":"","ast-banner-title-visibility":"","ast-main-header-display":"","ast-hfb-above-header-display":"","ast-hfb-below-header-display":"","ast-hfb-mobile-header-display":"","site-post-title":"","ast-breadcrumbs-content":"","ast-featured-img":"","footer-sml-layout":"","theme-transparent-header-meta":"","adv-header-id-meta":"","stick-header-meta":"","header-above-stick-meta":"","header-main-stick-meta":"","header-below-stick-meta":"","astra-migrate-meta-layouts":"default","ast-page-background-enabled":"default","ast-page-background-meta":{"desktop":{"background-color":"var(--ast-global-color-4)","background-image":"","background-repeat":"repeat","background-position":"center center","background-size":"auto","background-attachment":"scroll","background-type":"","background-media":"","overlay-type":"","overlay-color":"","overlay-opacity":"","overlay-gradient":""},"tablet":{"background-color":"","background-image":"","background-repeat":"repeat","background-position":"center center","background-size":"auto","background-attachment":"scroll","background-type":"","background-media":"","overlay-type":"","overlay-color":"","overlay-opacity":"","overlay-gradient":""},"mobile":{"background-color":"","background-image":"","background-repeat":"repeat","background-position":"center center","background-size":"auto","background-attachment":"scroll","background-type":"","background-media":"","overlay-type":"","overlay-color":"","overlay-opacity":"","overlay-gradient":""}},"ast-content-background-meta":{"desktop":{"background-color":"var(--ast-global-color-5)","background-image":"","background-repeat":"repeat","background-position":"center center","background-size":"auto","background-attachment":"scroll","background-type":"","background-media":"","overlay-type":"","overlay-color":"","overlay-opacity":"","overlay-gradient":""},"tablet":{"background-color":"var(--ast-global-color-5)","background-image":"","background-repeat":"repeat","background-position":"center center","background-size":"auto","background-attachment":"scroll","background-type":"","background-media":"","overlay-type":"","overlay-color":"","overlay-opacity":"","overlay-gradient":""},"mobile":{"background-color":"var(--ast-global-color-5)","background-image":"","background-repeat":"repeat","background-position":"center center","background-size":"auto","background-attachment":"scroll","background-type":"","background-media":"","overlay-type":"","overlay-color":"","overlay-opacity":"","overlay-gradient":""}},"footnotes":""},"categories":[13,14,15,440,61,5,2,1,4],"tags":[],"class_list":["post-12107","post","type-post","status-publish","format-standard","has-post-thumbnail","hentry","category-4t","category-5e","category-6e","category-biblioteca","category-grans","category-mitjans","category-petits","category-general","category-portada"],"post_mailing_queue_ids":[],"_links":{"self":[{"href":"https:\/\/agora.xtec.cat\/escolapauvila\/wp-json\/wp\/v2\/posts\/12107","targetHints":{"allow":["GET"]}}],"collection":[{"href":"https:\/\/agora.xtec.cat\/escolapauvila\/wp-json\/wp\/v2\/posts"}],"about":[{"href":"https:\/\/agora.xtec.cat\/escolapauvila\/wp-json\/wp\/v2\/types\/post"}],"author":[{"embeddable":true,"href":"https:\/\/agora.xtec.cat\/escolapauvila\/wp-json\/wp\/v2\/users\/75"}],"replies":[{"embeddable":true,"href":"https:\/\/agora.xtec.cat\/escolapauvila\/wp-json\/wp\/v2\/comments?post=12107"}],"version-history":[{"count":5,"href":"https:\/\/agora.xtec.cat\/escolapauvila\/wp-json\/wp\/v2\/posts\/12107\/revisions"}],"predecessor-version":[{"id":12118,"href":"https:\/\/agora.xtec.cat\/escolapauvila\/wp-json\/wp\/v2\/posts\/12107\/revisions\/12118"}],"wp:featuredmedia":[{"embeddable":true,"href":"https:\/\/agora.xtec.cat\/escolapauvila\/wp-json\/wp\/v2\/media\/12117"}],"wp:attachment":[{"href":"https:\/\/agora.xtec.cat\/escolapauvila\/wp-json\/wp\/v2\/media?parent=12107"}],"wp:term":[{"taxonomy":"category","embeddable":true,"href":"https:\/\/agora.xtec.cat\/escolapauvila\/wp-json\/wp\/v2\/categories?post=12107"},{"taxonomy":"post_tag","embeddable":true,"href":"https:\/\/agora.xtec.cat\/escolapauvila\/wp-json\/wp\/v2\/tags?post=12107"}],"curies":[{"name":"wp","href":"https:\/\/api.w.org\/{rel}","templated":true}]}}