{"id":11727,"date":"2025-06-02T18:19:32","date_gmt":"2025-06-02T16:19:32","guid":{"rendered":"https:\/\/agora.xtec.cat\/escolapauvila\/?p=11727"},"modified":"2025-06-02T18:19:51","modified_gmt":"2025-06-02T16:19:51","slug":"sortida-a-lauditori-ma-me-mi-mozart","status":"publish","type":"post","link":"https:\/\/agora.xtec.cat\/escolapauvila\/petits\/sortida-a-lauditori-ma-me-mi-mozart\/","title":{"rendered":"SORTIDA A L&#8217;AUDITORI &#8220;MA, ME, MI MOZART!&#8221;"},"content":{"rendered":"<p>ELS NENS I NENES D&#8217;I3 HEM ANAT PER PRIMERA VEGADA A <strong>L&#8217;AUDITORI<\/strong> A VEURE I ESCOLTAR UNA AUDICI\u00d3 MOLT BONICA QUE ES DIU &#8220;MA, ME, MI MOZART!&#8221;<\/p>\n<p>DURANT TOT EL CURS, A LES SESSIONS DE M\u00daSICA, HEM ANAT FENT ACTIVITATS RELACIONADES AMB LES CAN\u00c7ONS I CONEIXENT LES M\u00daSIQUES DEL CONCERT. V\u00c0REM DESCOBRIR QUE <span style=\"font-size: 20px;\"><strong>MOZART<\/strong><\/span> VA SER UN M\u00daSIC QUE DE MOLT PETIT VA APRENDRE A TOCAR EL PIANO I EL VIOL\u00cd, COMPONIA MELODIES MOLT BONIQUES I\u00a0 HAVIA TOCAT DAVANT DE REIS.<\/p>\n<p>HEM DESCOBERT EL SO DELS DIFERENTS INSTRUMENTS I RELACIONAT AMB EL SEU NOM, ENS HA AGRADAT MOLT VEURE&#8217;LS DURANT L&#8217;ESPECTACLE; ELS M\u00daSICS PASSAVEN PER DAVANT NOSTRE I ENS HEM QUEDAT MERAVELLATS. V\u00c0REM VEURE: UNA <strong>MANDOLINA<\/strong>, UN <strong>CLARINET BAIX<\/strong>, UN <strong>ACORDI\u00d3<\/strong>, UNA<strong> DARBUKKA<\/strong>, UN <strong>VIOL\u00cd<\/strong> I EL <strong>FLUGELHORN<\/strong>.<\/p>\n<p><a href=\"https:\/\/agora.xtec.cat\/escolapauvila\/wp-content\/uploads\/usu1565\/2025\/06\/IMG_9777.jpg\"><img loading=\"lazy\" decoding=\"async\" class=\"alignnone size-full wp-image-11728\" src=\"https:\/\/agora.xtec.cat\/escolapauvila\/wp-content\/uploads\/usu1565\/2025\/06\/IMG_9777.jpg\" alt=\"\" width=\"1000\" height=\"826\" srcset=\"https:\/\/agora.xtec.cat\/escolapauvila\/wp-content\/uploads\/usu1565\/2025\/06\/IMG_9777.jpg 1000w, https:\/\/agora.xtec.cat\/escolapauvila\/wp-content\/uploads\/usu1565\/2025\/06\/IMG_9777-300x248.jpg 300w, https:\/\/agora.xtec.cat\/escolapauvila\/wp-content\/uploads\/usu1565\/2025\/06\/IMG_9777-768x634.jpg 768w\" sizes=\"auto, (max-width: 1000px) 100vw, 1000px\" \/><\/a><\/p>\n<p>EN ACABAR L&#8217;AUDICI\u00d3 V\u00c0REM ANAR A DINAR I JUGAR AL PARC DE CAN MERCADER, V\u00c0REM JUGAR AMB LA SORRA i FER EQUILIBRIS, PUJAR AL GRONXADOR I BAIXAR PEL TOBOGAN, HA ESTAT MOLT DIVERTIT JUGAR TOTS JUNTS!!!<\/p>\n<p><a href=\"https:\/\/agora.xtec.cat\/escolapauvila\/wp-content\/uploads\/usu1565\/2025\/06\/IMG_20250528_145857.jpg\"><img loading=\"lazy\" decoding=\"async\" class=\"alignnone size-full wp-image-11729\" src=\"https:\/\/agora.xtec.cat\/escolapauvila\/wp-content\/uploads\/usu1565\/2025\/06\/IMG_20250528_145857.jpg\" alt=\"\" width=\"1000\" height=\"750\" srcset=\"https:\/\/agora.xtec.cat\/escolapauvila\/wp-content\/uploads\/usu1565\/2025\/06\/IMG_20250528_145857.jpg 1000w, https:\/\/agora.xtec.cat\/escolapauvila\/wp-content\/uploads\/usu1565\/2025\/06\/IMG_20250528_145857-300x225.jpg 300w, https:\/\/agora.xtec.cat\/escolapauvila\/wp-content\/uploads\/usu1565\/2025\/06\/IMG_20250528_145857-768x576.jpg 768w, https:\/\/agora.xtec.cat\/escolapauvila\/wp-content\/uploads\/usu1565\/2025\/06\/IMG_20250528_145857-200x150.jpg 200w\" sizes=\"auto, (max-width: 1000px) 100vw, 1000px\" \/><\/a><\/p>\n<p>&nbsp;<\/p>\n<p>&nbsp;<\/p>\n","protected":false},"excerpt":{"rendered":"<p>ELS NENS I NENES D&#8217;I3 HEM ANAT PER PRIMERA VEGADA A L&#8217;AUDITORI A VEURE I ESCOLTAR UNA AUDICI\u00d3 MOLT BONICA QUE ES DIU &#8220;MA, ME, MI MOZART!&#8221;<br \/>\nDURANT TOT EL CURS, A LES SESSIONS DE M\u00daSICA, HEM ANAT FENT ACTIVITATS RELACIONADES AMB LES CAN\u00c7ONS I CONEIXENT&hellip;  <a href=\"https:\/\/agora.xtec.cat\/escolapauvila\/petits\/sortida-a-lauditori-ma-me-mi-mozart\/\" title=\"Read SORTIDA A L&#8217;AUDITORI &#8220;MA, ME, MI MOZART!&#8221;\">Llegeix m\u00e9s\u00bb<\/a><\/p>\n","protected":false},"author":10,"featured_media":11728,"comment_status":"open","ping_status":"closed","sticky":false,"template":"","format":"standard","meta":{"_bbp_topic_count":0,"_bbp_reply_count":0,"_bbp_total_topic_count":0,"_bbp_total_reply_count":0,"_bbp_voice_count":0,"_bbp_anonymous_reply_count":0,"_bbp_topic_count_hidden":0,"_bbp_reply_count_hidden":0,"_bbp_forum_subforum_count":0,"footnotes":""},"categories":[2,3],"tags":[457,391,149,414],"class_list":["post-11727","post","type-post","status-publish","format-standard","has-post-thumbnail","hentry","category-petits","category-ei3","tag-auditori","tag-comunitat-de-petits","tag-ei3","tag-nascuts-2021"],"post_mailing_queue_ids":[],"_links":{"self":[{"href":"https:\/\/agora.xtec.cat\/escolapauvila\/wp-json\/wp\/v2\/posts\/11727","targetHints":{"allow":["GET"]}}],"collection":[{"href":"https:\/\/agora.xtec.cat\/escolapauvila\/wp-json\/wp\/v2\/posts"}],"about":[{"href":"https:\/\/agora.xtec.cat\/escolapauvila\/wp-json\/wp\/v2\/types\/post"}],"author":[{"embeddable":true,"href":"https:\/\/agora.xtec.cat\/escolapauvila\/wp-json\/wp\/v2\/users\/10"}],"replies":[{"embeddable":true,"href":"https:\/\/agora.xtec.cat\/escolapauvila\/wp-json\/wp\/v2\/comments?post=11727"}],"version-history":[{"count":1,"href":"https:\/\/agora.xtec.cat\/escolapauvila\/wp-json\/wp\/v2\/posts\/11727\/revisions"}],"predecessor-version":[{"id":11730,"href":"https:\/\/agora.xtec.cat\/escolapauvila\/wp-json\/wp\/v2\/posts\/11727\/revisions\/11730"}],"wp:featuredmedia":[{"embeddable":true,"href":"https:\/\/agora.xtec.cat\/escolapauvila\/wp-json\/wp\/v2\/media\/11728"}],"wp:attachment":[{"href":"https:\/\/agora.xtec.cat\/escolapauvila\/wp-json\/wp\/v2\/media?parent=11727"}],"wp:term":[{"taxonomy":"category","embeddable":true,"href":"https:\/\/agora.xtec.cat\/escolapauvila\/wp-json\/wp\/v2\/categories?post=11727"},{"taxonomy":"post_tag","embeddable":true,"href":"https:\/\/agora.xtec.cat\/escolapauvila\/wp-json\/wp\/v2\/tags?post=11727"}],"curies":[{"name":"wp","href":"https:\/\/api.w.org\/{rel}","templated":true}]}}