{"id":11592,"date":"2025-04-08T20:30:25","date_gmt":"2025-04-08T18:30:25","guid":{"rendered":"https:\/\/agora.xtec.cat\/escolapauvila\/?p=11592"},"modified":"2025-04-09T09:04:17","modified_gmt":"2025-04-09T07:04:17","slug":"petjades-de-colors-sensibilitzacio-esportiva","status":"publish","type":"post","link":"https:\/\/agora.xtec.cat\/escolapauvila\/portada\/petjades-de-colors-sensibilitzacio-esportiva\/","title":{"rendered":"PETJADES DE COLORS: SENSIBILITZACI\u00d3 ESPORTIVA"},"content":{"rendered":"<p class=\"\" data-start=\"181\" data-end=\"381\">Els alumnes de 5\u00e8 han tingut l&#8217;oportunitat de participar en una sessi\u00f3 de sensibilitzaci\u00f3 centrada en l&#8217;esport per a persones amb visibilitat redu\u00efda, organitzada en el marc de la Setmana de l&#8217;Esport.<\/p>\n<p class=\"\" data-start=\"383\" data-end=\"747\">Durant aquesta sessi\u00f3, vam rebre la visita de l&#8217;Aniceto, membre de l&#8217;Associaci\u00f3 Petjades de Colors, qui ens va compartir la seva experi\u00e8ncia personal com a persona amb visi\u00f3 limitada. Ens va explicar com \u00e9s el seu dia a dia i el motiu de la creaci\u00f3 de l&#8217;associaci\u00f3.<\/p>\n<p class=\"\" data-start=\"749\" data-end=\"1087\">A m\u00e9s, l&#8217;Aniceto va parlar sobre la seva passi\u00f3 per l&#8217;esport i com practica el footing di\u00e0riament. Ens va narrar les seves experi\u00e8ncies en marxes de muntanya i ens va detallar les t\u00e8cniques i els equips que utilitzen les persones amb diversitat visual per practicar l&#8217;esport de manera segura, com la barra unidireccional i la corda de m\u00e0.<\/p>\n<p class=\"\" data-start=\"1089\" data-end=\"1421\">Per acabar, vam participar en una activitat vivencial, en les oliveres de La Plana, on vam poder experimentar un petit recorregut caminant o corrents, simulant com seria ser una persona cega. Aquesta experi\u00e8ncia ens va ajudar a comprendre millor les dificultats i els reptes a qu\u00e8 s&#8217;enfronten les persones amb visibilitat redu\u00efda en el seu dia a dia.<\/p>\n<p class=\"\" data-start=\"1089\" data-end=\"1421\"><a href=\"https:\/\/agora.xtec.cat\/escolapauvila\/wp-content\/uploads\/usu1565\/2025\/04\/1000083426-scaled.jpg\"><img loading=\"lazy\" decoding=\"async\" class=\"size-medium wp-image-11596 alignleft\" src=\"https:\/\/agora.xtec.cat\/escolapauvila\/wp-content\/uploads\/usu1565\/2025\/04\/1000083426-300x226.jpg\" alt=\"\" width=\"300\" height=\"226\" srcset=\"https:\/\/agora.xtec.cat\/escolapauvila\/wp-content\/uploads\/usu1565\/2025\/04\/1000083426-300x226.jpg 300w, https:\/\/agora.xtec.cat\/escolapauvila\/wp-content\/uploads\/usu1565\/2025\/04\/1000083426-1024x771.jpg 1024w, https:\/\/agora.xtec.cat\/escolapauvila\/wp-content\/uploads\/usu1565\/2025\/04\/1000083426-768x578.jpg 768w, https:\/\/agora.xtec.cat\/escolapauvila\/wp-content\/uploads\/usu1565\/2025\/04\/1000083426-1536x1157.jpg 1536w, https:\/\/agora.xtec.cat\/escolapauvila\/wp-content\/uploads\/usu1565\/2025\/04\/1000083426-2048x1542.jpg 2048w, https:\/\/agora.xtec.cat\/escolapauvila\/wp-content\/uploads\/usu1565\/2025\/04\/1000083426-200x150.jpg 200w\" sizes=\"auto, (max-width: 300px) 100vw, 300px\" \/><\/a><a href=\"https:\/\/agora.xtec.cat\/escolapauvila\/wp-content\/uploads\/usu1565\/2025\/04\/1000083460-scaled.jpg\"><img loading=\"lazy\" decoding=\"async\" class=\"alignnone wp-image-11595\" src=\"https:\/\/agora.xtec.cat\/escolapauvila\/wp-content\/uploads\/usu1565\/2025\/04\/1000083460-300x226.jpg\" alt=\"\" width=\"308\" height=\"232\" srcset=\"https:\/\/agora.xtec.cat\/escolapauvila\/wp-content\/uploads\/usu1565\/2025\/04\/1000083460-300x226.jpg 300w, https:\/\/agora.xtec.cat\/escolapauvila\/wp-content\/uploads\/usu1565\/2025\/04\/1000083460-1024x771.jpg 1024w, https:\/\/agora.xtec.cat\/escolapauvila\/wp-content\/uploads\/usu1565\/2025\/04\/1000083460-768x578.jpg 768w, https:\/\/agora.xtec.cat\/escolapauvila\/wp-content\/uploads\/usu1565\/2025\/04\/1000083460-1536x1157.jpg 1536w, https:\/\/agora.xtec.cat\/escolapauvila\/wp-content\/uploads\/usu1565\/2025\/04\/1000083460-2048x1542.jpg 2048w, https:\/\/agora.xtec.cat\/escolapauvila\/wp-content\/uploads\/usu1565\/2025\/04\/1000083460-200x150.jpg 200w\" sizes=\"auto, (max-width: 308px) 100vw, 308px\" \/><\/a><\/p>\n","protected":false},"excerpt":{"rendered":"<p>Els alumnes de 5\u00e8 han tingut l&#8217;oportunitat de participar en una sessi\u00f3 de sensibilitzaci\u00f3 centrada en l&#8217;esport per a persones amb visibilitat redu\u00efda, organitzada en el marc de la Setmana de l&#8217;Esport. Durant aquesta sessi\u00f3, vam rebre la visita de l&#8217;Aniceto, membre de l&#8217;Associaci\u00f3 Petjades de Colors, qui ens va compartir la seva experi\u00e8ncia personal [&hellip;]<\/p>\n","protected":false},"author":1,"featured_media":11595,"comment_status":"open","ping_status":"closed","sticky":false,"template":"","format":"standard","meta":{"site-sidebar-layout":"default","site-content-layout":"","ast-site-content-layout":"","site-content-style":"default","site-sidebar-style":"default","ast-global-header-display":"","ast-banner-title-visibility":"","ast-main-header-display":"","ast-hfb-above-header-display":"","ast-hfb-below-header-display":"","ast-hfb-mobile-header-display":"","site-post-title":"","ast-breadcrumbs-content":"","ast-featured-img":"","footer-sml-layout":"","theme-transparent-header-meta":"","adv-header-id-meta":"","stick-header-meta":"","header-above-stick-meta":"","header-main-stick-meta":"","header-below-stick-meta":"","astra-migrate-meta-layouts":"default","ast-page-background-enabled":"default","ast-page-background-meta":{"desktop":{"background-color":"var(--ast-global-color-4)","background-image":"","background-repeat":"repeat","background-position":"center center","background-size":"auto","background-attachment":"scroll","background-type":"","background-media":"","overlay-type":"","overlay-color":"","overlay-opacity":"","overlay-gradient":""},"tablet":{"background-color":"","background-image":"","background-repeat":"repeat","background-position":"center center","background-size":"auto","background-attachment":"scroll","background-type":"","background-media":"","overlay-type":"","overlay-color":"","overlay-opacity":"","overlay-gradient":""},"mobile":{"background-color":"","background-image":"","background-repeat":"repeat","background-position":"center center","background-size":"auto","background-attachment":"scroll","background-type":"","background-media":"","overlay-type":"","overlay-color":"","overlay-opacity":"","overlay-gradient":""}},"ast-content-background-meta":{"desktop":{"background-color":"var(--ast-global-color-5)","background-image":"","background-repeat":"repeat","background-position":"center center","background-size":"auto","background-attachment":"scroll","background-type":"","background-media":"","overlay-type":"","overlay-color":"","overlay-opacity":"","overlay-gradient":""},"tablet":{"background-color":"var(--ast-global-color-5)","background-image":"","background-repeat":"repeat","background-position":"center center","background-size":"auto","background-attachment":"scroll","background-type":"","background-media":"","overlay-type":"","overlay-color":"","overlay-opacity":"","overlay-gradient":""},"mobile":{"background-color":"var(--ast-global-color-5)","background-image":"","background-repeat":"repeat","background-position":"center center","background-size":"auto","background-attachment":"scroll","background-type":"","background-media":"","overlay-type":"","overlay-color":"","overlay-opacity":"","overlay-gradient":""}},"footnotes":""},"categories":[14,61,4],"tags":[180,336,450],"class_list":["post-11592","post","type-post","status-publish","format-standard","has-post-thumbnail","hentry","category-5e","category-grans","category-portada","tag-5e","tag-nascuts-2014","tag-setmana-de-lesport"],"post_mailing_queue_ids":[],"_links":{"self":[{"href":"https:\/\/agora.xtec.cat\/escolapauvila\/wp-json\/wp\/v2\/posts\/11592","targetHints":{"allow":["GET"]}}],"collection":[{"href":"https:\/\/agora.xtec.cat\/escolapauvila\/wp-json\/wp\/v2\/posts"}],"about":[{"href":"https:\/\/agora.xtec.cat\/escolapauvila\/wp-json\/wp\/v2\/types\/post"}],"author":[{"embeddable":true,"href":"https:\/\/agora.xtec.cat\/escolapauvila\/wp-json\/wp\/v2\/users\/1"}],"replies":[{"embeddable":true,"href":"https:\/\/agora.xtec.cat\/escolapauvila\/wp-json\/wp\/v2\/comments?post=11592"}],"version-history":[{"count":3,"href":"https:\/\/agora.xtec.cat\/escolapauvila\/wp-json\/wp\/v2\/posts\/11592\/revisions"}],"predecessor-version":[{"id":11599,"href":"https:\/\/agora.xtec.cat\/escolapauvila\/wp-json\/wp\/v2\/posts\/11592\/revisions\/11599"}],"wp:featuredmedia":[{"embeddable":true,"href":"https:\/\/agora.xtec.cat\/escolapauvila\/wp-json\/wp\/v2\/media\/11595"}],"wp:attachment":[{"href":"https:\/\/agora.xtec.cat\/escolapauvila\/wp-json\/wp\/v2\/media?parent=11592"}],"wp:term":[{"taxonomy":"category","embeddable":true,"href":"https:\/\/agora.xtec.cat\/escolapauvila\/wp-json\/wp\/v2\/categories?post=11592"},{"taxonomy":"post_tag","embeddable":true,"href":"https:\/\/agora.xtec.cat\/escolapauvila\/wp-json\/wp\/v2\/tags?post=11592"}],"curies":[{"name":"wp","href":"https:\/\/api.w.org\/{rel}","templated":true}]}}