{"id":11433,"date":"2025-03-03T19:26:48","date_gmt":"2025-03-03T18:26:48","guid":{"rendered":"https:\/\/agora.xtec.cat\/escolapauvila\/?p=11433"},"modified":"2025-03-03T23:02:11","modified_gmt":"2025-03-03T22:02:11","slug":"acomiadem-la-reina-carnestoltes","status":"publish","type":"post","link":"https:\/\/agora.xtec.cat\/escolapauvila\/general\/acomiadem-la-reina-carnestoltes\/","title":{"rendered":"Acomiadem la Reina Carnestoltes!"},"content":{"rendered":"<p><span style=\"font-weight: 400;\">Divendres 28 de febrer ens va tocar acomiadar la Reina Carnestoltes, i per fer-ho, vam celebrar la nostra gran rua!!<\/span><\/p>\n<p><span style=\"font-weight: 400;\"><a href=\"https:\/\/agora.xtec.cat\/escolapauvila\/wp-content\/uploads\/usu1565\/2025\/03\/WhatsApp-Image-2025-03-02-at-14.49.27.jpeg\"><img loading=\"lazy\" decoding=\"async\" class=\"wp-image-11436 aligncenter\" src=\"https:\/\/agora.xtec.cat\/escolapauvila\/wp-content\/uploads\/usu1565\/2025\/03\/WhatsApp-Image-2025-03-02-at-14.49.27-1024x576.jpeg\" alt=\"\" width=\"542\" height=\"305\" srcset=\"https:\/\/agora.xtec.cat\/escolapauvila\/wp-content\/uploads\/usu1565\/2025\/03\/WhatsApp-Image-2025-03-02-at-14.49.27-1024x576.jpeg 1024w, https:\/\/agora.xtec.cat\/escolapauvila\/wp-content\/uploads\/usu1565\/2025\/03\/WhatsApp-Image-2025-03-02-at-14.49.27-300x169.jpeg 300w, https:\/\/agora.xtec.cat\/escolapauvila\/wp-content\/uploads\/usu1565\/2025\/03\/WhatsApp-Image-2025-03-02-at-14.49.27-768x432.jpeg 768w, https:\/\/agora.xtec.cat\/escolapauvila\/wp-content\/uploads\/usu1565\/2025\/03\/WhatsApp-Image-2025-03-02-at-14.49.27-1536x864.jpeg 1536w, https:\/\/agora.xtec.cat\/escolapauvila\/wp-content\/uploads\/usu1565\/2025\/03\/WhatsApp-Image-2025-03-02-at-14.49.27.jpeg 1600w\" sizes=\"auto, (max-width: 542px) 100vw, 542px\" \/><\/a><\/span><span style=\"font-weight: 400;\">Amb una desfilada de tots els grups classe, vam arribar a la pista de dalt per fer una petita mostra de totes les disfresses que vam fer amb ajuda de les fam\u00edlies al llarg de la setmana.\u00a0<\/span><\/p>\n<p>Alhora, la Reina Carnestoltes ens va ensenyar la seva m\u00e0quina m\u00e0gica, la LITERATUS 25, que transformava objectes en hist\u00f2ries, aix\u00ed que cada grup li va entregar un complement de la seva vestimenta per introduir-lo en la m\u00e0quina.<\/p>\n<p><a href=\"https:\/\/agora.xtec.cat\/escolapauvila\/wp-content\/uploads\/usu1565\/2025\/03\/WhatsApp-Image-2025-03-02-at-16.36.00.jpeg\"><img loading=\"lazy\" decoding=\"async\" class=\"wp-image-11435 alignnone\" src=\"https:\/\/agora.xtec.cat\/escolapauvila\/wp-content\/uploads\/usu1565\/2025\/03\/WhatsApp-Image-2025-03-02-at-16.36.00-1024x576.jpeg\" alt=\"\" width=\"363\" height=\"204\" srcset=\"https:\/\/agora.xtec.cat\/escolapauvila\/wp-content\/uploads\/usu1565\/2025\/03\/WhatsApp-Image-2025-03-02-at-16.36.00-1024x576.jpeg 1024w, https:\/\/agora.xtec.cat\/escolapauvila\/wp-content\/uploads\/usu1565\/2025\/03\/WhatsApp-Image-2025-03-02-at-16.36.00-300x169.jpeg 300w, https:\/\/agora.xtec.cat\/escolapauvila\/wp-content\/uploads\/usu1565\/2025\/03\/WhatsApp-Image-2025-03-02-at-16.36.00-768x432.jpeg 768w, https:\/\/agora.xtec.cat\/escolapauvila\/wp-content\/uploads\/usu1565\/2025\/03\/WhatsApp-Image-2025-03-02-at-16.36.00-1536x864.jpeg 1536w, https:\/\/agora.xtec.cat\/escolapauvila\/wp-content\/uploads\/usu1565\/2025\/03\/WhatsApp-Image-2025-03-02-at-16.36.00.jpeg 2048w\" sizes=\"auto, (max-width: 363px) 100vw, 363px\" \/> <\/a><a href=\"https:\/\/agora.xtec.cat\/escolapauvila\/wp-content\/uploads\/usu1565\/2025\/03\/WhatsApp-Image-2025-03-02-at-14.49.27-1.jpeg\"><img loading=\"lazy\" decoding=\"async\" class=\"wp-image-11437 alignnone\" src=\"https:\/\/agora.xtec.cat\/escolapauvila\/wp-content\/uploads\/usu1565\/2025\/03\/WhatsApp-Image-2025-03-02-at-14.49.27-1-1024x576.jpeg\" alt=\"\" width=\"364\" height=\"205\" srcset=\"https:\/\/agora.xtec.cat\/escolapauvila\/wp-content\/uploads\/usu1565\/2025\/03\/WhatsApp-Image-2025-03-02-at-14.49.27-1-1024x576.jpeg 1024w, https:\/\/agora.xtec.cat\/escolapauvila\/wp-content\/uploads\/usu1565\/2025\/03\/WhatsApp-Image-2025-03-02-at-14.49.27-1-300x169.jpeg 300w, https:\/\/agora.xtec.cat\/escolapauvila\/wp-content\/uploads\/usu1565\/2025\/03\/WhatsApp-Image-2025-03-02-at-14.49.27-1-768x432.jpeg 768w, https:\/\/agora.xtec.cat\/escolapauvila\/wp-content\/uploads\/usu1565\/2025\/03\/WhatsApp-Image-2025-03-02-at-14.49.27-1-1536x864.jpeg 1536w, https:\/\/agora.xtec.cat\/escolapauvila\/wp-content\/uploads\/usu1565\/2025\/03\/WhatsApp-Image-2025-03-02-at-14.49.27-1.jpeg 1600w\" sizes=\"auto, (max-width: 364px) 100vw, 364px\" \/><\/a><\/p>\n<p>El resultat final va ser que de la m\u00e0quina va sortir el <strong>Gran Llibre de les hist\u00f2ries del Pau Vila<\/strong>, i que la Reina Carnestoltes es va quedar per llegir i estar entretinguda fins l&#8217;any vinent.<\/p>\n","protected":false},"excerpt":{"rendered":"<p>Divendres 28 de febrer ens va tocar acomiadar la Reina Carnestoltes, i per fer-ho, vam celebrar la nostra gran rua!!<br \/>\n<a href=\"https:\/\/agora.xtec.cat\/escolapauvila\/wp-content\/uploads\/usu1565\/2025\/03\/WhatsApp-Image-2025-03-02-at-14.49.27.jpeg\"><\/a>Amb una desfilada de tots els grups classe, vam arribar a la pista de dalt per fer una petita mostra de totes les disfresses que&hellip;  <a href=\"https:\/\/agora.xtec.cat\/escolapauvila\/general\/acomiadem-la-reina-carnestoltes\/\" title=\"Read Acomiadem la Reina Carnestoltes!\">Llegeix m\u00e9s\u00bb<\/a><\/p>\n","protected":false},"author":1,"featured_media":11437,"comment_status":"open","ping_status":"closed","sticky":false,"template":"","format":"standard","meta":{"_bbp_topic_count":0,"_bbp_reply_count":0,"_bbp_total_topic_count":0,"_bbp_total_reply_count":0,"_bbp_voice_count":0,"_bbp_anonymous_reply_count":0,"_bbp_topic_count_hidden":0,"_bbp_reply_count_hidden":0,"_bbp_forum_subforum_count":0,"footnotes":""},"categories":[1,4],"tags":[163],"class_list":["post-11433","post","type-post","status-publish","format-standard","has-post-thumbnail","hentry","category-general","category-portada","tag-carnestoltes"],"post_mailing_queue_ids":[],"_links":{"self":[{"href":"https:\/\/agora.xtec.cat\/escolapauvila\/wp-json\/wp\/v2\/posts\/11433","targetHints":{"allow":["GET"]}}],"collection":[{"href":"https:\/\/agora.xtec.cat\/escolapauvila\/wp-json\/wp\/v2\/posts"}],"about":[{"href":"https:\/\/agora.xtec.cat\/escolapauvila\/wp-json\/wp\/v2\/types\/post"}],"author":[{"embeddable":true,"href":"https:\/\/agora.xtec.cat\/escolapauvila\/wp-json\/wp\/v2\/users\/1"}],"replies":[{"embeddable":true,"href":"https:\/\/agora.xtec.cat\/escolapauvila\/wp-json\/wp\/v2\/comments?post=11433"}],"version-history":[{"count":1,"href":"https:\/\/agora.xtec.cat\/escolapauvila\/wp-json\/wp\/v2\/posts\/11433\/revisions"}],"predecessor-version":[{"id":11438,"href":"https:\/\/agora.xtec.cat\/escolapauvila\/wp-json\/wp\/v2\/posts\/11433\/revisions\/11438"}],"wp:featuredmedia":[{"embeddable":true,"href":"https:\/\/agora.xtec.cat\/escolapauvila\/wp-json\/wp\/v2\/media\/11437"}],"wp:attachment":[{"href":"https:\/\/agora.xtec.cat\/escolapauvila\/wp-json\/wp\/v2\/media?parent=11433"}],"wp:term":[{"taxonomy":"category","embeddable":true,"href":"https:\/\/agora.xtec.cat\/escolapauvila\/wp-json\/wp\/v2\/categories?post=11433"},{"taxonomy":"post_tag","embeddable":true,"href":"https:\/\/agora.xtec.cat\/escolapauvila\/wp-json\/wp\/v2\/tags?post=11433"}],"curies":[{"name":"wp","href":"https:\/\/api.w.org\/{rel}","templated":true}]}}