{"id":11418,"date":"2025-02-28T13:42:21","date_gmt":"2025-02-28T12:42:21","guid":{"rendered":"https:\/\/agora.xtec.cat\/escolapauvila\/?p=11418"},"modified":"2025-03-04T11:31:43","modified_gmt":"2025-03-04T10:31:43","slug":"radio-pau-vila-programa-marc","status":"publish","type":"post","link":"https:\/\/agora.xtec.cat\/escolapauvila\/portada\/radio-pau-vila-programa-marc\/","title":{"rendered":"R\u00c0DIO PAU VILA, PROGRAMA MAR\u00c7"},"content":{"rendered":"<p data-start=\"147\" data-end=\"595\">Hola Pauvileres i Pauvilers!<\/p>\n<p data-start=\"147\" data-end=\"595\">Aquest mes, a R\u00e0dio Pau Vila, portem un programa <a href=\"https:\/\/agora.xtec.cat\/escolapauvila\/wp-content\/uploads\/usu1565\/2025\/02\/Orange-Gradient-Page-Border-A3-Landscape-scaled.jpg\"><img loading=\"lazy\" decoding=\"async\" class=\"alignright wp-image-11419 size-medium\" src=\"https:\/\/agora.xtec.cat\/escolapauvila\/wp-content\/uploads\/usu1565\/2025\/02\/Orange-Gradient-Page-Border-A3-Landscape-300x212.jpg\" alt=\"\" width=\"300\" height=\"212\" srcset=\"https:\/\/agora.xtec.cat\/escolapauvila\/wp-content\/uploads\/usu1565\/2025\/02\/Orange-Gradient-Page-Border-A3-Landscape-300x212.jpg 300w, https:\/\/agora.xtec.cat\/escolapauvila\/wp-content\/uploads\/usu1565\/2025\/02\/Orange-Gradient-Page-Border-A3-Landscape-1024x724.jpg 1024w, https:\/\/agora.xtec.cat\/escolapauvila\/wp-content\/uploads\/usu1565\/2025\/02\/Orange-Gradient-Page-Border-A3-Landscape-768x543.jpg 768w, https:\/\/agora.xtec.cat\/escolapauvila\/wp-content\/uploads\/usu1565\/2025\/02\/Orange-Gradient-Page-Border-A3-Landscape-1536x1086.jpg 1536w, https:\/\/agora.xtec.cat\/escolapauvila\/wp-content\/uploads\/usu1565\/2025\/02\/Orange-Gradient-Page-Border-A3-Landscape-2048x1448.jpg 2048w\" sizes=\"auto, (max-width: 300px) 100vw, 300px\" \/><\/a>ple de contingut interessant! Els companys de quart\u00a0ens expliquen la seva experi\u00e8ncia en el cercavila de gegantons, on es va presentar el nou gegant\u00f3 Montserrat\u00ed. Tamb\u00e9 descobrim la hist\u00f2ria\u00a0de Caterina Albert (V\u00edctor Catal\u00e0) en el marc del Dia Internacional de la Dona (8M). A m\u00e9s, compartim l&#8217;agenda escolar i municipal, i tanquem amb la dita i l\u2019endevinalla del mes.<\/p>\n<p data-start=\"597\" data-end=\"680\">No us ho perdeu! Escolteu-nos a R\u00e0dio Pau Vila, la r\u00e0dio que t\u2019espavila!<\/p>\n<!--[if lt IE 9]><script>document.createElement('audio');<\/script><![endif]-->\n<audio class=\"wp-audio-shortcode\" id=\"audio-11418-1\" preload=\"none\" style=\"width: 100%;\" controls=\"controls\"><source type=\"audio\/mpeg\" src=\"https:\/\/agora.xtec.cat\/escolapauvila\/wp-content\/uploads\/usu1565\/2025\/02\/Marc-Radio-Pau-Vila-1-1.mp3?_=1\" \/><a href=\"https:\/\/agora.xtec.cat\/escolapauvila\/wp-content\/uploads\/usu1565\/2025\/02\/Marc-Radio-Pau-Vila-1-1.mp3\">https:\/\/agora.xtec.cat\/escolapauvila\/wp-content\/uploads\/usu1565\/2025\/02\/Marc-Radio-Pau-Vila-1-1.mp3<\/a><\/audio>\n<p data-start=\"597\" data-end=\"680\"><a href=\"https:\/\/agora.xtec.cat\/escolapauvila\/wp-content\/uploads\/usu1565\/2025\/02\/IMG_2688-scaled.jpg\"><img loading=\"lazy\" decoding=\"async\" class=\"aligncenter wp-image-11421 size-large\" src=\"https:\/\/agora.xtec.cat\/escolapauvila\/wp-content\/uploads\/usu1565\/2025\/02\/IMG_2688-1024x768.jpg\" alt=\"\" width=\"1024\" height=\"768\" srcset=\"https:\/\/agora.xtec.cat\/escolapauvila\/wp-content\/uploads\/usu1565\/2025\/02\/IMG_2688-1024x768.jpg 1024w, https:\/\/agora.xtec.cat\/escolapauvila\/wp-content\/uploads\/usu1565\/2025\/02\/IMG_2688-300x225.jpg 300w, https:\/\/agora.xtec.cat\/escolapauvila\/wp-content\/uploads\/usu1565\/2025\/02\/IMG_2688-768x576.jpg 768w, https:\/\/agora.xtec.cat\/escolapauvila\/wp-content\/uploads\/usu1565\/2025\/02\/IMG_2688-1536x1152.jpg 1536w, https:\/\/agora.xtec.cat\/escolapauvila\/wp-content\/uploads\/usu1565\/2025\/02\/IMG_2688-2048x1536.jpg 2048w, https:\/\/agora.xtec.cat\/escolapauvila\/wp-content\/uploads\/usu1565\/2025\/02\/IMG_2688-200x150.jpg 200w\" sizes=\"auto, (max-width: 1024px) 100vw, 1024px\" \/><\/a> <a href=\"https:\/\/agora.xtec.cat\/escolapauvila\/wp-content\/uploads\/usu1565\/2025\/02\/IMG_2636-scaled.jpg\"><img loading=\"lazy\" decoding=\"async\" class=\"aligncenter wp-image-11420 size-large\" src=\"https:\/\/agora.xtec.cat\/escolapauvila\/wp-content\/uploads\/usu1565\/2025\/02\/IMG_2636-1024x768.jpg\" alt=\"\" width=\"1024\" height=\"768\" srcset=\"https:\/\/agora.xtec.cat\/escolapauvila\/wp-content\/uploads\/usu1565\/2025\/02\/IMG_2636-1024x768.jpg 1024w, https:\/\/agora.xtec.cat\/escolapauvila\/wp-content\/uploads\/usu1565\/2025\/02\/IMG_2636-300x225.jpg 300w, https:\/\/agora.xtec.cat\/escolapauvila\/wp-content\/uploads\/usu1565\/2025\/02\/IMG_2636-768x576.jpg 768w, https:\/\/agora.xtec.cat\/escolapauvila\/wp-content\/uploads\/usu1565\/2025\/02\/IMG_2636-1536x1152.jpg 1536w, https:\/\/agora.xtec.cat\/escolapauvila\/wp-content\/uploads\/usu1565\/2025\/02\/IMG_2636-2048x1536.jpg 2048w, https:\/\/agora.xtec.cat\/escolapauvila\/wp-content\/uploads\/usu1565\/2025\/02\/IMG_2636-200x150.jpg 200w\" sizes=\"auto, (max-width: 1024px) 100vw, 1024px\" \/><\/a><\/p>\n","protected":false},"excerpt":{"rendered":"<p>Hola Pauvileres i Pauvilers!<br \/>\nAquest mes, a R\u00e0dio Pau Vila, portem un programa <a href=\"https:\/\/agora.xtec.cat\/escolapauvila\/wp-content\/uploads\/usu1565\/2025\/02\/Orange-Gradient-Page-Border-A3-Landscape-scaled.jpg\"><\/a>ple de contingut interessant! Els companys de quart\u00a0ens expliquen la seva experi\u00e8ncia en el cercavila de gegantons, on es va presentar el nou gegant\u00f3 Montserrat\u00ed. Tamb\u00e9 descobrim la hist\u00f2ria\u00a0de Caterina Albert (V\u00edctor&hellip;  <a href=\"https:\/\/agora.xtec.cat\/escolapauvila\/portada\/radio-pau-vila-programa-marc\/\" title=\"Read R\u00c0DIO PAU VILA, PROGRAMA MAR\u00c7\">Llegeix m\u00e9s\u00bb<\/a><\/p>\n","protected":false},"author":1,"featured_media":11419,"comment_status":"open","ping_status":"closed","sticky":false,"template":"","format":"standard","meta":{"_bbp_topic_count":0,"_bbp_reply_count":0,"_bbp_total_topic_count":0,"_bbp_total_reply_count":0,"_bbp_voice_count":0,"_bbp_anonymous_reply_count":0,"_bbp_topic_count_hidden":0,"_bbp_reply_count_hidden":0,"_bbp_forum_subforum_count":0,"footnotes":""},"categories":[4],"tags":[433,434,432],"class_list":["post-11418","post","type-post","status-publish","format-standard","has-post-thumbnail","hentry","category-portada","tag-aulaacollida","tag-radio","tag-radiopauvila"],"post_mailing_queue_ids":[],"_links":{"self":[{"href":"https:\/\/agora.xtec.cat\/escolapauvila\/wp-json\/wp\/v2\/posts\/11418","targetHints":{"allow":["GET"]}}],"collection":[{"href":"https:\/\/agora.xtec.cat\/escolapauvila\/wp-json\/wp\/v2\/posts"}],"about":[{"href":"https:\/\/agora.xtec.cat\/escolapauvila\/wp-json\/wp\/v2\/types\/post"}],"author":[{"embeddable":true,"href":"https:\/\/agora.xtec.cat\/escolapauvila\/wp-json\/wp\/v2\/users\/1"}],"replies":[{"embeddable":true,"href":"https:\/\/agora.xtec.cat\/escolapauvila\/wp-json\/wp\/v2\/comments?post=11418"}],"version-history":[{"count":6,"href":"https:\/\/agora.xtec.cat\/escolapauvila\/wp-json\/wp\/v2\/posts\/11418\/revisions"}],"predecessor-version":[{"id":11448,"href":"https:\/\/agora.xtec.cat\/escolapauvila\/wp-json\/wp\/v2\/posts\/11418\/revisions\/11448"}],"wp:featuredmedia":[{"embeddable":true,"href":"https:\/\/agora.xtec.cat\/escolapauvila\/wp-json\/wp\/v2\/media\/11419"}],"wp:attachment":[{"href":"https:\/\/agora.xtec.cat\/escolapauvila\/wp-json\/wp\/v2\/media?parent=11418"}],"wp:term":[{"taxonomy":"category","embeddable":true,"href":"https:\/\/agora.xtec.cat\/escolapauvila\/wp-json\/wp\/v2\/categories?post=11418"},{"taxonomy":"post_tag","embeddable":true,"href":"https:\/\/agora.xtec.cat\/escolapauvila\/wp-json\/wp\/v2\/tags?post=11418"}],"curies":[{"name":"wp","href":"https:\/\/api.w.org\/{rel}","templated":true}]}}