{"id":11402,"date":"2025-02-23T09:50:34","date_gmt":"2025-02-23T08:50:34","guid":{"rendered":"https:\/\/agora.xtec.cat\/escolapauvila\/?p=11402"},"modified":"2025-02-23T09:50:34","modified_gmt":"2025-02-23T08:50:34","slug":"la-reina-carnestoltes-ha-arribat-a-lescola","status":"publish","type":"post","link":"https:\/\/agora.xtec.cat\/escolapauvila\/general\/la-reina-carnestoltes-ha-arribat-a-lescola\/","title":{"rendered":"LA REINA CARNESTOLTES HA ARRIBAT A L&#8217;ESCOLA!!!"},"content":{"rendered":"<p>Ja la tenim aqu\u00ed! Un any m\u00e9s, la Reina ha arribat des del pa\u00eds de Xauxa i ens ha portat la festa i la disbauxa amb el seu mandat esbojarrat!<\/p>\n<p style=\"text-align: center;\"><a href=\"https:\/\/agora.xtec.cat\/escolapauvila\/wp-content\/uploads\/usu1565\/2025\/02\/IMG_9299.jpg\"><img loading=\"lazy\" decoding=\"async\" class=\"alignnone size-large wp-image-11405\" src=\"https:\/\/agora.xtec.cat\/escolapauvila\/wp-content\/uploads\/usu1565\/2025\/02\/IMG_9299-1024x768.jpg\" alt=\"\" width=\"1024\" height=\"768\" srcset=\"https:\/\/agora.xtec.cat\/escolapauvila\/wp-content\/uploads\/usu1565\/2025\/02\/IMG_9299-1024x768.jpg 1024w, https:\/\/agora.xtec.cat\/escolapauvila\/wp-content\/uploads\/usu1565\/2025\/02\/IMG_9299-300x225.jpg 300w, https:\/\/agora.xtec.cat\/escolapauvila\/wp-content\/uploads\/usu1565\/2025\/02\/IMG_9299-768x576.jpg 768w, https:\/\/agora.xtec.cat\/escolapauvila\/wp-content\/uploads\/usu1565\/2025\/02\/IMG_9299-200x150.jpg 200w, https:\/\/agora.xtec.cat\/escolapauvila\/wp-content\/uploads\/usu1565\/2025\/02\/IMG_9299.jpg 1365w\" sizes=\"auto, (max-width: 1024px) 100vw, 1024px\" \/><\/a><\/p>\n<p>La Reina ha tingut un acompanyament de luxe amb la \u201cPautocada\u201d, la batucada de l&#8217;escola formada pels alumnes i les alumnes de 6\u00e8.<\/p>\n<p><a href=\"https:\/\/agora.xtec.cat\/escolapauvila\/wp-content\/uploads\/usu1565\/2025\/02\/pautoc.png\"><img loading=\"lazy\" decoding=\"async\" class=\"alignnone size-large wp-image-11406\" src=\"https:\/\/agora.xtec.cat\/escolapauvila\/wp-content\/uploads\/usu1565\/2025\/02\/pautoc-1024x354.png\" alt=\"\" width=\"1024\" height=\"354\" srcset=\"https:\/\/agora.xtec.cat\/escolapauvila\/wp-content\/uploads\/usu1565\/2025\/02\/pautoc-1024x354.png 1024w, https:\/\/agora.xtec.cat\/escolapauvila\/wp-content\/uploads\/usu1565\/2025\/02\/pautoc-300x104.png 300w, https:\/\/agora.xtec.cat\/escolapauvila\/wp-content\/uploads\/usu1565\/2025\/02\/pautoc-768x265.png 768w, https:\/\/agora.xtec.cat\/escolapauvila\/wp-content\/uploads\/usu1565\/2025\/02\/pautoc.png 1222w\" sizes=\"auto, (max-width: 1024px) 100vw, 1024px\" \/><\/a><\/p>\n<p>Com era d&#8217;esperar, ha vingut amb les seves normes divertides per la setmana vinent. Us les deixem per aqu\u00ed per si us voleu anar preparant:<\/p>\n<ol>\n<li>El <strong><span style=\"color: #ff0000;\">dilluns<\/span><\/strong> aixeca&#8217;t tranquil sabent que a classe en <strong>pijama<\/strong> podr\u00e0s seguir dormint<\/li>\n<li>Gran vull ser i <span style=\"color: #ffff00;\"><strong>dimarts<\/strong><\/span> d&#8217;un<strong> ofici<\/strong> vindr\u00e9.<\/li>\n<li><strong><span style=\"color: #3366ff;\">Dimecres<\/span><\/strong> t&#8217;aixecar\u00e0s ben eixerida o eixerit, vine a l&#8217;escola amb un <strong>pentinat divertit<\/strong>.<\/li>\n<li><strong><span style=\"color: #ff9900;\">Dijous<\/span><\/strong>, quina calor! Prepara el <strong>flotador, la tovallola i el banyador<\/strong> que farem nataci\u00f3.<\/li>\n<li>Les hist\u00f2ries podem imaginar, amb contes i llibres per somiar. El<strong><span style=\"color: #00ff00;\"> divendres<\/span><\/strong> al pati estar\u00e9, i grans <strong>aventures<\/strong> escoltar\u00e9!<\/li>\n<\/ol>\n<p style=\"text-align: center;\"><a href=\"https:\/\/agora.xtec.cat\/escolapauvila\/wp-content\/uploads\/usu1565\/2025\/02\/consignes.png\"><img loading=\"lazy\" decoding=\"async\" class=\"alignnone size-full wp-image-11403\" src=\"https:\/\/agora.xtec.cat\/escolapauvila\/wp-content\/uploads\/usu1565\/2025\/02\/consignes.png\" alt=\"\" width=\"707\" height=\"591\" srcset=\"https:\/\/agora.xtec.cat\/escolapauvila\/wp-content\/uploads\/usu1565\/2025\/02\/consignes.png 707w, https:\/\/agora.xtec.cat\/escolapauvila\/wp-content\/uploads\/usu1565\/2025\/02\/consignes-300x250.png 300w\" sizes=\"auto, (max-width: 707px) 100vw, 707px\" \/><\/a><\/p>\n","protected":false},"excerpt":{"rendered":"<p>Carnestoltes25, &hellip;  <a href=\"https:\/\/agora.xtec.cat\/escolapauvila\/general\/la-reina-carnestoltes-ha-arribat-a-lescola\/\" title=\"Read LA REINA CARNESTOLTES HA ARRIBAT A L&#8217;ESCOLA!!!\">Llegeix m\u00e9s\u00bb<\/a><\/p>\n","protected":false},"author":60,"featured_media":11407,"comment_status":"open","ping_status":"closed","sticky":false,"template":"","format":"standard","meta":{"_bbp_topic_count":0,"_bbp_reply_count":0,"_bbp_total_topic_count":0,"_bbp_total_reply_count":0,"_bbp_voice_count":0,"_bbp_anonymous_reply_count":0,"_bbp_topic_count_hidden":0,"_bbp_reply_count_hidden":0,"_bbp_forum_subforum_count":0,"footnotes":""},"categories":[1,4],"tags":[],"class_list":["post-11402","post","type-post","status-publish","format-standard","has-post-thumbnail","hentry","category-general","category-portada"],"post_mailing_queue_ids":[],"_links":{"self":[{"href":"https:\/\/agora.xtec.cat\/escolapauvila\/wp-json\/wp\/v2\/posts\/11402","targetHints":{"allow":["GET"]}}],"collection":[{"href":"https:\/\/agora.xtec.cat\/escolapauvila\/wp-json\/wp\/v2\/posts"}],"about":[{"href":"https:\/\/agora.xtec.cat\/escolapauvila\/wp-json\/wp\/v2\/types\/post"}],"author":[{"embeddable":true,"href":"https:\/\/agora.xtec.cat\/escolapauvila\/wp-json\/wp\/v2\/users\/60"}],"replies":[{"embeddable":true,"href":"https:\/\/agora.xtec.cat\/escolapauvila\/wp-json\/wp\/v2\/comments?post=11402"}],"version-history":[{"count":2,"href":"https:\/\/agora.xtec.cat\/escolapauvila\/wp-json\/wp\/v2\/posts\/11402\/revisions"}],"predecessor-version":[{"id":11408,"href":"https:\/\/agora.xtec.cat\/escolapauvila\/wp-json\/wp\/v2\/posts\/11402\/revisions\/11408"}],"wp:featuredmedia":[{"embeddable":true,"href":"https:\/\/agora.xtec.cat\/escolapauvila\/wp-json\/wp\/v2\/media\/11407"}],"wp:attachment":[{"href":"https:\/\/agora.xtec.cat\/escolapauvila\/wp-json\/wp\/v2\/media?parent=11402"}],"wp:term":[{"taxonomy":"category","embeddable":true,"href":"https:\/\/agora.xtec.cat\/escolapauvila\/wp-json\/wp\/v2\/categories?post=11402"},{"taxonomy":"post_tag","embeddable":true,"href":"https:\/\/agora.xtec.cat\/escolapauvila\/wp-json\/wp\/v2\/tags?post=11402"}],"curies":[{"name":"wp","href":"https:\/\/api.w.org\/{rel}","templated":true}]}}