{"id":11394,"date":"2025-02-14T16:04:50","date_gmt":"2025-02-14T15:04:50","guid":{"rendered":"https:\/\/agora.xtec.cat\/escolapauvila\/?p=11394"},"modified":"2025-02-14T19:59:21","modified_gmt":"2025-02-14T18:59:21","slug":"iniciem-el-projecte-de-radio-a-lescola","status":"publish","type":"post","link":"https:\/\/agora.xtec.cat\/escolapauvila\/general\/iniciem-el-projecte-de-radio-a-lescola\/","title":{"rendered":"INICIEM EL PROJECTE DE &#8220;R\u00c0DIO A L&#8217;ESCOLA&#8221;"},"content":{"rendered":"<p>Benvolgudes fam\u00edlies.<\/p>\n<p>Estem molt contents i contentes de compartir amb totes vosaltres el nou projecte de &#8220;<strong>R\u00e0dio a l&#8217;escola<\/strong>&#8220;.<\/p>\n<p>Des d&#8217;ara fins a final de curs, l&#8217;alumnat de 6\u00e8 i l&#8217;alumnat d&#8217;aula d&#8217;acollida, gravar\u00e0 un programa de r\u00e0dio mensual on:<\/p>\n<ul>\n<li>S&#8217;anunciar\u00e0 l&#8217;agenda escolar i l&#8217;agenda municipal.<\/li>\n<li>Vinculat amb l&#8217;eix d&#8217;escola &#8220;Un any ple d&#8217;hist\u00f2ries&#8221;, es parlar\u00e0 de literatura, poesia, dites&#8230;<\/li>\n<li>Es far\u00e0 alguna entrevista.<\/li>\n<li>Es compartiran curiositats.<\/li>\n<\/ul>\n<p>A continuaci\u00f3 us deixem amb el <strong>Primer Programa<\/strong>. E<span style=\"font-family: inherit; font-size: 1em;\">sperem que us agradi.<\/span><\/p>\n<!--[if lt IE 9]><script>document.createElement('audio');<\/script><![endif]-->\n<audio class=\"wp-audio-shortcode\" id=\"audio-11394-1\" preload=\"none\" style=\"width: 100%;\" controls=\"controls\"><source type=\"audio\/mpeg\" src=\"https:\/\/agora.xtec.cat\/escolapauvila\/wp-content\/uploads\/usu1565\/2025\/02\/1.-PAU-VILA-RADIO-P1-pilot-2.mp3?_=1\" \/><a href=\"https:\/\/agora.xtec.cat\/escolapauvila\/wp-content\/uploads\/usu1565\/2025\/02\/1.-PAU-VILA-RADIO-P1-pilot-2.mp3\">https:\/\/agora.xtec.cat\/escolapauvila\/wp-content\/uploads\/usu1565\/2025\/02\/1.-PAU-VILA-RADIO-P1-pilot-2.mp3<\/a><\/audio>\n<p>&nbsp;<\/p>\n<p>Podeu compartir la vostra opini\u00f3 deixant un comentari en aquesta entrad<span style=\"font-family: inherit; font-size: 1em;\">a.<\/span><\/p>\n<p><img loading=\"lazy\" decoding=\"async\" class=\"wp-image-11399 size-thumbnail aligncenter\" src=\"https:\/\/agora.xtec.cat\/escolapauvila\/wp-content\/uploads\/usu1565\/2025\/02\/podcast-150x150.jpg\" alt=\"\" width=\"150\" height=\"150\" srcset=\"https:\/\/agora.xtec.cat\/escolapauvila\/wp-content\/uploads\/usu1565\/2025\/02\/podcast-150x150.jpg 150w, https:\/\/agora.xtec.cat\/escolapauvila\/wp-content\/uploads\/usu1565\/2025\/02\/podcast-300x300.jpg 300w, https:\/\/agora.xtec.cat\/escolapauvila\/wp-content\/uploads\/usu1565\/2025\/02\/podcast.jpg 740w\" sizes=\"auto, (max-width: 150px) 100vw, 150px\" \/><\/p>\n","protected":false},"excerpt":{"rendered":"<p>Benvolgudes fam\u00edlies.<br \/>\nEstem molt contents i contentes de compartir amb totes vosaltres el nou projecte de &#8220;R\u00e0dio a l&#8217;escola&#8220;.<br \/>\nDes d&#8217;ara fins a final de curs, l&#8217;alumnat de 6\u00e8 i l&#8217;alumnat d&#8217;aula d&#8217;acollida, gravar\u00e0 un programa de r\u00e0dio mensual on:<\/p>\n<ul>\n<li>S&#8217;anunciar\u00e0 l&#8217;agenda escolar i l&#8217;agenda municipal.<\/li>\n<li>Vinculat amb l&#8217;eix&hellip;  <a href=\"https:\/\/agora.xtec.cat\/escolapauvila\/general\/iniciem-el-projecte-de-radio-a-lescola\/\" title=\"Read INICIEM EL PROJECTE DE &#8220;R\u00c0DIO A L&#8217;ESCOLA&#8221;\">Llegeix m\u00e9s\u00bb<\/a><br \/>\n","protected":false},"author":1,"featured_media":11399,"comment_status":"open","ping_status":"closed","sticky":false,"template":"","format":"standard","meta":{"_bbp_topic_count":0,"_bbp_reply_count":0,"_bbp_total_topic_count":0,"_bbp_total_reply_count":0,"_bbp_voice_count":0,"_bbp_anonymous_reply_count":0,"_bbp_topic_count_hidden":0,"_bbp_reply_count_hidden":0,"_bbp_forum_subforum_count":0,"footnotes":""},"categories":[1,4],"tags":[],"class_list":["post-11394","post","type-post","status-publish","format-standard","has-post-thumbnail","hentry","category-general","category-portada"],"post_mailing_queue_ids":[],"_links":{"self":[{"href":"https:\/\/agora.xtec.cat\/escolapauvila\/wp-json\/wp\/v2\/posts\/11394","targetHints":{"allow":["GET"]}}],"collection":[{"href":"https:\/\/agora.xtec.cat\/escolapauvila\/wp-json\/wp\/v2\/posts"}],"about":[{"href":"https:\/\/agora.xtec.cat\/escolapauvila\/wp-json\/wp\/v2\/types\/post"}],"author":[{"embeddable":true,"href":"https:\/\/agora.xtec.cat\/escolapauvila\/wp-json\/wp\/v2\/users\/1"}],"replies":[{"embeddable":true,"href":"https:\/\/agora.xtec.cat\/escolapauvila\/wp-json\/wp\/v2\/comments?post=11394"}],"version-history":[{"count":5,"href":"https:\/\/agora.xtec.cat\/escolapauvila\/wp-json\/wp\/v2\/posts\/11394\/revisions"}],"predecessor-version":[{"id":11401,"href":"https:\/\/agora.xtec.cat\/escolapauvila\/wp-json\/wp\/v2\/posts\/11394\/revisions\/11401"}],"wp:featuredmedia":[{"embeddable":true,"href":"https:\/\/agora.xtec.cat\/escolapauvila\/wp-json\/wp\/v2\/media\/11399"}],"wp:attachment":[{"href":"https:\/\/agora.xtec.cat\/escolapauvila\/wp-json\/wp\/v2\/media?parent=11394"}],"wp:term":[{"taxonomy":"category","embeddable":true,"href":"https:\/\/agora.xtec.cat\/escolapauvila\/wp-json\/wp\/v2\/categories?post=11394"},{"taxonomy":"post_tag","embeddable":true,"href":"https:\/\/agora.xtec.cat\/escolapauvila\/wp-json\/wp\/v2\/tags?post=11394"}],"curies":[{"name":"wp","href":"https:\/\/api.w.org\/{rel}","templated":true}]}}