{"id":11359,"date":"2025-01-24T12:37:13","date_gmt":"2025-01-24T11:37:13","guid":{"rendered":"https:\/\/agora.xtec.cat\/escolapauvila\/?p=11359"},"modified":"2025-01-24T12:37:13","modified_gmt":"2025-01-24T11:37:13","slug":"psicomotricitat","status":"publish","type":"post","link":"https:\/\/agora.xtec.cat\/escolapauvila\/general\/psicomotricitat\/","title":{"rendered":"PSICOMOTRICITAT"},"content":{"rendered":"<p><span style=\"font-family: arial, helvetica, sans-serif;\">EL DESENVOLUPAMENT GLOBAL DE LA PERSONA S\u2019ESDEV\u00c9\u00a0<b>UTILITZANT TOTES LES SEVES HABILITATS<\/b>, EN DIFERENTS CAMPS.<\/span><\/p>\n<p><span style=\"font-family: arial, helvetica, sans-serif;\">A L\u2019ESCOLA I EN LES EDATS PRIMERENQUES,\u00a0<b>EL COS I EL SEU MOVIMENT S\u00d3N EINES IMPRESCINDIBLES<\/b>\u00a0<b>I GRATIFICANTS\u00a0<\/b>PER A L\u2019APRENENTATGE.<\/span><\/p>\n<p><span style=\"font-family: arial, helvetica, sans-serif;\">LA INTERACCI\u00d3 ENTRE EL\u00a0<strong>COS<\/strong>,\u00a0<strong>L\u2019EMOCI\u00d3<\/strong>\u00a0I\u00a0EL\u00a0<strong>MOVIMENT\u00a0<\/strong>PROPICIA EL DESENVOLUPAMENT EN CADA INFANT DE LA SEVA PERSONALITAT, DE LA SEVA CAPACITAT D\u2019EXPRESSAR-SE I DE RELACIONAR-SE AMB ELS ALTRES.<\/span><\/p>\n<div><span style=\"font-family: arial, helvetica, sans-serif;\">LA <strong>CONSCI\u00c8NCIA<\/strong> DEL MATEIX COS I LES SEVES POSSIBILITATS \u00c9S VA ADQUIRINT MITJAN\u00c7ANT\u00a0 ACTIVITATS DIVERSES.<\/span><\/div>\n<div><\/div>\n<div style=\"text-align: justify;\"><span style=\"font-family: arial, helvetica, sans-serif;\">A PSICOMOTRICITAT ES POTENCIEN DIFERENTS HABILITATS MOTIUS COM LA COORDINACI\u00d3, <span style=\"font-size: 16px;\">L&#8217;EQUILIBRI, FLEXIBILITAT, FOR\u00c7A A PARTIR DE SALTAR, GRIMPAR, C\u00d3RRER, CAMINAR PER DIFERENTS SUPERF\u00cdCIES&#8230;<\/span><\/span><\/div>\n<div style=\"text-align: justify;\"><\/div>\n<div style=\"text-align: justify;\"><span style=\"font-family: arial, helvetica, sans-serif; font-size: 16px;\">LA <strong>IMAGINACI\u00d3<\/strong> \u00c9S UNA PART IMPRESCINDIBLE DEL JOC PSICOMOTRIU, ELS ENDINSA A REALITZAR UNA EXPRESSI\u00d3 DE LES EMOCIONS AMB EL JOC SIMB\u00d2LIC, EN CONSTRUIR\u00a0 CABANES, IMAGINAR COTXES, ELS TRANSFORMA EN PERSONATGES IMAGINARIS\u2026<\/span><\/div>\n<div style=\"text-align: justify;\"><\/div>\n<div style=\"text-align: justify;\"><span style=\"font-family: arial, helvetica, sans-serif; font-size: 16px;\">EN ACABAR LA SESSI\u00d3 ELS INFANTS NECESSITEN UN ESPAI DE <strong>DESCANS. <\/strong>APRENEN A SER CONSCIENTS DE COM EST\u00c0 EL SEU COS I QUINES EINES HI HA PER TORNAR DE NOU A UN ESTAT DE CALMA,\u00a0 ES FAN MASSATGES, ESCOLTEN LA M\u00daSICA O VISUALITZEN LLUMS DE COLORS.\u00a0<\/span><\/div>\n<div><\/div>\n<div><span style=\"font-family: arial, helvetica, sans-serif; font-size: 16px;\">ES PROPOSA INTENTAR <strong>EXPRESSAR I REPRESENTAR<\/strong> LES VIV\u00c8NCIES DEL JOC A PARTIR DEL DIBUIX, UNA CONSTRUCCI\u00d3 O L&#8217;EXPLICACI\u00d3 ORALMENT.<\/span><\/div>\n<div><a href=\"https:\/\/agora.xtec.cat\/escolapauvila\/wp-content\/uploads\/usu1565\/2025\/01\/IMG_20241003_094152.jpg\"><img loading=\"lazy\" decoding=\"async\" class=\"alignnone size-full wp-image-11361\" src=\"https:\/\/agora.xtec.cat\/escolapauvila\/wp-content\/uploads\/usu1565\/2025\/01\/IMG_20241003_094152.jpg\" alt=\"\" width=\"1000\" height=\"750\" srcset=\"https:\/\/agora.xtec.cat\/escolapauvila\/wp-content\/uploads\/usu1565\/2025\/01\/IMG_20241003_094152.jpg 1000w, https:\/\/agora.xtec.cat\/escolapauvila\/wp-content\/uploads\/usu1565\/2025\/01\/IMG_20241003_094152-300x225.jpg 300w, https:\/\/agora.xtec.cat\/escolapauvila\/wp-content\/uploads\/usu1565\/2025\/01\/IMG_20241003_094152-768x576.jpg 768w, https:\/\/agora.xtec.cat\/escolapauvila\/wp-content\/uploads\/usu1565\/2025\/01\/IMG_20241003_094152-200x150.jpg 200w\" sizes=\"auto, (max-width: 1000px) 100vw, 1000px\" \/><\/a><\/div>\n<div><\/div>\n","protected":false},"excerpt":{"rendered":"<p>EL DESENVOLUPAMENT GLOBAL DE LA PERSONA S\u2019ESDEV\u00c9\u00a0UTILITZANT TOTES LES SEVES HABILITATS, EN DIFERENTS CAMPS.<br \/>\nA L\u2019ESCOLA I EN LES EDATS PRIMERENQUES,\u00a0EL COS I EL SEU MOVIMENT S\u00d3N EINES IMPRESCINDIBLES\u00a0I GRATIFICANTS\u00a0PER A L\u2019APRENENTATGE.<br \/>\nLA INTERACCI\u00d3 ENTRE EL\u00a0COS,\u00a0L\u2019EMOCI\u00d3\u00a0I\u00a0EL\u00a0MOVIMENT\u00a0PROPICIA EL DESENVOLUPAMENT EN CADA INFANT DE LA SEVA PERSONALITAT, DE LA&hellip;  <a href=\"https:\/\/agora.xtec.cat\/escolapauvila\/general\/psicomotricitat\/\" title=\"Read PSICOMOTRICITAT\">Llegeix m\u00e9s\u00bb<\/a><\/p>\n","protected":false},"author":10,"featured_media":11361,"comment_status":"open","ping_status":"closed","sticky":false,"template":"","format":"standard","meta":{"_bbp_topic_count":0,"_bbp_reply_count":0,"_bbp_total_topic_count":0,"_bbp_total_reply_count":0,"_bbp_voice_count":0,"_bbp_anonymous_reply_count":0,"_bbp_topic_count_hidden":0,"_bbp_reply_count_hidden":0,"_bbp_forum_subforum_count":0,"footnotes":""},"categories":[2,3,1],"tags":[391,423,414],"class_list":["post-11359","post","type-post","status-publish","format-standard","has-post-thumbnail","hentry","category-petits","category-ei3","category-general","tag-comunitat-de-petits","tag-ei324-25","tag-nascuts-2021"],"post_mailing_queue_ids":[],"_links":{"self":[{"href":"https:\/\/agora.xtec.cat\/escolapauvila\/wp-json\/wp\/v2\/posts\/11359","targetHints":{"allow":["GET"]}}],"collection":[{"href":"https:\/\/agora.xtec.cat\/escolapauvila\/wp-json\/wp\/v2\/posts"}],"about":[{"href":"https:\/\/agora.xtec.cat\/escolapauvila\/wp-json\/wp\/v2\/types\/post"}],"author":[{"embeddable":true,"href":"https:\/\/agora.xtec.cat\/escolapauvila\/wp-json\/wp\/v2\/users\/10"}],"replies":[{"embeddable":true,"href":"https:\/\/agora.xtec.cat\/escolapauvila\/wp-json\/wp\/v2\/comments?post=11359"}],"version-history":[{"count":2,"href":"https:\/\/agora.xtec.cat\/escolapauvila\/wp-json\/wp\/v2\/posts\/11359\/revisions"}],"predecessor-version":[{"id":11362,"href":"https:\/\/agora.xtec.cat\/escolapauvila\/wp-json\/wp\/v2\/posts\/11359\/revisions\/11362"}],"wp:featuredmedia":[{"embeddable":true,"href":"https:\/\/agora.xtec.cat\/escolapauvila\/wp-json\/wp\/v2\/media\/11361"}],"wp:attachment":[{"href":"https:\/\/agora.xtec.cat\/escolapauvila\/wp-json\/wp\/v2\/media?parent=11359"}],"wp:term":[{"taxonomy":"category","embeddable":true,"href":"https:\/\/agora.xtec.cat\/escolapauvila\/wp-json\/wp\/v2\/categories?post=11359"},{"taxonomy":"post_tag","embeddable":true,"href":"https:\/\/agora.xtec.cat\/escolapauvila\/wp-json\/wp\/v2\/tags?post=11359"}],"curies":[{"name":"wp","href":"https:\/\/api.w.org\/{rel}","templated":true}]}}