{"id":11344,"date":"2025-01-20T11:44:40","date_gmt":"2025-01-20T10:44:40","guid":{"rendered":"https:\/\/agora.xtec.cat\/escolapauvila\/?p=11344"},"modified":"2025-01-20T11:54:33","modified_gmt":"2025-01-20T10:54:33","slug":"orientacions-obre-lus-de-pantalles","status":"publish","type":"post","link":"https:\/\/agora.xtec.cat\/escolapauvila\/portada\/orientacions-obre-lus-de-pantalles\/","title":{"rendered":"Orientacions obre l&#8217;\u00fas de pantalles"},"content":{"rendered":"<p>La <strong>Plataforma per a l&#8217;Educaci\u00f3 Medi\u00e0tica de Catalunya<\/strong>, liderada pel <strong>Consell de l&#8217;Audiovisual de Catalunya<\/strong> (CAC), ha elaborat un conjunt d\u2019orientacions pedag\u00f2giques sobre l\u2019\u00fas de les pantalles en les diferents etapes de la vida, des de la primera inf\u00e0ncia fins a l\u2019edat adulta. Aquestes orientacions han quedat sintetitzades en un seguit d\u2019infografies amb els missatges principals a tenir en compte a l\u2019hora d\u2019educar en l\u2019alfabetitzaci\u00f3 digital que la Plataforma posa a disposici\u00f3 de les fam\u00edlies, de tota la comunitat educativa i de la societat en general.<\/p>\n<p><a href=\"https:\/\/agora.xtec.cat\/escolapauvila\/wp-content\/uploads\/usu1565\/2025\/01\/Infografia-general.pdf\">Infografia general<\/a><\/p>\n<p><a style=\"color: #2795b6;\" href=\"https:\/\/agora.xtec.cat\/escolapauvila\/wp-content\/uploads\/usu1565\/2025\/01\/Infografia-primera-infancia.pdf\">Infografia primera inf\u00e0ncia<\/a><\/p>\n<p><a href=\"https:\/\/agora.xtec.cat\/escolapauvila\/wp-content\/uploads\/usu1565\/2025\/01\/Infografia-primaria.pdf\">Infografia prim\u00e0ria<\/a><\/p>\n<p><a href=\"https:\/\/agora.xtec.cat\/escolapauvila\/wp-content\/uploads\/usu1565\/2025\/01\/Infografia-secundaria.pdf\">Infografia secund\u00e0ria<\/a><\/p>\n<p><a href=\"https:\/\/agora.xtec.cat\/escolapauvila\/wp-content\/uploads\/usu1565\/2025\/01\/Infografia-post-i-adults.pdf\">Infografia post i adults<\/a><\/p>\n<p>Des de l&#8217;escola, creiem que \u00e9s important seguir educant el nostre alumnat per fer un \u00fas responsable de les pantalles, tot respectant el seu ritme maduratiu i les seves capacitats. \u00c9s per aix\u00f2 que els responsables de la Cultura Digital del centre ens estem formant, assistint a diferents xerrades d&#8217;experts com la <a href=\"https:\/\/docs.academia.cat\/4fdfd525\">Societat Catalana de Pediatria<\/a>, psic\u00f2legs i del mateix Departament d&#8217;Educaci\u00f3. Tanmateix, la participaci\u00f3 de les fam\u00edlies i el model que els infants tenen a casa tamb\u00e9 s\u00f3n clau en aquest acompanyament digital, tan necessari en el temps en qu\u00e8 vivim.<\/p>\n<p><img loading=\"lazy\" decoding=\"async\" class=\"wp-image-11350 size-medium\" src=\"https:\/\/agora.xtec.cat\/escolapauvila\/wp-content\/uploads\/usu1565\/2025\/01\/43043-300x218.jpg\" alt=\"\" width=\"300\" height=\"218\" srcset=\"https:\/\/agora.xtec.cat\/escolapauvila\/wp-content\/uploads\/usu1565\/2025\/01\/43043-300x218.jpg 300w, https:\/\/agora.xtec.cat\/escolapauvila\/wp-content\/uploads\/usu1565\/2025\/01\/43043-1024x745.jpg 1024w, https:\/\/agora.xtec.cat\/escolapauvila\/wp-content\/uploads\/usu1565\/2025\/01\/43043-768x559.jpg 768w, https:\/\/agora.xtec.cat\/escolapauvila\/wp-content\/uploads\/usu1565\/2025\/01\/43043-1536x1117.jpg 1536w, https:\/\/agora.xtec.cat\/escolapauvila\/wp-content\/uploads\/usu1565\/2025\/01\/43043-2048x1490.jpg 2048w\" sizes=\"auto, (max-width: 300px) 100vw, 300px\" \/><\/p>\n","protected":false},"excerpt":{"rendered":"<p>La Plataforma per a l&#8217;Educaci\u00f3 Medi\u00e0tica de Catalunya, liderada pel Consell de l&#8217;Audiovisual de Catalunya (CAC), ha elaborat un conjunt d\u2019orientacions pedag\u00f2giques sobre l\u2019\u00fas de les pantalles en les diferents etapes de la vida, des de la primera inf\u00e0ncia fins a l\u2019edat adulta. Aquestes orientacions&hellip;  <a href=\"https:\/\/agora.xtec.cat\/escolapauvila\/portada\/orientacions-obre-lus-de-pantalles\/\" title=\"Read Orientacions obre l&#8217;\u00fas de pantalles\">Llegeix m\u00e9s\u00bb<\/a><\/p>\n","protected":false},"author":1,"featured_media":11350,"comment_status":"open","ping_status":"closed","sticky":false,"template":"","format":"standard","meta":{"_bbp_topic_count":0,"_bbp_reply_count":0,"_bbp_total_topic_count":0,"_bbp_total_reply_count":0,"_bbp_voice_count":0,"_bbp_anonymous_reply_count":0,"_bbp_topic_count_hidden":0,"_bbp_reply_count_hidden":0,"_bbp_forum_subforum_count":0,"footnotes":""},"categories":[4],"tags":[427,157],"class_list":["post-11344","post","type-post","status-publish","format-standard","has-post-thumbnail","hentry","category-portada","tag-cultura-digital","tag-tac"],"post_mailing_queue_ids":[],"_links":{"self":[{"href":"https:\/\/agora.xtec.cat\/escolapauvila\/wp-json\/wp\/v2\/posts\/11344","targetHints":{"allow":["GET"]}}],"collection":[{"href":"https:\/\/agora.xtec.cat\/escolapauvila\/wp-json\/wp\/v2\/posts"}],"about":[{"href":"https:\/\/agora.xtec.cat\/escolapauvila\/wp-json\/wp\/v2\/types\/post"}],"author":[{"embeddable":true,"href":"https:\/\/agora.xtec.cat\/escolapauvila\/wp-json\/wp\/v2\/users\/1"}],"replies":[{"embeddable":true,"href":"https:\/\/agora.xtec.cat\/escolapauvila\/wp-json\/wp\/v2\/comments?post=11344"}],"version-history":[{"count":4,"href":"https:\/\/agora.xtec.cat\/escolapauvila\/wp-json\/wp\/v2\/posts\/11344\/revisions"}],"predecessor-version":[{"id":11354,"href":"https:\/\/agora.xtec.cat\/escolapauvila\/wp-json\/wp\/v2\/posts\/11344\/revisions\/11354"}],"wp:featuredmedia":[{"embeddable":true,"href":"https:\/\/agora.xtec.cat\/escolapauvila\/wp-json\/wp\/v2\/media\/11350"}],"wp:attachment":[{"href":"https:\/\/agora.xtec.cat\/escolapauvila\/wp-json\/wp\/v2\/media?parent=11344"}],"wp:term":[{"taxonomy":"category","embeddable":true,"href":"https:\/\/agora.xtec.cat\/escolapauvila\/wp-json\/wp\/v2\/categories?post=11344"},{"taxonomy":"post_tag","embeddable":true,"href":"https:\/\/agora.xtec.cat\/escolapauvila\/wp-json\/wp\/v2\/tags?post=11344"}],"curies":[{"name":"wp","href":"https:\/\/api.w.org\/{rel}","templated":true}]}}