{"id":11319,"date":"2024-12-16T18:20:56","date_gmt":"2024-12-16T17:20:56","guid":{"rendered":"https:\/\/agora.xtec.cat\/escolapauvila\/?p=11319"},"modified":"2024-12-16T18:20:56","modified_gmt":"2024-12-16T17:20:56","slug":"tarda-de-jocs-de-taula","status":"publish","type":"post","link":"https:\/\/agora.xtec.cat\/escolapauvila\/portada\/tarda-de-jocs-de-taula\/","title":{"rendered":"Tarda de jocs de taula"},"content":{"rendered":"<p>Els i les alumnes de la Comunitat de Grans, aquesta setmana, podran gaudir d&#8217;una tarda de jocs de taula. Es tracta d&#8217;una activitat conjunta amb l&#8217;agrupaci\u00f3 l\u00fadica d&#8217;Esparreguera <a href=\"https:\/\/www.instagram.com\/sparrajocs\/\">Sparrajocs<\/a>, en qu\u00e8 es presenten diferents jocs que estaran disponibles a l&#8217;escola a partir d&#8217;aquest moment.<\/p>\n<p>Des d&#8217;aquestes l\u00ednies volem agrair la participaci\u00f3 dels voluntaris de Sparrajocs, aix\u00ed com animar a tot l&#8217;alumnat a compartir estones de joc amb fam\u00edlia i amics aquestes properes vacances.<\/p>\n<p><img loading=\"lazy\" decoding=\"async\" class=\"alignnone size-large wp-image-11320\" src=\"https:\/\/agora.xtec.cat\/escolapauvila\/wp-content\/uploads\/usu1565\/2024\/12\/jocs-1024x768.jpg\" alt=\"\" width=\"1024\" height=\"768\" srcset=\"https:\/\/agora.xtec.cat\/escolapauvila\/wp-content\/uploads\/usu1565\/2024\/12\/jocs-1024x768.jpg 1024w, https:\/\/agora.xtec.cat\/escolapauvila\/wp-content\/uploads\/usu1565\/2024\/12\/jocs-300x225.jpg 300w, https:\/\/agora.xtec.cat\/escolapauvila\/wp-content\/uploads\/usu1565\/2024\/12\/jocs-768x576.jpg 768w, https:\/\/agora.xtec.cat\/escolapauvila\/wp-content\/uploads\/usu1565\/2024\/12\/jocs-200x150.jpg 200w, https:\/\/agora.xtec.cat\/escolapauvila\/wp-content\/uploads\/usu1565\/2024\/12\/jocs.jpg 1103w\" sizes=\"auto, (max-width: 1024px) 100vw, 1024px\" \/><\/p>\n","protected":false},"excerpt":{"rendered":"<p>Els i les alumnes de la Comunitat de Grans, aquesta setmana, podran gaudir d&#8217;una tarda de jocs de taula. Es tracta d&#8217;una activitat conjunta amb l&#8217;agrupaci\u00f3 l\u00fadica d&#8217;Esparreguera <a href=\"https:\/\/www.instagram.com\/sparrajocs\/\">Sparrajocs<\/a>, en qu\u00e8 es presenten diferents jocs que estaran disponibles a l&#8217;escola a partir d&#8217;aquest moment.<br \/>\nDes&hellip;  <a href=\"https:\/\/agora.xtec.cat\/escolapauvila\/portada\/tarda-de-jocs-de-taula\/\" title=\"Read Tarda de jocs de taula\">Llegeix m\u00e9s\u00bb<\/a><\/p>\n","protected":false},"author":1,"featured_media":11320,"comment_status":"open","ping_status":"closed","sticky":false,"template":"","format":"standard","meta":{"_bbp_topic_count":0,"_bbp_reply_count":0,"_bbp_total_topic_count":0,"_bbp_total_reply_count":0,"_bbp_voice_count":0,"_bbp_anonymous_reply_count":0,"_bbp_topic_count_hidden":0,"_bbp_reply_count_hidden":0,"_bbp_forum_subforum_count":0,"footnotes":""},"categories":[13,14,15,61,4],"tags":[403,273],"class_list":["post-11319","post","type-post","status-publish","format-standard","has-post-thumbnail","hentry","category-4t","category-5e","category-6e","category-grans","category-portada","tag-6e24-25","tag-nascuts-2013"],"post_mailing_queue_ids":[],"_links":{"self":[{"href":"https:\/\/agora.xtec.cat\/escolapauvila\/wp-json\/wp\/v2\/posts\/11319","targetHints":{"allow":["GET"]}}],"collection":[{"href":"https:\/\/agora.xtec.cat\/escolapauvila\/wp-json\/wp\/v2\/posts"}],"about":[{"href":"https:\/\/agora.xtec.cat\/escolapauvila\/wp-json\/wp\/v2\/types\/post"}],"author":[{"embeddable":true,"href":"https:\/\/agora.xtec.cat\/escolapauvila\/wp-json\/wp\/v2\/users\/1"}],"replies":[{"embeddable":true,"href":"https:\/\/agora.xtec.cat\/escolapauvila\/wp-json\/wp\/v2\/comments?post=11319"}],"version-history":[{"count":1,"href":"https:\/\/agora.xtec.cat\/escolapauvila\/wp-json\/wp\/v2\/posts\/11319\/revisions"}],"predecessor-version":[{"id":11321,"href":"https:\/\/agora.xtec.cat\/escolapauvila\/wp-json\/wp\/v2\/posts\/11319\/revisions\/11321"}],"wp:featuredmedia":[{"embeddable":true,"href":"https:\/\/agora.xtec.cat\/escolapauvila\/wp-json\/wp\/v2\/media\/11320"}],"wp:attachment":[{"href":"https:\/\/agora.xtec.cat\/escolapauvila\/wp-json\/wp\/v2\/media?parent=11319"}],"wp:term":[{"taxonomy":"category","embeddable":true,"href":"https:\/\/agora.xtec.cat\/escolapauvila\/wp-json\/wp\/v2\/categories?post=11319"},{"taxonomy":"post_tag","embeddable":true,"href":"https:\/\/agora.xtec.cat\/escolapauvila\/wp-json\/wp\/v2\/tags?post=11319"}],"curies":[{"name":"wp","href":"https:\/\/api.w.org\/{rel}","templated":true}]}}