{"id":11230,"date":"2024-11-19T20:54:52","date_gmt":"2024-11-19T19:54:52","guid":{"rendered":"https:\/\/agora.xtec.cat\/escolapauvila\/?p=11230"},"modified":"2024-11-19T20:57:24","modified_gmt":"2024-11-19T19:57:24","slug":"ens-visita-una-experta-a-i5","status":"publish","type":"post","link":"https:\/\/agora.xtec.cat\/escolapauvila\/petits\/ens-visita-una-experta-a-i5\/","title":{"rendered":"ENS VISITA UNA EXPERTA A I5!"},"content":{"rendered":"<p>ELS NENS I NENES D&#8217;<strong>I5<\/strong> HAN VISCUT UNA NOVA EXPERI\u00c8NCIA A L&#8217;ESCOLA! TOT VA COMEN\u00c7AR DE CAM\u00cd CAP A LA VINYA VELLA, ON VAM OBSERVAR UNES <strong><span style=\"color: #ff0000;\">O<\/span>LIVERES<\/strong> QUE ENS VAN DESPERTAR LA CURIOSITAT.<\/p>\n<p>AL CAP D\u2019UNS DIES ELS NENS I NENES D\u2019I5B ES VAM COMEN\u00c7AR A FER PREGUNTES: <em>QU\u00c8 ES POT FER AMB LES OLIVES QUE ES CULLEN D&#8217;AQUESTS ARBRES? COM ES FABRICA L&#8217;OLI?<\/em><\/p>\n<p>AMB AQUESTA INQUIETUD, VAM DECIDIR COMPARTIR EL QUE HAV\u00cdEM DESCOBERT AMB ELS NOSTRES COMPANYS I COMPANYES D&#8217;I5A. DE MANERA CONJUNTA, VAM PENSAR A DEMANAR AJUDA A L&#8217;EVA, LA D\u00c8LIA I EL JOAN PER CONTINUAR INVESTIGANT. DESPR\u00c9S D&#8217;UNA PETITA CONVERSA, ENS VAN RECOMANAR PREGUNTAR-LI A UNA EXPERTA PER RESOLDRE TOTS ELS NOSTRES DUBTES.<\/p>\n<p><a href=\"https:\/\/agora.xtec.cat\/escolapauvila\/wp-content\/uploads\/usu1565\/2024\/11\/EXPLICACIO.png\"><img loading=\"lazy\" decoding=\"async\" class=\"alignnone wp-image-11244\" src=\"https:\/\/agora.xtec.cat\/escolapauvila\/wp-content\/uploads\/usu1565\/2024\/11\/EXPLICACIO.png\" alt=\"\" width=\"491\" height=\"305\" srcset=\"https:\/\/agora.xtec.cat\/escolapauvila\/wp-content\/uploads\/usu1565\/2024\/11\/EXPLICACIO.png 778w, https:\/\/agora.xtec.cat\/escolapauvila\/wp-content\/uploads\/usu1565\/2024\/11\/EXPLICACIO-300x186.png 300w, https:\/\/agora.xtec.cat\/escolapauvila\/wp-content\/uploads\/usu1565\/2024\/11\/EXPLICACIO-768x477.png 768w\" sizes=\"auto, (max-width: 491px) 100vw, 491px\" \/><\/a><a href=\"https:\/\/agora.xtec.cat\/escolapauvila\/wp-content\/uploads\/usu1565\/2024\/11\/ED-I-JOAN.png\"><img loading=\"lazy\" decoding=\"async\" class=\"alignnone wp-image-11243\" src=\"https:\/\/agora.xtec.cat\/escolapauvila\/wp-content\/uploads\/usu1565\/2024\/11\/ED-I-JOAN.png\" alt=\"\" width=\"498\" height=\"304\" srcset=\"https:\/\/agora.xtec.cat\/escolapauvila\/wp-content\/uploads\/usu1565\/2024\/11\/ED-I-JOAN.png 1008w, https:\/\/agora.xtec.cat\/escolapauvila\/wp-content\/uploads\/usu1565\/2024\/11\/ED-I-JOAN-300x183.png 300w, https:\/\/agora.xtec.cat\/escolapauvila\/wp-content\/uploads\/usu1565\/2024\/11\/ED-I-JOAN-768x469.png 768w\" sizes=\"auto, (max-width: 498px) 100vw, 498px\" \/><\/a><\/p>\n<p>AVUI HA ESTAT EL GRAN D\u00cdA! LA <strong><span style=\"color: #ff0000;\">M<\/span>IREIA<\/strong>, UNA EXPERTA EN OLIVERES, HA VINGUT A L&#8217;ESCOLA PER EXPLICAR-NOS TOT EL QUE SAP SOBRE AQUESTS <strong><span style=\"color: #ff0000;\">A<\/span>RBRES<\/strong>, LES <strong><span style=\"color: #ff0000;\">O<\/span>LIVES<\/strong> I EL PROC\u00c9S DE FER <strong><span style=\"color: #ff0000;\">O<\/span>LI<\/strong>. LA MIREIA ENS HA ENSENYAT COM ES CULLEN LES OLIVES DE L&#8217;ARBRE, LES <strong><span style=\"color: #ff0000;\">E<\/span>INES<\/strong> QUE ES NECESSITEN COM ELS <strong><span style=\"color: #ff0000;\">G<\/span>UANTS<\/strong>, LA <strong><span style=\"color: #ff0000;\">B<\/span>ORRASSA<\/strong>, LA <strong><span style=\"color: #ff0000;\">P<\/span>INTA<\/strong> I EL <strong><span style=\"color: #ff0000;\">C<\/span>AB\u00c0S<\/strong>. A M\u00c9S, ENS HA MOSTRAT COM HO FA ELLA AL SEU CAMP D&#8217;OLIVERES.<\/p>\n<p><a href=\"https:\/\/agora.xtec.cat\/escolapauvila\/wp-content\/uploads\/usu1565\/2024\/11\/AGAFAR-OLIVES-2.png\"><img loading=\"lazy\" decoding=\"async\" class=\"alignnone wp-image-11233\" src=\"https:\/\/agora.xtec.cat\/escolapauvila\/wp-content\/uploads\/usu1565\/2024\/11\/AGAFAR-OLIVES-2.png\" alt=\"\" width=\"274\" height=\"349\" srcset=\"https:\/\/agora.xtec.cat\/escolapauvila\/wp-content\/uploads\/usu1565\/2024\/11\/AGAFAR-OLIVES-2.png 667w, https:\/\/agora.xtec.cat\/escolapauvila\/wp-content\/uploads\/usu1565\/2024\/11\/AGAFAR-OLIVES-2-236x300.png 236w\" sizes=\"auto, (max-width: 274px) 100vw, 274px\" \/><\/a><a href=\"https:\/\/agora.xtec.cat\/escolapauvila\/wp-content\/uploads\/usu1565\/2024\/11\/EXPERTA.png\"><img loading=\"lazy\" decoding=\"async\" class=\"alignnone wp-image-11236\" src=\"https:\/\/agora.xtec.cat\/escolapauvila\/wp-content\/uploads\/usu1565\/2024\/11\/EXPERTA.png\" alt=\"\" width=\"260\" height=\"349\" srcset=\"https:\/\/agora.xtec.cat\/escolapauvila\/wp-content\/uploads\/usu1565\/2024\/11\/EXPERTA.png 662w, https:\/\/agora.xtec.cat\/escolapauvila\/wp-content\/uploads\/usu1565\/2024\/11\/EXPERTA-224x300.png 224w\" sizes=\"auto, (max-width: 260px) 100vw, 260px\" \/><\/a><\/p>\n<p><a href=\"https:\/\/agora.xtec.cat\/escolapauvila\/wp-content\/uploads\/usu1565\/2024\/11\/PINTA.png\"><img loading=\"lazy\" decoding=\"async\" class=\"alignnone wp-image-11241\" src=\"https:\/\/agora.xtec.cat\/escolapauvila\/wp-content\/uploads\/usu1565\/2024\/11\/PINTA.png\" alt=\"\" width=\"274\" height=\"368\" srcset=\"https:\/\/agora.xtec.cat\/escolapauvila\/wp-content\/uploads\/usu1565\/2024\/11\/PINTA.png 458w, https:\/\/agora.xtec.cat\/escolapauvila\/wp-content\/uploads\/usu1565\/2024\/11\/PINTA-223x300.png 223w\" sizes=\"auto, (max-width: 274px) 100vw, 274px\" \/><\/a><a href=\"https:\/\/agora.xtec.cat\/escolapauvila\/wp-content\/uploads\/usu1565\/2024\/11\/EINES.png\"><img loading=\"lazy\" decoding=\"async\" class=\"alignnone wp-image-11235\" src=\"https:\/\/agora.xtec.cat\/escolapauvila\/wp-content\/uploads\/usu1565\/2024\/11\/EINES.png\" alt=\"\" width=\"274\" height=\"368\" srcset=\"https:\/\/agora.xtec.cat\/escolapauvila\/wp-content\/uploads\/usu1565\/2024\/11\/EINES.png 657w, https:\/\/agora.xtec.cat\/escolapauvila\/wp-content\/uploads\/usu1565\/2024\/11\/EINES-223x300.png 223w\" sizes=\"auto, (max-width: 274px) 100vw, 274px\" \/><\/a><\/p>\n<p>HEM APROFITAT L&#8217;OPORTUNITAT PER FER-LI TOTES LES PREGUNTES QUE ENS HAVIEN ANAT SORGINT AQUESTS DIES. HEM DESCOBERT QUE HI HA DIFERENTS TIPUS D&#8217;OLIVES I QUE, SI ENS LES VOLEM MENJAR, CAL PREPARAR-LES ABANS. TAMB\u00c9 ENS HA EXPLICAT QUE, SI VOLEM FER <strong><span style=\"color: #ff0000;\">O<\/span>LI<\/strong>, CAL PORTAR LES OLIVES AL <strong><span style=\"color: #ff0000;\">M<\/span>OL\u00cd<\/strong>.<\/p>\n<p><a href=\"https:\/\/agora.xtec.cat\/escolapauvila\/wp-content\/uploads\/usu1565\/2024\/11\/PREGUNTES-2.png\"><img loading=\"lazy\" decoding=\"async\" class=\"alignnone wp-image-11238\" src=\"https:\/\/agora.xtec.cat\/escolapauvila\/wp-content\/uploads\/usu1565\/2024\/11\/PREGUNTES-2.png\" alt=\"\" width=\"423\" height=\"325\" srcset=\"https:\/\/agora.xtec.cat\/escolapauvila\/wp-content\/uploads\/usu1565\/2024\/11\/PREGUNTES-2.png 1005w, https:\/\/agora.xtec.cat\/escolapauvila\/wp-content\/uploads\/usu1565\/2024\/11\/PREGUNTES-2-300x230.png 300w, https:\/\/agora.xtec.cat\/escolapauvila\/wp-content\/uploads\/usu1565\/2024\/11\/PREGUNTES-2-768x590.png 768w\" sizes=\"auto, (max-width: 423px) 100vw, 423px\" \/><\/a><a href=\"https:\/\/agora.xtec.cat\/escolapauvila\/wp-content\/uploads\/usu1565\/2024\/11\/AGAFAR-OLIVES.png\"><img loading=\"lazy\" decoding=\"async\" class=\"alignnone wp-image-11234\" src=\"https:\/\/agora.xtec.cat\/escolapauvila\/wp-content\/uploads\/usu1565\/2024\/11\/AGAFAR-OLIVES.png\" alt=\"\" width=\"242\" height=\"325\" srcset=\"https:\/\/agora.xtec.cat\/escolapauvila\/wp-content\/uploads\/usu1565\/2024\/11\/AGAFAR-OLIVES.png 667w, https:\/\/agora.xtec.cat\/escolapauvila\/wp-content\/uploads\/usu1565\/2024\/11\/AGAFAR-OLIVES-223x300.png 223w\" sizes=\"auto, (max-width: 242px) 100vw, 242px\" \/><\/a><a href=\"https:\/\/agora.xtec.cat\/escolapauvila\/wp-content\/uploads\/usu1565\/2024\/11\/BORRASSA.png\"><img loading=\"lazy\" decoding=\"async\" class=\"alignnone wp-image-11239\" src=\"https:\/\/agora.xtec.cat\/escolapauvila\/wp-content\/uploads\/usu1565\/2024\/11\/BORRASSA.png\" alt=\"\" width=\"463\" height=\"313\" srcset=\"https:\/\/agora.xtec.cat\/escolapauvila\/wp-content\/uploads\/usu1565\/2024\/11\/BORRASSA.png 807w, https:\/\/agora.xtec.cat\/escolapauvila\/wp-content\/uploads\/usu1565\/2024\/11\/BORRASSA-300x203.png 300w, https:\/\/agora.xtec.cat\/escolapauvila\/wp-content\/uploads\/usu1565\/2024\/11\/BORRASSA-768x520.png 768w\" sizes=\"auto, (max-width: 463px) 100vw, 463px\" \/><\/a><\/p>\n<p>I SABEU QU\u00c8? NECESSITEM <strong>5 KG D&#8217;<span style=\"color: #ff0000;\">O<\/span>LIVES<\/strong> PER OBTENIR NOM\u00c9S <strong>1 LITRE D&#8217;<span style=\"color: #ff0000;\">O<\/span>LI<\/strong>!<\/p>\n<p>LA MIREIA ENS HA PORTAT DUES <strong><span style=\"color: #ff0000;\">A<\/span>MPOLLES D&#8217;<span style=\"color: #ff0000;\">O<\/span>LI<\/strong> MOLT ESPECIALS! UNA D&#8217;OLI RECENT SORTIDA DEL MOL\u00cd I UNA ALTRA DE L&#8217;OLI DE L&#8217;ANY PASSAT. HEM OBSERVAT AMB ATENCI\u00d3 LES DIFER\u00c8NCIES I LES SEMBLANCES DE <strong><span style=\"color: #ff0000;\">C<\/span>OLOR, <span style=\"color: #ff0000;\">O<\/span>LOR<\/strong> I <strong><span style=\"color: #ff0000;\">G<\/span>UST<\/strong>. FINALMENT, HEM TINGUT L&#8217;OPORTUNITAT DE TASTAR L&#8217;OLI AMB UNA MICA DE <strong><span style=\"color: #ff0000;\">P<\/span>A<\/strong> I \u2026. ESTAVA BON\u00cdSSIM!<\/p>\n<p><a href=\"https:\/\/agora.xtec.cat\/escolapauvila\/wp-content\/uploads\/usu1565\/2024\/11\/1-scaled.jpg\"><img loading=\"lazy\" decoding=\"async\" class=\"wp-image-11231 aligncenter\" src=\"https:\/\/agora.xtec.cat\/escolapauvila\/wp-content\/uploads\/usu1565\/2024\/11\/1-768x1024.jpg\" alt=\"\" width=\"284\" height=\"378\" srcset=\"https:\/\/agora.xtec.cat\/escolapauvila\/wp-content\/uploads\/usu1565\/2024\/11\/1-768x1024.jpg 768w, https:\/\/agora.xtec.cat\/escolapauvila\/wp-content\/uploads\/usu1565\/2024\/11\/1-225x300.jpg 225w, https:\/\/agora.xtec.cat\/escolapauvila\/wp-content\/uploads\/usu1565\/2024\/11\/1-1152x1536.jpg 1152w, https:\/\/agora.xtec.cat\/escolapauvila\/wp-content\/uploads\/usu1565\/2024\/11\/1-1536x2048.jpg 1536w, https:\/\/agora.xtec.cat\/escolapauvila\/wp-content\/uploads\/usu1565\/2024\/11\/1-scaled.jpg 1920w\" sizes=\"auto, (max-width: 284px) 100vw, 284px\" \/><\/a><\/p>\n<p><span style=\"color: #333333;\">A LA TARDA, ELS NENS I NENES D&#8217;I5 HEM AGAFAT LES <strong><span style=\"color: #ff0000;\">E<\/span>INES<\/strong> I TAMB\u00c9 HEM <strong><span style=\"color: #ff0000;\">C<\/span>OLLIT<\/strong> <strong><span style=\"color: #ff0000;\">O<\/span>LIVES<\/strong> DE LES OLIVERES DEL <strong><span style=\"color: #ff0000;\">P<\/span>ATI<\/strong>!<\/span><\/p>\n<p><strong><span style=\"color: #ff0000;\">M<\/span>OLTES <span style=\"color: #ff0000;\">G<\/span>R\u00c0CIES<\/strong>, <span style=\"color: #333333;\">MIREIA, PER TOT EL QUE HEM APR\u00c8S JUNTS I JUNTES!<\/span><\/p>\n","protected":false},"excerpt":{"rendered":"<p>ELS NENS I NENES D&#8217;I5 HAN VISCUT UNA NOVA EXPERI\u00c8NCIA A L&#8217;ESCOLA! TOT VA COMEN\u00c7AR DE CAM\u00cd CAP A LA VINYA VELLA, ON VAM OBSERVAR UNES OLIVERES QUE ENS VAN DESPERTAR LA CURIOSITAT.<br \/>\nAL CAP D\u2019UNS DIES ELS NENS I NENES D\u2019I5B ES VAM COMEN\u00c7AR A&hellip;  <a href=\"https:\/\/agora.xtec.cat\/escolapauvila\/petits\/ens-visita-una-experta-a-i5\/\" title=\"Read ENS VISITA UNA EXPERTA A I5!\">Llegeix m\u00e9s\u00bb<\/a><\/p>\n","protected":false},"author":79,"featured_media":11234,"comment_status":"open","ping_status":"closed","sticky":false,"template":"","format":"standard","meta":{"_bbp_topic_count":0,"_bbp_reply_count":0,"_bbp_total_topic_count":0,"_bbp_total_reply_count":0,"_bbp_voice_count":0,"_bbp_anonymous_reply_count":0,"_bbp_topic_count_hidden":0,"_bbp_reply_count_hidden":0,"_bbp_forum_subforum_count":0,"footnotes":""},"categories":[2,9,4],"tags":[246,415,416],"class_list":["post-11230","post","type-post","status-publish","format-standard","has-post-thumbnail","hentry","category-petits","category-ei5","category-portada","tag-comunitat-petits-i-petites","tag-ei5a24-25","tag-ei5b24-25"],"post_mailing_queue_ids":[],"_links":{"self":[{"href":"https:\/\/agora.xtec.cat\/escolapauvila\/wp-json\/wp\/v2\/posts\/11230","targetHints":{"allow":["GET"]}}],"collection":[{"href":"https:\/\/agora.xtec.cat\/escolapauvila\/wp-json\/wp\/v2\/posts"}],"about":[{"href":"https:\/\/agora.xtec.cat\/escolapauvila\/wp-json\/wp\/v2\/types\/post"}],"author":[{"embeddable":true,"href":"https:\/\/agora.xtec.cat\/escolapauvila\/wp-json\/wp\/v2\/users\/79"}],"replies":[{"embeddable":true,"href":"https:\/\/agora.xtec.cat\/escolapauvila\/wp-json\/wp\/v2\/comments?post=11230"}],"version-history":[{"count":2,"href":"https:\/\/agora.xtec.cat\/escolapauvila\/wp-json\/wp\/v2\/posts\/11230\/revisions"}],"predecessor-version":[{"id":11245,"href":"https:\/\/agora.xtec.cat\/escolapauvila\/wp-json\/wp\/v2\/posts\/11230\/revisions\/11245"}],"wp:featuredmedia":[{"embeddable":true,"href":"https:\/\/agora.xtec.cat\/escolapauvila\/wp-json\/wp\/v2\/media\/11234"}],"wp:attachment":[{"href":"https:\/\/agora.xtec.cat\/escolapauvila\/wp-json\/wp\/v2\/media?parent=11230"}],"wp:term":[{"taxonomy":"category","embeddable":true,"href":"https:\/\/agora.xtec.cat\/escolapauvila\/wp-json\/wp\/v2\/categories?post=11230"},{"taxonomy":"post_tag","embeddable":true,"href":"https:\/\/agora.xtec.cat\/escolapauvila\/wp-json\/wp\/v2\/tags?post=11230"}],"curies":[{"name":"wp","href":"https:\/\/api.w.org\/{rel}","templated":true}]}}