{"id":11212,"date":"2024-11-18T17:17:38","date_gmt":"2024-11-18T16:17:38","guid":{"rendered":"https:\/\/agora.xtec.cat\/escolapauvila\/?p=11212"},"modified":"2024-11-18T17:17:38","modified_gmt":"2024-11-18T16:17:38","slug":"visitem-el-museu-de-les-matematiques","status":"publish","type":"post","link":"https:\/\/agora.xtec.cat\/escolapauvila\/mitjans\/visitem-el-museu-de-les-matematiques\/","title":{"rendered":"Visitem el museu de les matem\u00e0tiques"},"content":{"rendered":"<p>El passat<a href=\"https:\/\/agora.xtec.cat\/escolapauvila\/wp-content\/uploads\/usu1565\/2024\/11\/IMG_1946-scaled.jpg\"><img loading=\"lazy\" decoding=\"async\" class=\"wp-image-11218 alignleft\" src=\"https:\/\/agora.xtec.cat\/escolapauvila\/wp-content\/uploads\/usu1565\/2024\/11\/IMG_1946-1024x768.jpg\" alt=\"\" width=\"322\" height=\"241\" srcset=\"https:\/\/agora.xtec.cat\/escolapauvila\/wp-content\/uploads\/usu1565\/2024\/11\/IMG_1946-1024x768.jpg 1024w, https:\/\/agora.xtec.cat\/escolapauvila\/wp-content\/uploads\/usu1565\/2024\/11\/IMG_1946-300x225.jpg 300w, https:\/\/agora.xtec.cat\/escolapauvila\/wp-content\/uploads\/usu1565\/2024\/11\/IMG_1946-768x576.jpg 768w, https:\/\/agora.xtec.cat\/escolapauvila\/wp-content\/uploads\/usu1565\/2024\/11\/IMG_1946-1536x1152.jpg 1536w, https:\/\/agora.xtec.cat\/escolapauvila\/wp-content\/uploads\/usu1565\/2024\/11\/IMG_1946-2048x1536.jpg 2048w, https:\/\/agora.xtec.cat\/escolapauvila\/wp-content\/uploads\/usu1565\/2024\/11\/IMG_1946-200x150.jpg 200w\" sizes=\"auto, (max-width: 322px) 100vw, 322px\" \/><\/a> 12 de novembre els nens i nenes de primer vam visitar i gaudir de dos tallers d&#8217;experi\u00e8ncies matem\u00e0tiques al voltant de la geometria, l&#8217;orientaci\u00f3 espacial i la l\u00f2gica.<\/p>\n<p>Tot aix\u00f2 ho vam poder fer a trav\u00e9s de jocs manipulatius de petit i gran format.<\/p>\n<p>Ara, a l&#8217;aula aprofitarem per continuar treballant les matem\u00e0tiques a partir d&#8217;aquestes idees.<\/p>\n<p>&nbsp;<\/p>\n<p><a href=\"https:\/\/agora.xtec.cat\/escolapauvila\/wp-content\/uploads\/usu1565\/2024\/11\/IMG_1954-scaled.jpg\"><img loading=\"lazy\" decoding=\"async\" class=\"wp-image-11216 alignleft\" src=\"https:\/\/agora.xtec.cat\/escolapauvila\/wp-content\/uploads\/usu1565\/2024\/11\/IMG_1954-1024x768.jpg\" alt=\"\" width=\"324\" height=\"243\" srcset=\"https:\/\/agora.xtec.cat\/escolapauvila\/wp-content\/uploads\/usu1565\/2024\/11\/IMG_1954-1024x768.jpg 1024w, https:\/\/agora.xtec.cat\/escolapauvila\/wp-content\/uploads\/usu1565\/2024\/11\/IMG_1954-300x225.jpg 300w, https:\/\/agora.xtec.cat\/escolapauvila\/wp-content\/uploads\/usu1565\/2024\/11\/IMG_1954-768x576.jpg 768w, https:\/\/agora.xtec.cat\/escolapauvila\/wp-content\/uploads\/usu1565\/2024\/11\/IMG_1954-1536x1152.jpg 1536w, https:\/\/agora.xtec.cat\/escolapauvila\/wp-content\/uploads\/usu1565\/2024\/11\/IMG_1954-2048x1536.jpg 2048w, https:\/\/agora.xtec.cat\/escolapauvila\/wp-content\/uploads\/usu1565\/2024\/11\/IMG_1954-200x150.jpg 200w\" sizes=\"auto, (max-width: 324px) 100vw, 324px\" \/><\/a>\u00a0 \u00a0<img loading=\"lazy\" decoding=\"async\" class=\"wp-image-11213 alignnone\" src=\"https:\/\/agora.xtec.cat\/escolapauvila\/wp-content\/uploads\/usu1565\/2024\/11\/IMG_1957-1024x768.jpg\" alt=\"\" width=\"322\" height=\"241\" srcset=\"https:\/\/agora.xtec.cat\/escolapauvila\/wp-content\/uploads\/usu1565\/2024\/11\/IMG_1957-1024x768.jpg 1024w, https:\/\/agora.xtec.cat\/escolapauvila\/wp-content\/uploads\/usu1565\/2024\/11\/IMG_1957-300x225.jpg 300w, https:\/\/agora.xtec.cat\/escolapauvila\/wp-content\/uploads\/usu1565\/2024\/11\/IMG_1957-768x576.jpg 768w, https:\/\/agora.xtec.cat\/escolapauvila\/wp-content\/uploads\/usu1565\/2024\/11\/IMG_1957-1536x1152.jpg 1536w, https:\/\/agora.xtec.cat\/escolapauvila\/wp-content\/uploads\/usu1565\/2024\/11\/IMG_1957-2048x1536.jpg 2048w, https:\/\/agora.xtec.cat\/escolapauvila\/wp-content\/uploads\/usu1565\/2024\/11\/IMG_1957-200x150.jpg 200w\" sizes=\"auto, (max-width: 322px) 100vw, 322px\" \/><\/p>\n<p><a href=\"https:\/\/agora.xtec.cat\/escolapauvila\/wp-content\/uploads\/usu1565\/2024\/11\/IMG_1912-scaled.jpg\"><img loading=\"lazy\" decoding=\"async\" class=\"wp-image-11214 alignleft\" src=\"https:\/\/agora.xtec.cat\/escolapauvila\/wp-content\/uploads\/usu1565\/2024\/11\/IMG_1912-1024x768.jpg\" alt=\"\" width=\"324\" height=\"243\" srcset=\"https:\/\/agora.xtec.cat\/escolapauvila\/wp-content\/uploads\/usu1565\/2024\/11\/IMG_1912-1024x768.jpg 1024w, https:\/\/agora.xtec.cat\/escolapauvila\/wp-content\/uploads\/usu1565\/2024\/11\/IMG_1912-300x225.jpg 300w, https:\/\/agora.xtec.cat\/escolapauvila\/wp-content\/uploads\/usu1565\/2024\/11\/IMG_1912-768x576.jpg 768w, https:\/\/agora.xtec.cat\/escolapauvila\/wp-content\/uploads\/usu1565\/2024\/11\/IMG_1912-1536x1152.jpg 1536w, https:\/\/agora.xtec.cat\/escolapauvila\/wp-content\/uploads\/usu1565\/2024\/11\/IMG_1912-2048x1536.jpg 2048w, https:\/\/agora.xtec.cat\/escolapauvila\/wp-content\/uploads\/usu1565\/2024\/11\/IMG_1912-200x150.jpg 200w\" sizes=\"auto, (max-width: 324px) 100vw, 324px\" \/><\/a>El museu de les matem\u00e0tiques est\u00e0 situat en un petit palau dins el Parc de Can Mercader de Cornell\u00e0 de LLobregat, aix\u00f2 ens va permetre poder gaudir d&#8217;aquest espai magn\u00edfic de joc i natura. <a style=\"font-family: inherit; font-size: 1em;\" href=\"https:\/\/agora.xtec.cat\/escolapauvila\/wp-content\/uploads\/usu1565\/2024\/11\/IMG_1916-scaled.jpg\"><img loading=\"lazy\" decoding=\"async\" class=\"alignnone  wp-image-11215\" src=\"https:\/\/agora.xtec.cat\/escolapauvila\/wp-content\/uploads\/usu1565\/2024\/11\/IMG_1916-1024x768.jpg\" alt=\"\" width=\"388\" height=\"291\" srcset=\"https:\/\/agora.xtec.cat\/escolapauvila\/wp-content\/uploads\/usu1565\/2024\/11\/IMG_1916-1024x768.jpg 1024w, https:\/\/agora.xtec.cat\/escolapauvila\/wp-content\/uploads\/usu1565\/2024\/11\/IMG_1916-300x225.jpg 300w, https:\/\/agora.xtec.cat\/escolapauvila\/wp-content\/uploads\/usu1565\/2024\/11\/IMG_1916-768x576.jpg 768w, https:\/\/agora.xtec.cat\/escolapauvila\/wp-content\/uploads\/usu1565\/2024\/11\/IMG_1916-1536x1152.jpg 1536w, https:\/\/agora.xtec.cat\/escolapauvila\/wp-content\/uploads\/usu1565\/2024\/11\/IMG_1916-2048x1536.jpg 2048w, https:\/\/agora.xtec.cat\/escolapauvila\/wp-content\/uploads\/usu1565\/2024\/11\/IMG_1916-200x150.jpg 200w\" sizes=\"auto, (max-width: 388px) 100vw, 388px\" \/><\/a><span style=\"font-family: inherit; font-size: 1em;\">\u00a0\u00a0<\/span><\/p>\n<p>Com ja sabeu, podeu trobar m\u00e9s imatges als Classroom de cada aula.<\/p>\n","protected":false},"excerpt":{"rendered":"<p>El passat<a href=\"https:\/\/agora.xtec.cat\/escolapauvila\/wp-content\/uploads\/usu1565\/2024\/11\/IMG_1946-scaled.jpg\"><\/a> 12 de novembre els nens i nenes de primer vam visitar i gaudir de dos tallers d&#8217;experi\u00e8ncies matem\u00e0tiques al voltant de la geometria, l&#8217;orientaci\u00f3 espacial i la l\u00f2gica.<br \/>\nTot aix\u00f2 ho vam poder fer a trav\u00e9s de jocs manipulatius de petit i gran&hellip;  <a href=\"https:\/\/agora.xtec.cat\/escolapauvila\/mitjans\/visitem-el-museu-de-les-matematiques\/\" title=\"Read Visitem el museu de les matem\u00e0tiques\">Llegeix m\u00e9s\u00bb<\/a><\/p>\n","protected":false},"author":25,"featured_media":11217,"comment_status":"open","ping_status":"closed","sticky":false,"template":"","format":"standard","meta":{"_bbp_topic_count":0,"_bbp_reply_count":0,"_bbp_total_topic_count":0,"_bbp_total_reply_count":0,"_bbp_voice_count":0,"_bbp_anonymous_reply_count":0,"_bbp_topic_count_hidden":0,"_bbp_reply_count_hidden":0,"_bbp_forum_subforum_count":0,"footnotes":""},"categories":[10,5],"tags":[],"class_list":["post-11212","post","type-post","status-publish","format-standard","has-post-thumbnail","hentry","category-1r","category-mitjans"],"post_mailing_queue_ids":[],"_links":{"self":[{"href":"https:\/\/agora.xtec.cat\/escolapauvila\/wp-json\/wp\/v2\/posts\/11212","targetHints":{"allow":["GET"]}}],"collection":[{"href":"https:\/\/agora.xtec.cat\/escolapauvila\/wp-json\/wp\/v2\/posts"}],"about":[{"href":"https:\/\/agora.xtec.cat\/escolapauvila\/wp-json\/wp\/v2\/types\/post"}],"author":[{"embeddable":true,"href":"https:\/\/agora.xtec.cat\/escolapauvila\/wp-json\/wp\/v2\/users\/25"}],"replies":[{"embeddable":true,"href":"https:\/\/agora.xtec.cat\/escolapauvila\/wp-json\/wp\/v2\/comments?post=11212"}],"version-history":[{"count":1,"href":"https:\/\/agora.xtec.cat\/escolapauvila\/wp-json\/wp\/v2\/posts\/11212\/revisions"}],"predecessor-version":[{"id":11219,"href":"https:\/\/agora.xtec.cat\/escolapauvila\/wp-json\/wp\/v2\/posts\/11212\/revisions\/11219"}],"wp:featuredmedia":[{"embeddable":true,"href":"https:\/\/agora.xtec.cat\/escolapauvila\/wp-json\/wp\/v2\/media\/11217"}],"wp:attachment":[{"href":"https:\/\/agora.xtec.cat\/escolapauvila\/wp-json\/wp\/v2\/media?parent=11212"}],"wp:term":[{"taxonomy":"category","embeddable":true,"href":"https:\/\/agora.xtec.cat\/escolapauvila\/wp-json\/wp\/v2\/categories?post=11212"},{"taxonomy":"post_tag","embeddable":true,"href":"https:\/\/agora.xtec.cat\/escolapauvila\/wp-json\/wp\/v2\/tags?post=11212"}],"curies":[{"name":"wp","href":"https:\/\/api.w.org\/{rel}","templated":true}]}}