{"id":11111,"date":"2024-10-17T20:04:19","date_gmt":"2024-10-17T18:04:19","guid":{"rendered":"https:\/\/agora.xtec.cat\/escolapauvila\/?p=11111"},"modified":"2024-10-17T20:04:19","modified_gmt":"2024-10-17T18:04:19","slug":"reporters-1r-torn","status":"publish","type":"post","link":"https:\/\/agora.xtec.cat\/escolapauvila\/grans\/6e\/reporters-1r-torn\/","title":{"rendered":"Reporters 1r torn"},"content":{"rendered":"<p><span style=\"font-size: 36px;\"><b>\u00a0<\/b><b><i>Inici de curs<\/i><\/b><\/span><b><i><br \/>\n<\/i><\/b><i><span style=\"font-weight: 400;\">Yunai Gonzalez \u00a0 <\/span><\/i><i><span style=\"font-weight: 400;\"><\/p>\n<p><\/span><\/i><\/p>\n<p><span style=\"font-weight: 400;\">El 9 de setembre vam comen\u00e7ar l&#8217;escola. <\/span><span style=\"font-weight: 400;\">Aquest any \u00e9s el nostre \u00faltim, ja que quan acabem\u00a0 sis\u00e8 marxem a l&#8217;ESO. <\/span><span style=\"font-weight: 400;\">Aquest any \u00e9s m\u00e9s dif\u00edcil i ens han de donar canya perqu\u00e8 quan arribem a l&#8217;ESO ens quedem al cap amb el que ens han ensenyat a l&#8217;\u00faltim curs.<\/span><span style=\"font-weight: 400;\"><br \/>\n<\/span><span style=\"font-weight: 400;\">Quan vam arribar a classe era molt m\u00e9s gran que la de l&#8217;any passat. Ens van deixar escollir taules, tothom va seure amb els seus millors amics o amigues i ens van comen\u00e7ar a explicar el que farem aquest \u00faltim any\u00a0<\/span><span style=\"font-weight: 400;\">(mat\u00e8ries, canvi d\u2019horaris etc.).<\/span><\/p>\n<p><span style=\"font-weight: 400;\">Per \u00faltim, va vindre una companya nova que es diu Yeva Semenova i \u00e9s de 6\u00e8 B.\u00a0<\/span><\/p>\n<p>&nbsp;<\/p>\n<p><strong><span style=\"font-size: 36px;\">Nous professors<\/span><\/strong><\/p>\n<p><span style=\"font-weight: 400;\">Aleix Barrachina<\/span><\/p>\n<p>&nbsp;<\/p>\n<p><span style=\"font-weight: 400;\">El passat nou de setembre vam comen\u00e7ar un nou curs. Amb una sorpresa, la qual \u00e9s que van vindre molts nous professors a l\u2019escola Pau Vila.<\/span><\/p>\n<p><span style=\"font-weight: 400;\">Aquest any han vingut molts professors i un es diu Samuel, un noi Valenci\u00e0 que ajuda als que li costen m\u00e9s. La Paqui fa molts anys que est\u00e0 a l\u2019escola i normalment est\u00e0 d\u2019ajudant en diferents classes. <\/span><span style=\"font-weight: 400;\">La Zulema \u00e9s la nova profe d\u2019angl\u00e8s, i \u00e9s molt amable. <\/span><span style=\"font-weight: 400;\">A cinqu\u00e8 ha vingut un nou professor que es diu Joan, i a m\u00e9s a m\u00e9s un nou alumne que ve de Puerto Rico.<\/span><\/p>\n<p><span style=\"font-weight: 400;\">A la comunitat de mitjans han arribat molts nous professors que es diuen Anna Delgado, N\u00faria Garcia, Sandra Escriu, Laura Pall\u00e0s. En una part tamb\u00e9 ha vingut el Daniel Ruiz, que \u00e9s el nou professor de m\u00fasica.<\/span><\/p>\n<p><span style=\"font-weight: 400;\">Fins aqu\u00ed la meva explicaci\u00f3 sobre els nous professors de l\u2019escola Pau Vila.<\/span><\/p>\n<p>&nbsp;<\/p>\n<p><span style=\"font-size: 36px;\"><b>Visita alcalde<\/b><\/span><\/p>\n<p><span style=\"font-weight: 400;\">Aynie Requena<\/span><\/p>\n<p><span style=\"font-weight: 400;\">Fa unes setmanes, quasi a inici de curs, va vindre el Juan Jurado (el nou alcalde d\u2019Esparreguera) i la Desir\u00e9e G\u00f3mez. (la regidora d\u2019educaci\u00f3 i esports) <\/span><span style=\"font-weight: 400;\"><br \/>\n<\/span><span style=\"font-weight: 400;\"><img loading=\"lazy\" decoding=\"async\" class=\"wp-image-11113 size-thumbnail alignright\" src=\"https:\/\/agora.xtec.cat\/escolapauvila\/wp-content\/uploads\/usu1565\/2024\/10\/visita-150x150.jpg\" alt=\"\" width=\"150\" height=\"150\" \/><br \/>\n<\/span><span style=\"font-weight: 400;\">A classe, vam fer una s\u00e8rie de preguntes per preguntar-li al Juan i la Desir\u00e9e. <\/span><span style=\"font-weight: 400;\">Despr\u00e9s, a classe vam fer un text al taller d\u2019escriptura on vam explicar a detall que va passar en aquella reuni\u00f3. <\/span><span style=\"font-weight: 400;\">I uns dies despr\u00e9s, el Juan Jurado va fer un post a les xarxes socials (concretament a Instagram) sobre la seva experi\u00e8ncia. Diu que li ha agradat molt tornar a la seva escola on va cr\u00e9ixer i ens desitja un bon curs. <\/span><span style=\"font-weight: 400;\"><br \/>\n<\/span><span style=\"font-weight: 400;\"><br \/>\n<\/span><span style=\"font-weight: 400;\">I aix\u00f2 seria d\u2019una forma resumida el que va passar a la vista de l\u2019alcalde.<\/span><\/p>\n<p><span style=\"font-size: 36px;\"><b>Delegats de la classe<\/b><\/span><\/p>\n<p>Nora Espadas<\/p>\n<p><span style=\"font-weight: 400;\">La setmana passada\u00a0 vam decidir els delegats de la classe. <\/span><span style=\"font-weight: 400;\">Per\u00f2 abans explicar\u00e9 <\/span><span style=\"font-family: inherit; font-size: 1em;\">EL QUE \u00c9S SER DELEGAT:<\/span><\/p>\n<p><span style=\"font-weight: 400;\">Ser delegat o delegada \u00e9s tenir molta responsabilitat, ser puntual a les reunions, explicar a la classe tot el que parles a les reunions i m\u00e9s. <\/span><span style=\"font-weight: 400;\">Abans de presentar-te com a delegat pensa que haur\u00e0s d\u2019estar tot un trimestre responsabilitzant-te de la classe i de l&#8217;escola. <\/span><span style=\"font-weight: 400;\">S\u2019escull el delegat fent un full de l&#8217;explicaci\u00f3 de per qu\u00e8 vols que et votin. <\/span><span style=\"font-weight: 400;\">Despr\u00e9s de tenir-lo fet un dia qualsevol es fan votacions de la persona que m\u00e9s t&#8217;agradaria que fos delegat o delegada de la classe.<\/span><\/p>\n<p><span style=\"font-weight: 400;\">Despr\u00e9s d&#8217;estar decidit els quatre delegats (dos pel primer torn i els altres dos pel segon torn), els delegats de la nostra classe s\u00f3n la Nora E (jo), la Ivet, l&#8217;\u00c8ric i l&#8217;Aleix L.<\/span><\/p>\n<p><span style=\"font-weight: 400;\">Quan ja estan els quatre decidits es fa la primera reuni\u00f3, que s\u00f3n els dimecres a les 12:30 al migdia. <\/span><span style=\"font-weight: 400;\">Des d&#8217;all\u00e0 tots el dimecres es fan reunions.<\/span><\/p>\n<p><span style=\"font-weight: 400;\">I AIX\u00cd \u00c9S SER DELEGAT.<\/span><\/p>\n","protected":false},"excerpt":{"rendered":"<p>\u00a0Inici de curs<br \/>\nYunai Gonzalez \u00a0 <\/p>\n<p>El 9 de setembre vam comen\u00e7ar l&#8217;escola. Aquest any \u00e9s el nostre \u00faltim, ja que quan acabem\u00a0 sis\u00e8 marxem a l&#8217;ESO. Aquest any \u00e9s m\u00e9s dif\u00edcil i ens han de donar canya perqu\u00e8 quan arribem a l&#8217;ESO ens quedem al&hellip;  <a href=\"https:\/\/agora.xtec.cat\/escolapauvila\/grans\/6e\/reporters-1r-torn\/\" title=\"Read Reporters 1r torn\">Llegeix m\u00e9s\u00bb<\/a><\/p>\n","protected":false},"author":1,"featured_media":11113,"comment_status":"open","ping_status":"closed","sticky":false,"template":"","format":"standard","meta":{"_bbp_topic_count":0,"_bbp_reply_count":0,"_bbp_total_topic_count":0,"_bbp_total_reply_count":0,"_bbp_voice_count":0,"_bbp_anonymous_reply_count":0,"_bbp_topic_count_hidden":0,"_bbp_reply_count_hidden":0,"_bbp_forum_subforum_count":0,"footnotes":""},"categories":[15,61],"tags":[403,273],"class_list":["post-11111","post","type-post","status-publish","format-standard","has-post-thumbnail","hentry","category-6e","category-grans","tag-6e24-25","tag-nascuts-2013"],"post_mailing_queue_ids":[],"_links":{"self":[{"href":"https:\/\/agora.xtec.cat\/escolapauvila\/wp-json\/wp\/v2\/posts\/11111","targetHints":{"allow":["GET"]}}],"collection":[{"href":"https:\/\/agora.xtec.cat\/escolapauvila\/wp-json\/wp\/v2\/posts"}],"about":[{"href":"https:\/\/agora.xtec.cat\/escolapauvila\/wp-json\/wp\/v2\/types\/post"}],"author":[{"embeddable":true,"href":"https:\/\/agora.xtec.cat\/escolapauvila\/wp-json\/wp\/v2\/users\/1"}],"replies":[{"embeddable":true,"href":"https:\/\/agora.xtec.cat\/escolapauvila\/wp-json\/wp\/v2\/comments?post=11111"}],"version-history":[{"count":2,"href":"https:\/\/agora.xtec.cat\/escolapauvila\/wp-json\/wp\/v2\/posts\/11111\/revisions"}],"predecessor-version":[{"id":11114,"href":"https:\/\/agora.xtec.cat\/escolapauvila\/wp-json\/wp\/v2\/posts\/11111\/revisions\/11114"}],"wp:featuredmedia":[{"embeddable":true,"href":"https:\/\/agora.xtec.cat\/escolapauvila\/wp-json\/wp\/v2\/media\/11113"}],"wp:attachment":[{"href":"https:\/\/agora.xtec.cat\/escolapauvila\/wp-json\/wp\/v2\/media?parent=11111"}],"wp:term":[{"taxonomy":"category","embeddable":true,"href":"https:\/\/agora.xtec.cat\/escolapauvila\/wp-json\/wp\/v2\/categories?post=11111"},{"taxonomy":"post_tag","embeddable":true,"href":"https:\/\/agora.xtec.cat\/escolapauvila\/wp-json\/wp\/v2\/tags?post=11111"}],"curies":[{"name":"wp","href":"https:\/\/api.w.org\/{rel}","templated":true}]}}