{"id":11073,"date":"2024-09-30T13:13:06","date_gmt":"2024-09-30T11:13:06","guid":{"rendered":"https:\/\/agora.xtec.cat\/escolapauvila\/?p=11073"},"modified":"2024-09-30T13:13:06","modified_gmt":"2024-09-30T11:13:06","slug":"la-tardor-arriba-a-i5","status":"publish","type":"post","link":"https:\/\/agora.xtec.cat\/escolapauvila\/petits\/la-tardor-arriba-a-i5\/","title":{"rendered":"LA TARDOR ARRIBA A I5"},"content":{"rendered":"<p>BENVOLGUDES FAM\u00cdLIES,<\/p>\n<p>JA FA UNS DIES QUE VAM TORNAR I ENS VAM RETROBAR A L&#8217;ESCOLA. HI HA HAGUT ALGUNS CANVIS PER\u00d2 A POC A POC ENS ESTEM ADAPTANT. AQUESTA SETMANA VA COMEN\u00c7AR LA<span style=\"font-size: 20px;\"><strong><span style=\"color: #ff0000;\"> T<\/span>ARDOR<\/strong><\/span>, I EN POL VA PORTAR A LA CLASSE UN CISTELL PLE DE <strong><span style=\"font-size: 20px;\"><span style=\"color: #ff0000;\">F<\/span>RUITS<\/span><\/strong> T\u00cdPICS D&#8217;AQUESTES DATES.<\/p>\n<p><a href=\"https:\/\/agora.xtec.cat\/escolapauvila\/wp-content\/uploads\/usu1565\/2024\/09\/TARDOR.jpg\"><img loading=\"lazy\" decoding=\"async\" class=\"size-full wp-image-11075 aligncenter\" src=\"https:\/\/agora.xtec.cat\/escolapauvila\/wp-content\/uploads\/usu1565\/2024\/09\/TARDOR.jpg\" alt=\"\" width=\"362\" height=\"480\" srcset=\"https:\/\/agora.xtec.cat\/escolapauvila\/wp-content\/uploads\/usu1565\/2024\/09\/TARDOR.jpg 362w, https:\/\/agora.xtec.cat\/escolapauvila\/wp-content\/uploads\/usu1565\/2024\/09\/TARDOR-226x300.jpg 226w\" sizes=\"auto, (max-width: 362px) 100vw, 362px\" \/><\/a><\/p>\n<p>A DINS HI HAVIA <span style=\"font-size: 20px;\"><strong><span style=\"color: #ff0000;\">M<\/span>ONIATOS, <span style=\"color: #ff0000;\">C<\/span>ASTANYES, <span style=\"color: #ff0000;\">F<\/span>ULLES, <span style=\"color: #ff0000;\">A<\/span>VELLANES<\/strong><\/span>&#8230; I UNA FRUITA QUE NO SAB\u00cdEM QU\u00c8 ERA. ENTRE TOTES I TOTS VAM COMEN\u00c7AR UNA CONVERSA I VAM FER DIVERSES HIP\u00d2TESIS:<\/p>\n<ul>\n<li>POT SER UNA PINYA VERDA.<\/li>\n<li>NO, PERQU\u00c8 LES PINYES S\u00d3N DURES I AIX\u00d2 \u00c9S TOVET.<\/li>\n<li>UNA MADUIXA GRAN VERDA.<\/li>\n<li>UNA COLIFLOR.<\/li>\n<li>\u00c9S UNA FRUITA DE TARDOR.<\/li>\n<li>POT SER UN COCO?<\/li>\n<li>NO, PERQU\u00c8 ELS COCOS S\u00d3N MARRONS PER FORA I AIX\u00d2 T\u00c9 VERD.<\/li>\n<li>SI HO VOLEM VEURE HO TALLEM.<\/li>\n<li>PER DINTRE SER\u00c0 BLANC.<\/li>\n<li>\u00c9S UN MEL\u00d3 PETIT.<\/li>\n<li>NO PERQU\u00c8 ELS MELONS S\u00d3N COM \u201cO\u201d GRANS I AIX\u00d2 \u00c9S PETIT.<\/li>\n<\/ul>\n<p>AIX\u00cd QUE VAM DECIDIR BUSCAR UN GANIVET I OBRIR-LO PER LA MEITAT.<\/p>\n<p style=\"text-align: center;\"><a href=\"https:\/\/agora.xtec.cat\/escolapauvila\/wp-content\/uploads\/usu1565\/2024\/09\/POL.jpg\"><img loading=\"lazy\" decoding=\"async\" class=\"alignnone size-full wp-image-11076\" src=\"https:\/\/agora.xtec.cat\/escolapauvila\/wp-content\/uploads\/usu1565\/2024\/09\/POL.jpg\" alt=\"\" width=\"623\" height=\"469\" srcset=\"https:\/\/agora.xtec.cat\/escolapauvila\/wp-content\/uploads\/usu1565\/2024\/09\/POL.jpg 623w, https:\/\/agora.xtec.cat\/escolapauvila\/wp-content\/uploads\/usu1565\/2024\/09\/POL-300x226.jpg 300w, https:\/\/agora.xtec.cat\/escolapauvila\/wp-content\/uploads\/usu1565\/2024\/09\/POL-200x150.jpg 200w\" sizes=\"auto, (max-width: 623px) 100vw, 623px\" \/><\/a><\/p>\n<p>EFECTIVAMENT! ERA BLANC! PER\u00d2 TAMB\u00c9 TENIA ALGUNES COSES NEGRES&#8230; ALG\u00da VA DIR QUE SEMBLAVEN AMETLLES DE XOCOLATA&#8230; D&#8217;ALTRES QUE SEMBLAVEN PIPES&#8230; DE COP, ALG\u00da VA CAURE EN EL NOM DEL FRUIT&#8230; ERA UNA <span style=\"font-size: 20px;\"><strong><span style=\"color: #ff0000;\">X<\/span>IRIMOIA<\/strong><\/span>!!<\/p>\n<p>VAM ACABAR LA TARDA CONTENTS D&#8217;HAVER RESOLT L&#8217;ENIGMA DE LA TARDA PER\u00d2&#8230; ENCARA TENIM ALGUNS DUBTES&#8230; QU\u00c8 S\u00d3N LES COSETES NEGRES DE DINS?<\/p>\n","protected":false},"excerpt":{"rendered":"<p>BENVOLGUDES FAM\u00cdLIES,<br \/>\nJA FA UNS DIES QUE VAM TORNAR I ENS VAM RETROBAR A L&#8217;ESCOLA. HI HA HAGUT ALGUNS CANVIS PER\u00d2 A POC A POC ENS ESTEM ADAPTANT. AQUESTA SETMANA VA COMEN\u00c7AR LA TARDOR, I EN POL VA PORTAR A LA CLASSE UN CISTELL PLE DE&hellip;  <a href=\"https:\/\/agora.xtec.cat\/escolapauvila\/petits\/la-tardor-arriba-a-i5\/\" title=\"Read LA TARDOR ARRIBA A I5\">Llegeix m\u00e9s\u00bb<\/a><\/p>\n","protected":false},"author":60,"featured_media":11075,"comment_status":"open","ping_status":"closed","sticky":false,"template":"","format":"standard","meta":{"_bbp_topic_count":0,"_bbp_reply_count":0,"_bbp_total_topic_count":0,"_bbp_total_reply_count":0,"_bbp_voice_count":0,"_bbp_anonymous_reply_count":0,"_bbp_topic_count_hidden":0,"_bbp_reply_count_hidden":0,"_bbp_forum_subforum_count":0,"footnotes":""},"categories":[2,9],"tags":[401,402,299,116],"class_list":["post-11073","post","type-post","status-publish","format-standard","has-post-thumbnail","hentry","category-petits","category-ei5","tag-i5a24-25","tag-i5b24-24","tag-nascuts-2019","tag-tardor"],"post_mailing_queue_ids":[],"_links":{"self":[{"href":"https:\/\/agora.xtec.cat\/escolapauvila\/wp-json\/wp\/v2\/posts\/11073","targetHints":{"allow":["GET"]}}],"collection":[{"href":"https:\/\/agora.xtec.cat\/escolapauvila\/wp-json\/wp\/v2\/posts"}],"about":[{"href":"https:\/\/agora.xtec.cat\/escolapauvila\/wp-json\/wp\/v2\/types\/post"}],"author":[{"embeddable":true,"href":"https:\/\/agora.xtec.cat\/escolapauvila\/wp-json\/wp\/v2\/users\/60"}],"replies":[{"embeddable":true,"href":"https:\/\/agora.xtec.cat\/escolapauvila\/wp-json\/wp\/v2\/comments?post=11073"}],"version-history":[{"count":4,"href":"https:\/\/agora.xtec.cat\/escolapauvila\/wp-json\/wp\/v2\/posts\/11073\/revisions"}],"predecessor-version":[{"id":11079,"href":"https:\/\/agora.xtec.cat\/escolapauvila\/wp-json\/wp\/v2\/posts\/11073\/revisions\/11079"}],"wp:featuredmedia":[{"embeddable":true,"href":"https:\/\/agora.xtec.cat\/escolapauvila\/wp-json\/wp\/v2\/media\/11075"}],"wp:attachment":[{"href":"https:\/\/agora.xtec.cat\/escolapauvila\/wp-json\/wp\/v2\/media?parent=11073"}],"wp:term":[{"taxonomy":"category","embeddable":true,"href":"https:\/\/agora.xtec.cat\/escolapauvila\/wp-json\/wp\/v2\/categories?post=11073"},{"taxonomy":"post_tag","embeddable":true,"href":"https:\/\/agora.xtec.cat\/escolapauvila\/wp-json\/wp\/v2\/tags?post=11073"}],"curies":[{"name":"wp","href":"https:\/\/api.w.org\/{rel}","templated":true}]}}