{"id":10964,"date":"2024-05-25T09:39:35","date_gmt":"2024-05-25T07:39:35","guid":{"rendered":"https:\/\/agora.xtec.cat\/escolapauvila\/?p=10964"},"modified":"2024-05-30T13:47:38","modified_gmt":"2024-05-30T11:47:38","slug":"tallers-artistics-yayoi-kusama","status":"publish","type":"post","link":"https:\/\/agora.xtec.cat\/escolapauvila\/general\/tallers-artistics-yayoi-kusama\/","title":{"rendered":"TALLERS ART\u00cdSTICS YAYOI KUSAMA"},"content":{"rendered":"<p>AL LLARG D&#8217;AQUEST TRIMESTRE LA COMUNITAT DE PETITS I PETITES HEM DESCOBERT UNA ARTISTA JAPONESA QUE ES DIU <span style=\"color: #ff0000;\">Y<\/span>AYOI <span style=\"color: #ff0000;\">K<\/span>USAMA.<\/p>\n<p><span style=\"color: #ff0000;\">Y<\/span>AYOI <span style=\"color: #ff0000;\">K<\/span>USAMA VA COMEN\u00c7AR A PINTAR A L&#8217;EDAT DE DEU ANYS, A PARTIR DE VISIONS QUE TENIA DE CAMPS PLENS DE <span style=\"color: #ff0000;\">P<\/span>UNTS. INSPIRADA EN L&#8217;<span style=\"color: #ff0000;\">U<\/span>NIVERS, ELS PUNTS HAN ESTAT PROTAGONISTES DE GRAN PART DE LES SEVES OBRES. LA SEVA OBRA ES CARACTERITZA PER LA REALITZACI\u00d3 DE MOLTES <span style=\"color: #ff0000;\">L<\/span>LUNES, <span style=\"color: #ff0000;\">C<\/span>ARBASSES I <span style=\"color: #ff0000;\">F<\/span>LORS.<\/p>\n<p>S&#8217;HAN FET DOS TALLERS DIVIDITS EN DUES SESSIONS.<\/p>\n<ul>\n<li>UN TALLER INSPIRAT EN LA INSTAL\u00b7LACI\u00d3 <em>DOTS OBSESSION<\/em>.\u00a0 EN AQUEST TALLER, LA PRIMERA SESSI\u00d3 VA CONSISTIR A <span style=\"color: #ff0000;\">E<\/span>SQUIN\u00c7AR PAPER DE DIARI, PER DESPR\u00c9S MULLAR-LO AMB COLA BLANCA, I, SEGUIDAMENT, COBRIR UN GRAN <span style=\"color: #ff0000;\">G<\/span>LOBUS CREANT AIX\u00cd UNA <span style=\"color: #ff0000;\">E<\/span>SCULTURA <span style=\"color: #ff0000;\">E<\/span>SF\u00c8RICA QUE LA DECORARIEM EN LA SEG\u00dcENT SESSI\u00d3.<\/li>\n<\/ul>\n<p>&nbsp;<\/p>\n<p><a href=\"https:\/\/agora.xtec.cat\/escolapauvila\/wp-content\/uploads\/usu1565\/2024\/05\/IMG_20240502_153938-scaled.jpg\"><img loading=\"lazy\" decoding=\"async\" class=\" wp-image-10969 aligncenter\" src=\"https:\/\/agora.xtec.cat\/escolapauvila\/wp-content\/uploads\/usu1565\/2024\/05\/IMG_20240502_153938-1024x768.jpg\" alt=\"\" width=\"543\" height=\"407\" srcset=\"https:\/\/agora.xtec.cat\/escolapauvila\/wp-content\/uploads\/usu1565\/2024\/05\/IMG_20240502_153938-1024x768.jpg 1024w, https:\/\/agora.xtec.cat\/escolapauvila\/wp-content\/uploads\/usu1565\/2024\/05\/IMG_20240502_153938-300x225.jpg 300w, https:\/\/agora.xtec.cat\/escolapauvila\/wp-content\/uploads\/usu1565\/2024\/05\/IMG_20240502_153938-768x576.jpg 768w, https:\/\/agora.xtec.cat\/escolapauvila\/wp-content\/uploads\/usu1565\/2024\/05\/IMG_20240502_153938-1536x1152.jpg 1536w, https:\/\/agora.xtec.cat\/escolapauvila\/wp-content\/uploads\/usu1565\/2024\/05\/IMG_20240502_153938-2048x1536.jpg 2048w, https:\/\/agora.xtec.cat\/escolapauvila\/wp-content\/uploads\/usu1565\/2024\/05\/IMG_20240502_153938-200x150.jpg 200w\" sizes=\"auto, (max-width: 543px) 100vw, 543px\" \/><\/a><\/p>\n<p>LA SEGONA SESSI\u00d3 ES VA DIVIDIR EN DUES PROPOSTES: UNA ON ES VA PINTAR SOBRE L&#8217;ESFERA <span style=\"color: #ff0000;\">L<\/span>LUNES DE\u00a0 COLORS, I ALTRA ON CADA INFANT VA ENGANXAR GOMETS DE DIFERENTS COLORS SOBRE UN GLOBUS BLANC.<\/p>\n<p>&nbsp;<\/p>\n<p><a href=\"https:\/\/agora.xtec.cat\/escolapauvila\/wp-content\/uploads\/usu1565\/2024\/05\/IMG20240509152034-scaled.jpg\"><img loading=\"lazy\" decoding=\"async\" class=\" wp-image-10970 aligncenter\" src=\"https:\/\/agora.xtec.cat\/escolapauvila\/wp-content\/uploads\/usu1565\/2024\/05\/IMG20240509152034-768x1024.jpg\" alt=\"\" width=\"357\" height=\"476\" srcset=\"https:\/\/agora.xtec.cat\/escolapauvila\/wp-content\/uploads\/usu1565\/2024\/05\/IMG20240509152034-768x1024.jpg 768w, https:\/\/agora.xtec.cat\/escolapauvila\/wp-content\/uploads\/usu1565\/2024\/05\/IMG20240509152034-225x300.jpg 225w, https:\/\/agora.xtec.cat\/escolapauvila\/wp-content\/uploads\/usu1565\/2024\/05\/IMG20240509152034-1152x1536.jpg 1152w, https:\/\/agora.xtec.cat\/escolapauvila\/wp-content\/uploads\/usu1565\/2024\/05\/IMG20240509152034-1536x2048.jpg 1536w, https:\/\/agora.xtec.cat\/escolapauvila\/wp-content\/uploads\/usu1565\/2024\/05\/IMG20240509152034-scaled.jpg 1920w\" sizes=\"auto, (max-width: 357px) 100vw, 357px\" \/><\/a><\/p>\n<p>&nbsp;<\/p>\n<p><a href=\"https:\/\/agora.xtec.cat\/escolapauvila\/wp-content\/uploads\/usu1565\/2024\/05\/YAYOI.jpg\"><img loading=\"lazy\" decoding=\"async\" class=\"size-full wp-image-10965 aligncenter\" src=\"https:\/\/agora.xtec.cat\/escolapauvila\/wp-content\/uploads\/usu1565\/2024\/05\/YAYOI.jpg\" alt=\"\" width=\"523\" height=\"442\" srcset=\"https:\/\/agora.xtec.cat\/escolapauvila\/wp-content\/uploads\/usu1565\/2024\/05\/YAYOI.jpg 523w, https:\/\/agora.xtec.cat\/escolapauvila\/wp-content\/uploads\/usu1565\/2024\/05\/YAYOI-300x254.jpg 300w\" sizes=\"auto, (max-width: 523px) 100vw, 523px\" \/><\/a><\/p>\n<ul>\n<li>UN ALTRE TALLER ON, EN UNA PRIMERA SESSI\u00d3, ES VA DECORAR L&#8217;INTERIOR D&#8217;UNES <span style=\"color: #ff0000;\">L<\/span>LUNES AMB DIFERENTS TIPUS DE <span style=\"color: #ff0000;\">G<\/span>RAFISMES.<\/li>\n<\/ul>\n<p><a href=\"https:\/\/agora.xtec.cat\/escolapauvila\/wp-content\/uploads\/usu1565\/2024\/05\/20240502_152755-scaled.jpg\"><img loading=\"lazy\" decoding=\"async\" class=\" wp-image-10973 aligncenter\" src=\"https:\/\/agora.xtec.cat\/escolapauvila\/wp-content\/uploads\/usu1565\/2024\/05\/20240502_152755-768x1024.jpg\" alt=\"\" width=\"389\" height=\"518\" srcset=\"https:\/\/agora.xtec.cat\/escolapauvila\/wp-content\/uploads\/usu1565\/2024\/05\/20240502_152755-768x1024.jpg 768w, https:\/\/agora.xtec.cat\/escolapauvila\/wp-content\/uploads\/usu1565\/2024\/05\/20240502_152755-225x300.jpg 225w, https:\/\/agora.xtec.cat\/escolapauvila\/wp-content\/uploads\/usu1565\/2024\/05\/20240502_152755-1152x1536.jpg 1152w, https:\/\/agora.xtec.cat\/escolapauvila\/wp-content\/uploads\/usu1565\/2024\/05\/20240502_152755-1536x2048.jpg 1536w, https:\/\/agora.xtec.cat\/escolapauvila\/wp-content\/uploads\/usu1565\/2024\/05\/20240502_152755-scaled.jpg 1920w\" sizes=\"auto, (max-width: 389px) 100vw, 389px\" \/><\/a><\/p>\n<p>EN LA SEGONA SESSI\u00d3, ES VAN FER DOS GRANS MURALS, UN <span style=\"color: #ff0000;\">B<\/span>LANC I L&#8217;ALTRE <span style=\"color: #ff0000;\">N<\/span>EGRE. EN AQUESTS, PRIMER ES VA\u00a0 DELIMITAR ELS ESPAIS A DECORAR REALITZANT SOBRE EL PAPER LA UNI\u00d3 DE DIFERENTS PUNTS, I, POSTERIORMENT, UN COP LIMITAT L&#8217;ESPAI, ES VAN DIBUIXAR I ENGANXAR <span style=\"color: #ff0000;\">L<\/span>LUNES DE DIFERENTS COLORS I MIDES.<\/p>\n<p><a href=\"https:\/\/agora.xtec.cat\/escolapauvila\/wp-content\/uploads\/usu1565\/2024\/05\/IMG_4309-1-scaled.jpg\"><img loading=\"lazy\" decoding=\"async\" class=\"wp-image-10968 aligncenter\" src=\"https:\/\/agora.xtec.cat\/escolapauvila\/wp-content\/uploads\/usu1565\/2024\/05\/IMG_4309-1-1024x768.jpg\" alt=\"\" width=\"503\" height=\"377\" srcset=\"https:\/\/agora.xtec.cat\/escolapauvila\/wp-content\/uploads\/usu1565\/2024\/05\/IMG_4309-1-1024x768.jpg 1024w, https:\/\/agora.xtec.cat\/escolapauvila\/wp-content\/uploads\/usu1565\/2024\/05\/IMG_4309-1-300x225.jpg 300w, https:\/\/agora.xtec.cat\/escolapauvila\/wp-content\/uploads\/usu1565\/2024\/05\/IMG_4309-1-768x576.jpg 768w, https:\/\/agora.xtec.cat\/escolapauvila\/wp-content\/uploads\/usu1565\/2024\/05\/IMG_4309-1-1536x1152.jpg 1536w, https:\/\/agora.xtec.cat\/escolapauvila\/wp-content\/uploads\/usu1565\/2024\/05\/IMG_4309-1-2048x1536.jpg 2048w, https:\/\/agora.xtec.cat\/escolapauvila\/wp-content\/uploads\/usu1565\/2024\/05\/IMG_4309-1-200x150.jpg 200w\" sizes=\"auto, (max-width: 503px) 100vw, 503px\" \/><\/a><\/p>\n","protected":false},"excerpt":{"rendered":"<p>AL LLARG D&#8217;AQUEST TRIMESTRE LA COMUNITAT DE PETITS I PETITES HEM DESCOBERT UNA ARTISTA JAPONESA QUE ES DIU YAYOI KUSAMA.<br \/>\nYAYOI KUSAMA VA COMEN\u00c7AR A PINTAR A L&#8217;EDAT DE DEU ANYS, A PARTIR DE VISIONS QUE TENIA DE CAMPS PLENS DE PUNTS. INSPIRADA EN L&#8217;UNIVERS, ELS&hellip;  <a href=\"https:\/\/agora.xtec.cat\/escolapauvila\/general\/tallers-artistics-yayoi-kusama\/\" title=\"Read TALLERS ART\u00cdSTICS YAYOI KUSAMA\">Llegeix m\u00e9s\u00bb<\/a><\/p>\n","protected":false},"author":1,"featured_media":10968,"comment_status":"open","ping_status":"closed","sticky":false,"template":"","format":"standard","meta":{"_bbp_topic_count":0,"_bbp_reply_count":0,"_bbp_total_topic_count":0,"_bbp_total_reply_count":0,"_bbp_voice_count":0,"_bbp_anonymous_reply_count":0,"_bbp_topic_count_hidden":0,"_bbp_reply_count_hidden":0,"_bbp_forum_subforum_count":0,"footnotes":""},"categories":[2,3,8,9,1,166],"tags":[246,352,351,399,254,299,348,400],"class_list":["post-10964","post","type-post","status-publish","format-standard","has-post-thumbnail","hentry","category-petits","category-ei3","category-ei4","category-ei5","category-general","category-projecte-educatiu","tag-comunitat-petits-i-petites","tag-ei323-24","tag-ei423-24","tag-ei5-23-24","tag-nascuts-2018","tag-nascuts-2019","tag-nascuts-2020","tag-tallers-dart-comunitat-de-petits"],"post_mailing_queue_ids":[],"_links":{"self":[{"href":"https:\/\/agora.xtec.cat\/escolapauvila\/wp-json\/wp\/v2\/posts\/10964","targetHints":{"allow":["GET"]}}],"collection":[{"href":"https:\/\/agora.xtec.cat\/escolapauvila\/wp-json\/wp\/v2\/posts"}],"about":[{"href":"https:\/\/agora.xtec.cat\/escolapauvila\/wp-json\/wp\/v2\/types\/post"}],"author":[{"embeddable":true,"href":"https:\/\/agora.xtec.cat\/escolapauvila\/wp-json\/wp\/v2\/users\/1"}],"replies":[{"embeddable":true,"href":"https:\/\/agora.xtec.cat\/escolapauvila\/wp-json\/wp\/v2\/comments?post=10964"}],"version-history":[{"count":4,"href":"https:\/\/agora.xtec.cat\/escolapauvila\/wp-json\/wp\/v2\/posts\/10964\/revisions"}],"predecessor-version":[{"id":10976,"href":"https:\/\/agora.xtec.cat\/escolapauvila\/wp-json\/wp\/v2\/posts\/10964\/revisions\/10976"}],"wp:featuredmedia":[{"embeddable":true,"href":"https:\/\/agora.xtec.cat\/escolapauvila\/wp-json\/wp\/v2\/media\/10968"}],"wp:attachment":[{"href":"https:\/\/agora.xtec.cat\/escolapauvila\/wp-json\/wp\/v2\/media?parent=10964"}],"wp:term":[{"taxonomy":"category","embeddable":true,"href":"https:\/\/agora.xtec.cat\/escolapauvila\/wp-json\/wp\/v2\/categories?post=10964"},{"taxonomy":"post_tag","embeddable":true,"href":"https:\/\/agora.xtec.cat\/escolapauvila\/wp-json\/wp\/v2\/tags?post=10964"}],"curies":[{"name":"wp","href":"https:\/\/api.w.org\/{rel}","templated":true}]}}