{"id":10870,"date":"2024-05-06T14:13:09","date_gmt":"2024-05-06T12:13:09","guid":{"rendered":"https:\/\/agora.xtec.cat\/escolapauvila\/?p=10870"},"modified":"2024-05-06T14:13:09","modified_gmt":"2024-05-06T12:13:09","slug":"creixem-amb-el-tocc","status":"publish","type":"post","link":"https:\/\/agora.xtec.cat\/escolapauvila\/mitjans\/2n\/creixem-amb-el-tocc\/","title":{"rendered":"Creixem amb el TOCC."},"content":{"rendered":"<p><span style=\"font-weight: 400;\">Benvolguts i benvolgudes,<\/span><\/p>\n<p><span style=\"font-weight: 400;\">Les alumnes i els alumnes de segon, seguint l\u2019eix d\u2019aquest aquest curs CREIXEM CUIDANT, hem pogut con\u00e8ixer el Taller Ocupacional de Can Comelles (TOCC).<\/span><\/p>\n<p><span style=\"font-weight: 400;\">El TOCC \u00e9s un Centre Ocupacional de l\u2019Ajuntament d\u2019Esparreguera que t\u00e9 com a objectiu augmentar la qualitat de vida de les persones amb discapacitat intel\u00b7lectual adulta, ajudar a desenvolupar la seva autonomia, evoluci\u00f3 personal i a incloure-les a la societat. Els usuaris del TOCC provenen de diferents municipis del Baix Llobregat Nord. Una de les seves tasques \u00e9s la creaci\u00f3 de les agendes per a l\u2019escola.<\/span><\/p>\n<p><span style=\"font-weight: 400;\">Quan els alumnes de segon van descobrir qui feia les nostres agendes, van elaborar un seguit de preguntes a mode d\u2019entrevista. Vam convidar a l\u2019escola els participants del taller perqu\u00e8 ens poguessin resoldre, en persona, els dubtes i curiositats que ens van sorgir.\u00a0<\/span><\/p>\n<p><a href=\"https:\/\/agora.xtec.cat\/escolapauvila\/wp-content\/uploads\/usu1565\/2024\/05\/IMG_20240411_103957-min-scaled.jpg\"><img loading=\"lazy\" decoding=\"async\" class=\"alignnone  wp-image-10871\" src=\"https:\/\/agora.xtec.cat\/escolapauvila\/wp-content\/uploads\/usu1565\/2024\/05\/IMG_20240411_103957-min-1024x769.jpg\" alt=\"\" width=\"322\" height=\"242\" srcset=\"https:\/\/agora.xtec.cat\/escolapauvila\/wp-content\/uploads\/usu1565\/2024\/05\/IMG_20240411_103957-min-1024x769.jpg 1024w, https:\/\/agora.xtec.cat\/escolapauvila\/wp-content\/uploads\/usu1565\/2024\/05\/IMG_20240411_103957-min-300x225.jpg 300w, https:\/\/agora.xtec.cat\/escolapauvila\/wp-content\/uploads\/usu1565\/2024\/05\/IMG_20240411_103957-min-768x577.jpg 768w, https:\/\/agora.xtec.cat\/escolapauvila\/wp-content\/uploads\/usu1565\/2024\/05\/IMG_20240411_103957-min-1536x1153.jpg 1536w, https:\/\/agora.xtec.cat\/escolapauvila\/wp-content\/uploads\/usu1565\/2024\/05\/IMG_20240411_103957-min-2048x1538.jpg 2048w, https:\/\/agora.xtec.cat\/escolapauvila\/wp-content\/uploads\/usu1565\/2024\/05\/IMG_20240411_103957-min-200x150.jpg 200w\" sizes=\"auto, (max-width: 322px) 100vw, 322px\" \/><\/a> <a href=\"https:\/\/agora.xtec.cat\/escolapauvila\/wp-content\/uploads\/usu1565\/2024\/05\/IMG_20240411_104020-min-scaled.jpg\">\u00a0 \u00a0 \u00a0<img loading=\"lazy\" decoding=\"async\" class=\"alignnone  wp-image-10872\" src=\"https:\/\/agora.xtec.cat\/escolapauvila\/wp-content\/uploads\/usu1565\/2024\/05\/IMG_20240411_104020-min-1024x769.jpg\" alt=\"\" width=\"321\" height=\"241\" srcset=\"https:\/\/agora.xtec.cat\/escolapauvila\/wp-content\/uploads\/usu1565\/2024\/05\/IMG_20240411_104020-min-1024x769.jpg 1024w, https:\/\/agora.xtec.cat\/escolapauvila\/wp-content\/uploads\/usu1565\/2024\/05\/IMG_20240411_104020-min-300x225.jpg 300w, https:\/\/agora.xtec.cat\/escolapauvila\/wp-content\/uploads\/usu1565\/2024\/05\/IMG_20240411_104020-min-768x577.jpg 768w, https:\/\/agora.xtec.cat\/escolapauvila\/wp-content\/uploads\/usu1565\/2024\/05\/IMG_20240411_104020-min-1536x1153.jpg 1536w, https:\/\/agora.xtec.cat\/escolapauvila\/wp-content\/uploads\/usu1565\/2024\/05\/IMG_20240411_104020-min-2048x1538.jpg 2048w, https:\/\/agora.xtec.cat\/escolapauvila\/wp-content\/uploads\/usu1565\/2024\/05\/IMG_20240411_104020-min-200x150.jpg 200w\" sizes=\"auto, (max-width: 321px) 100vw, 321px\" \/>\u00a0\u00a0\u00a0\u00a0\u00a0<\/a><\/p>\n<p><a href=\"https:\/\/agora.xtec.cat\/escolapauvila\/wp-content\/uploads\/usu1565\/2024\/05\/IMG_20240411_110210-min-scaled.jpg\"><img loading=\"lazy\" decoding=\"async\" class=\"wp-image-10873 aligncenter\" src=\"https:\/\/agora.xtec.cat\/escolapauvila\/wp-content\/uploads\/usu1565\/2024\/05\/IMG_20240411_110210-min-1024x769.jpg\" alt=\"\" width=\"319\" height=\"240\" srcset=\"https:\/\/agora.xtec.cat\/escolapauvila\/wp-content\/uploads\/usu1565\/2024\/05\/IMG_20240411_110210-min-1024x769.jpg 1024w, https:\/\/agora.xtec.cat\/escolapauvila\/wp-content\/uploads\/usu1565\/2024\/05\/IMG_20240411_110210-min-300x225.jpg 300w, https:\/\/agora.xtec.cat\/escolapauvila\/wp-content\/uploads\/usu1565\/2024\/05\/IMG_20240411_110210-min-768x577.jpg 768w, https:\/\/agora.xtec.cat\/escolapauvila\/wp-content\/uploads\/usu1565\/2024\/05\/IMG_20240411_110210-min-1536x1153.jpg 1536w, https:\/\/agora.xtec.cat\/escolapauvila\/wp-content\/uploads\/usu1565\/2024\/05\/IMG_20240411_110210-min-2048x1538.jpg 2048w, https:\/\/agora.xtec.cat\/escolapauvila\/wp-content\/uploads\/usu1565\/2024\/05\/IMG_20240411_110210-min-200x150.jpg 200w\" sizes=\"auto, (max-width: 319px) 100vw, 319px\" \/><\/a><\/p>\n<p><span style=\"font-weight: 400;\">El dia de Sant Jordi vam ser nosaltres qui va poder visitar el taller i veure in situ la tasca que desenvolupen i quin \u00e9s el proc\u00e9s de creaci\u00f3 de les agendes. Els i les alumnes van poder participar en la cadena de treball que realitzen els usuaris del taller.<\/span><\/p>\n<p><span style=\"font-weight: 400;\"><a href=\"https:\/\/agora.xtec.cat\/escolapauvila\/wp-content\/uploads\/usu1565\/2024\/05\/IMG_20240423_112107-min-scaled.jpg\"><img loading=\"lazy\" decoding=\"async\" class=\"alignnone  wp-image-10874\" src=\"https:\/\/agora.xtec.cat\/escolapauvila\/wp-content\/uploads\/usu1565\/2024\/05\/IMG_20240423_112107-min-1024x769.jpg\" alt=\"\" width=\"317\" height=\"238\" srcset=\"https:\/\/agora.xtec.cat\/escolapauvila\/wp-content\/uploads\/usu1565\/2024\/05\/IMG_20240423_112107-min-1024x769.jpg 1024w, https:\/\/agora.xtec.cat\/escolapauvila\/wp-content\/uploads\/usu1565\/2024\/05\/IMG_20240423_112107-min-300x225.jpg 300w, https:\/\/agora.xtec.cat\/escolapauvila\/wp-content\/uploads\/usu1565\/2024\/05\/IMG_20240423_112107-min-768x577.jpg 768w, https:\/\/agora.xtec.cat\/escolapauvila\/wp-content\/uploads\/usu1565\/2024\/05\/IMG_20240423_112107-min-1536x1153.jpg 1536w, https:\/\/agora.xtec.cat\/escolapauvila\/wp-content\/uploads\/usu1565\/2024\/05\/IMG_20240423_112107-min-2048x1538.jpg 2048w, https:\/\/agora.xtec.cat\/escolapauvila\/wp-content\/uploads\/usu1565\/2024\/05\/IMG_20240423_112107-min-200x150.jpg 200w\" sizes=\"auto, (max-width: 317px) 100vw, 317px\" \/>\u00a0 \u00a0 \u00a0<\/a><a href=\"https:\/\/agora.xtec.cat\/escolapauvila\/wp-content\/uploads\/usu1565\/2024\/05\/IMG_20240423_112848-min-scaled.jpg\"><img loading=\"lazy\" decoding=\"async\" class=\"alignnone  wp-image-10875\" src=\"https:\/\/agora.xtec.cat\/escolapauvila\/wp-content\/uploads\/usu1565\/2024\/05\/IMG_20240423_112848-min-1024x769.jpg\" alt=\"\" width=\"317\" height=\"238\" srcset=\"https:\/\/agora.xtec.cat\/escolapauvila\/wp-content\/uploads\/usu1565\/2024\/05\/IMG_20240423_112848-min-1024x769.jpg 1024w, https:\/\/agora.xtec.cat\/escolapauvila\/wp-content\/uploads\/usu1565\/2024\/05\/IMG_20240423_112848-min-300x225.jpg 300w, https:\/\/agora.xtec.cat\/escolapauvila\/wp-content\/uploads\/usu1565\/2024\/05\/IMG_20240423_112848-min-768x577.jpg 768w, https:\/\/agora.xtec.cat\/escolapauvila\/wp-content\/uploads\/usu1565\/2024\/05\/IMG_20240423_112848-min-1536x1153.jpg 1536w, https:\/\/agora.xtec.cat\/escolapauvila\/wp-content\/uploads\/usu1565\/2024\/05\/IMG_20240423_112848-min-2048x1538.jpg 2048w, https:\/\/agora.xtec.cat\/escolapauvila\/wp-content\/uploads\/usu1565\/2024\/05\/IMG_20240423_112848-min-200x150.jpg 200w\" sizes=\"auto, (max-width: 317px) 100vw, 317px\" \/><\/a><\/span><\/p>\n<p><span style=\"font-weight: 400;\">Els nens i nenes de segon van poder establir vincles amb les persones del TOCC i con\u00e8ixer i valorar les diferents capacitats de cadasc\u00fa. I com molt b\u00e9 diu el seu lema i ens van demostrar:<\/span><\/p>\n<p><i><span style=\"font-weight: 400;\">\u201cSi no pots fer coses grans, pots fer coses petites d\u2019una gran manera.\u201d<\/span><\/i><\/p>\n<p><i><span style=\"font-weight: 400;\">J.F. Clarke<\/span><\/i><\/p>\n","protected":false},"excerpt":{"rendered":"<p>Benvolguts i benvolgudes, Les alumnes i els alumnes de segon, seguint l\u2019eix d\u2019aquest aquest curs CREIXEM CUIDANT, hem pogut con\u00e8ixer el Taller Ocupacional de Can Comelles (TOCC). El TOCC \u00e9s un Centre Ocupacional de l\u2019Ajuntament d\u2019Esparreguera que t\u00e9 com a objectiu augmentar la qualitat de vida de les persones amb discapacitat intel\u00b7lectual adulta, ajudar a [&hellip;]<\/p>\n","protected":false},"author":1,"featured_media":0,"comment_status":"open","ping_status":"closed","sticky":false,"template":"","format":"standard","meta":{"site-sidebar-layout":"default","site-content-layout":"","ast-site-content-layout":"","site-content-style":"default","site-sidebar-style":"default","ast-global-header-display":"","ast-banner-title-visibility":"","ast-main-header-display":"","ast-hfb-above-header-display":"","ast-hfb-below-header-display":"","ast-hfb-mobile-header-display":"","site-post-title":"","ast-breadcrumbs-content":"","ast-featured-img":"","footer-sml-layout":"","theme-transparent-header-meta":"","adv-header-id-meta":"","stick-header-meta":"","header-above-stick-meta":"","header-main-stick-meta":"","header-below-stick-meta":"","astra-migrate-meta-layouts":"default","ast-page-background-enabled":"default","ast-page-background-meta":{"desktop":{"background-color":"var(--ast-global-color-4)","background-image":"","background-repeat":"repeat","background-position":"center center","background-size":"auto","background-attachment":"scroll","background-type":"","background-media":"","overlay-type":"","overlay-color":"","overlay-opacity":"","overlay-gradient":""},"tablet":{"background-color":"","background-image":"","background-repeat":"repeat","background-position":"center center","background-size":"auto","background-attachment":"scroll","background-type":"","background-media":"","overlay-type":"","overlay-color":"","overlay-opacity":"","overlay-gradient":""},"mobile":{"background-color":"","background-image":"","background-repeat":"repeat","background-position":"center center","background-size":"auto","background-attachment":"scroll","background-type":"","background-media":"","overlay-type":"","overlay-color":"","overlay-opacity":"","overlay-gradient":""}},"ast-content-background-meta":{"desktop":{"background-color":"var(--ast-global-color-5)","background-image":"","background-repeat":"repeat","background-position":"center center","background-size":"auto","background-attachment":"scroll","background-type":"","background-media":"","overlay-type":"","overlay-color":"","overlay-opacity":"","overlay-gradient":""},"tablet":{"background-color":"var(--ast-global-color-5)","background-image":"","background-repeat":"repeat","background-position":"center center","background-size":"auto","background-attachment":"scroll","background-type":"","background-media":"","overlay-type":"","overlay-color":"","overlay-opacity":"","overlay-gradient":""},"mobile":{"background-color":"var(--ast-global-color-5)","background-image":"","background-repeat":"repeat","background-position":"center center","background-size":"auto","background-attachment":"scroll","background-type":"","background-media":"","overlay-type":"","overlay-color":"","overlay-opacity":"","overlay-gradient":""}},"footnotes":""},"categories":[11,344],"tags":[331,343,392],"class_list":["post-10870","post","type-post","status-publish","format-standard","hentry","category-2n","category-creixemcuidant","tag-2n-23-24","tag-creixemcuidant","tag-tocc"],"post_mailing_queue_ids":[],"_links":{"self":[{"href":"https:\/\/agora.xtec.cat\/escolapauvila\/wp-json\/wp\/v2\/posts\/10870","targetHints":{"allow":["GET"]}}],"collection":[{"href":"https:\/\/agora.xtec.cat\/escolapauvila\/wp-json\/wp\/v2\/posts"}],"about":[{"href":"https:\/\/agora.xtec.cat\/escolapauvila\/wp-json\/wp\/v2\/types\/post"}],"author":[{"embeddable":true,"href":"https:\/\/agora.xtec.cat\/escolapauvila\/wp-json\/wp\/v2\/users\/1"}],"replies":[{"embeddable":true,"href":"https:\/\/agora.xtec.cat\/escolapauvila\/wp-json\/wp\/v2\/comments?post=10870"}],"version-history":[{"count":1,"href":"https:\/\/agora.xtec.cat\/escolapauvila\/wp-json\/wp\/v2\/posts\/10870\/revisions"}],"predecessor-version":[{"id":10876,"href":"https:\/\/agora.xtec.cat\/escolapauvila\/wp-json\/wp\/v2\/posts\/10870\/revisions\/10876"}],"wp:attachment":[{"href":"https:\/\/agora.xtec.cat\/escolapauvila\/wp-json\/wp\/v2\/media?parent=10870"}],"wp:term":[{"taxonomy":"category","embeddable":true,"href":"https:\/\/agora.xtec.cat\/escolapauvila\/wp-json\/wp\/v2\/categories?post=10870"},{"taxonomy":"post_tag","embeddable":true,"href":"https:\/\/agora.xtec.cat\/escolapauvila\/wp-json\/wp\/v2\/tags?post=10870"}],"curies":[{"name":"wp","href":"https:\/\/api.w.org\/{rel}","templated":true}]}}