{"id":10848,"date":"2024-04-28T09:37:22","date_gmt":"2024-04-28T07:37:22","guid":{"rendered":"https:\/\/agora.xtec.cat\/escolapauvila\/?p=10848"},"modified":"2024-04-28T19:58:46","modified_gmt":"2024-04-28T17:58:46","slug":"plantem-llenties","status":"publish","type":"post","link":"https:\/\/agora.xtec.cat\/escolapauvila\/petits\/plantem-llenties\/","title":{"rendered":"PLANTEM LLENTIES"},"content":{"rendered":"<p>LA SETMANA PASSADA, A LA CLASSE D&#8217;<span style=\"color: #ff0000;\">A<\/span>BRA\u00c7ADES, VAM FER UN EXPERIMENT: <span style=\"color: #ff0000;\">G<\/span>ERMINAR<span style=\"color: #ff0000;\"> L<\/span>LAVORS EN<span style=\"color: #ff0000;\"> C<\/span>OT\u00d3.<\/p>\n<p>PER FER L&#8217;EXPERIMENT VAM SEGUIR ELS SEG\u00dcENTS PASSOS:<\/p>\n<ul>\n<li>PRIMER DE TOT VAM PREPARAR EL MATERIAL: <span style=\"color: #ff0000;\">G<\/span>OT O <span style=\"color: #ff0000;\">R<\/span>ECIPIENT, <span style=\"color: #ff0000;\">C<\/span>OT\u00d3, UNA MICA D&#8217;<span style=\"color: #ff0000;\">A<\/span>IGUA, I <span style=\"color: #ff0000;\">L<\/span>LENTIES.<\/li>\n<li>EN EL FONS DEL RECIPIENT VAM POSAR UNA CAPA DE COT\u00d3.<\/li>\n<li>VAM HUMITEJAR AMB EL COT\u00d3 AMB AIGUA. PER AQUEST PAS VAM FER SERVIR UN POLVORITZADOR, JA QUE \u00c9S IMPORTANT QUE EL COT\u00d3 QUEDI HUMIT, PER\u00d2 NO AMB EXC\u00c9S D&#8217;AIGUA.<\/li>\n<li>VAM COL\u00b7LOCAR LES LLAVORS SOBRE EL COT\u00d3.<\/li>\n<li>UN COP POSADES LES LLAVORS SOBRE EL COT\u00d3, LES VAM HUMITEJAR UNA MICA.<\/li>\n<li>FINALMENT, VAM POSAR UNA ALTRA CAPA DE COT\u00d3 HUMITEJAT COBRINT LES LLAVORS.SEGUIDAMENT, VAM COL\u00b7LOCAR TOTS ELS RECIPIENTS PROP DE LLUM NATURAL (NO NECESSITEN EL SOL DIRECTE).<\/li>\n<\/ul>\n<p>ELS DIES VAN ANAR PASSANT I VAM PODER VEURE COM ANAVEN BROLLANT LES TIGES DE CADA PLANTA, AIX\u00d2 S\u00cd! AMB LA CURA DI\u00c0RIA DE TOTS I TOTES VAM ACONSEGUIR VEURE TOT EL PROC\u00c9S DE<span style=\"color: #ff0000;\"> C<\/span>REIXEMENT D&#8217;UNA <span style=\"color: #ff0000;\">P<\/span>LANTA.<\/p>\n<p>TAMB\u00c9 VAM APRENDRE LA PARAULA <span style=\"color: #ff0000;\">L<\/span>LAVOR.<\/p>\n<p>&nbsp;<\/p>\n<p>&nbsp;<\/p>\n<p><a href=\"https:\/\/agora.xtec.cat\/escolapauvila\/wp-content\/uploads\/usu1565\/2024\/04\/Beige-Photo-Collage-Carousel-Instagram-Post.jpg\"><img loading=\"lazy\" decoding=\"async\" class=\"alignnone size-large wp-image-10853\" src=\"https:\/\/agora.xtec.cat\/escolapauvila\/wp-content\/uploads\/usu1565\/2024\/04\/Beige-Photo-Collage-Carousel-Instagram-Post-1024x1024.jpg\" alt=\"\" width=\"1024\" height=\"1024\" srcset=\"https:\/\/agora.xtec.cat\/escolapauvila\/wp-content\/uploads\/usu1565\/2024\/04\/Beige-Photo-Collage-Carousel-Instagram-Post-1024x1024.jpg 1024w, https:\/\/agora.xtec.cat\/escolapauvila\/wp-content\/uploads\/usu1565\/2024\/04\/Beige-Photo-Collage-Carousel-Instagram-Post-300x300.jpg 300w, https:\/\/agora.xtec.cat\/escolapauvila\/wp-content\/uploads\/usu1565\/2024\/04\/Beige-Photo-Collage-Carousel-Instagram-Post-150x150.jpg 150w, https:\/\/agora.xtec.cat\/escolapauvila\/wp-content\/uploads\/usu1565\/2024\/04\/Beige-Photo-Collage-Carousel-Instagram-Post-768x768.jpg 768w, https:\/\/agora.xtec.cat\/escolapauvila\/wp-content\/uploads\/usu1565\/2024\/04\/Beige-Photo-Collage-Carousel-Instagram-Post.jpg 1080w\" sizes=\"auto, (max-width: 1024px) 100vw, 1024px\" \/><\/a><\/p>\n","protected":false},"excerpt":{"rendered":"<p>LA SETMANA PASSADA, A LA CLASSE D&#8217;ABRA\u00c7ADES, VAM FER UN EXPERIMENT: GERMINAR LLAVORS EN COT\u00d3.<br \/>\nPER FER L&#8217;EXPERIMENT VAM SEGUIR ELS SEG\u00dcENTS PASSOS:<\/p>\n<ul>\n<li>PRIMER DE TOT VAM PREPARAR EL MATERIAL: GOT O RECIPIENT, COT\u00d3, UNA MICA D&#8217;AIGUA, I LLENTIES.<\/li>\n<li>EN EL FONS DEL RECIPIENT VAM POSAR UNA CAPA&hellip;  <a href=\"https:\/\/agora.xtec.cat\/escolapauvila\/petits\/plantem-llenties\/\" title=\"Read PLANTEM LLENTIES\">Llegeix m\u00e9s\u00bb<\/a><br \/>\n","protected":false},"author":1,"featured_media":10853,"comment_status":"open","ping_status":"closed","sticky":false,"template":"","format":"standard","meta":{"_bbp_topic_count":0,"_bbp_reply_count":0,"_bbp_total_topic_count":0,"_bbp_total_reply_count":0,"_bbp_voice_count":0,"_bbp_anonymous_reply_count":0,"_bbp_topic_count_hidden":0,"_bbp_reply_count_hidden":0,"_bbp_forum_subforum_count":0,"footnotes":""},"categories":[2,3],"tags":[352,326,333],"class_list":["post-10848","post","type-post","status-publish","format-standard","has-post-thumbnail","hentry","category-petits","category-ei3","tag-ei323-24","tag-la-classe-de-les-abracades","tag-nascuts2020"],"post_mailing_queue_ids":[],"_links":{"self":[{"href":"https:\/\/agora.xtec.cat\/escolapauvila\/wp-json\/wp\/v2\/posts\/10848","targetHints":{"allow":["GET"]}}],"collection":[{"href":"https:\/\/agora.xtec.cat\/escolapauvila\/wp-json\/wp\/v2\/posts"}],"about":[{"href":"https:\/\/agora.xtec.cat\/escolapauvila\/wp-json\/wp\/v2\/types\/post"}],"author":[{"embeddable":true,"href":"https:\/\/agora.xtec.cat\/escolapauvila\/wp-json\/wp\/v2\/users\/1"}],"replies":[{"embeddable":true,"href":"https:\/\/agora.xtec.cat\/escolapauvila\/wp-json\/wp\/v2\/comments?post=10848"}],"version-history":[{"count":5,"href":"https:\/\/agora.xtec.cat\/escolapauvila\/wp-json\/wp\/v2\/posts\/10848\/revisions"}],"predecessor-version":[{"id":10854,"href":"https:\/\/agora.xtec.cat\/escolapauvila\/wp-json\/wp\/v2\/posts\/10848\/revisions\/10854"}],"wp:featuredmedia":[{"embeddable":true,"href":"https:\/\/agora.xtec.cat\/escolapauvila\/wp-json\/wp\/v2\/media\/10853"}],"wp:attachment":[{"href":"https:\/\/agora.xtec.cat\/escolapauvila\/wp-json\/wp\/v2\/media?parent=10848"}],"wp:term":[{"taxonomy":"category","embeddable":true,"href":"https:\/\/agora.xtec.cat\/escolapauvila\/wp-json\/wp\/v2\/categories?post=10848"},{"taxonomy":"post_tag","embeddable":true,"href":"https:\/\/agora.xtec.cat\/escolapauvila\/wp-json\/wp\/v2\/tags?post=10848"}],"curies":[{"name":"wp","href":"https:\/\/api.w.org\/{rel}","templated":true}]}}