{"id":10733,"date":"2024-04-16T23:03:42","date_gmt":"2024-04-16T21:03:42","guid":{"rendered":"https:\/\/agora.xtec.cat\/escolapauvila\/?p=10733"},"modified":"2024-04-17T20:30:18","modified_gmt":"2024-04-17T18:30:18","slug":"visitem-la-passio-desparreguera","status":"publish","type":"post","link":"https:\/\/agora.xtec.cat\/escolapauvila\/portada\/visitem-la-passio-desparreguera\/","title":{"rendered":"VISITEM LA PASSI\u00d3 D&#8217;ESPARREGUERA"},"content":{"rendered":"<p>Els nens i les nenes de primer hem anat a veure com \u00e9s la Passi\u00f3 d\u2019Esparreguera. El Marc, pare d\u2019una companya de la classe, \u00e9s un expert en el tema ja que hi treballa de fa temps. Tamb\u00e9 ens hi esperava la seva \u00e0via, que \u00e9s actriu de la Passi\u00f3 i un company actor, que tamb\u00e9 hi surt.<\/p>\n<p>Tot i que alguns dels infants ja coneixien la Passi\u00f3, aquesta ha estat una oportunitat \u00fanica per descobrir tot el que s\u2019hi cou a dins i que no es pot veure des de la sala de butaques. Ens ha sorpr\u00e8s molt veure com es fan algunes escenes que no s\u00f3n reals, com pugen i baixen els decorats immensos, d\u00b4on surt la m\u00fasica en directe, els elevadors gegants&#8230;<\/p>\n<p>Fins i tot, hem tingut temps de posar-nos turbants i jugar a la sala de maquillatge.<\/p>\n<p>Despr\u00e9s, a dalt de l\u2019escenari, l\u2019actor i l\u2019actriu han contestat totes les nostres preguntes i ens han donat molts consells per arribar a ser bons int\u00e8rprets com per exemple projectar la veu, ficar-nos a dins del personatge, aprendre el paper de mem\u00f2ria, fer exercicis de relaxaci\u00f3 i de veu, etc.<\/p>\n<p>Ha estat un mat\u00ed ple d\u2019emocions que ens fa una mica m\u00e9s conscient de les coses que s\u2019amaguen rere el tel\u00f3. No tot \u00e9s el que sembla i sovint, hi ha molta feina que no \u00e9s veu per\u00f2 que hem d\u2019aprendre a valorar.<\/p>\n<p><a href=\"https:\/\/agora.xtec.cat\/escolapauvila\/wp-content\/uploads\/usu1565\/2024\/04\/IMG_20240409_112019-scaled.jpg\"><img loading=\"lazy\" decoding=\"async\" class=\"wp-image-10734 aligncenter\" src=\"https:\/\/agora.xtec.cat\/escolapauvila\/wp-content\/uploads\/usu1565\/2024\/04\/IMG_20240409_112019-1024x461.jpg\" alt=\"\" width=\"614\" height=\"276\" srcset=\"https:\/\/agora.xtec.cat\/escolapauvila\/wp-content\/uploads\/usu1565\/2024\/04\/IMG_20240409_112019-1024x461.jpg 1024w, https:\/\/agora.xtec.cat\/escolapauvila\/wp-content\/uploads\/usu1565\/2024\/04\/IMG_20240409_112019-300x135.jpg 300w, https:\/\/agora.xtec.cat\/escolapauvila\/wp-content\/uploads\/usu1565\/2024\/04\/IMG_20240409_112019-768x346.jpg 768w, https:\/\/agora.xtec.cat\/escolapauvila\/wp-content\/uploads\/usu1565\/2024\/04\/IMG_20240409_112019-1536x691.jpg 1536w, https:\/\/agora.xtec.cat\/escolapauvila\/wp-content\/uploads\/usu1565\/2024\/04\/IMG_20240409_112019-2048x922.jpg 2048w\" sizes=\"auto, (max-width: 614px) 100vw, 614px\" \/><\/a><\/p>\n","protected":false},"excerpt":{"rendered":"<p>Els nens i les nenes de primer hem anat a veure com \u00e9s la Passi\u00f3 d\u2019Esparreguera. El Marc, pare d\u2019una companya de la classe, \u00e9s un expert en el tema ja que hi treballa de fa temps. Tamb\u00e9 ens hi esperava la seva \u00e0via, que&hellip;  <a href=\"https:\/\/agora.xtec.cat\/escolapauvila\/portada\/visitem-la-passio-desparreguera\/\" title=\"Read VISITEM LA PASSI\u00d3 D&#8217;ESPARREGUERA\">Llegeix m\u00e9s\u00bb<\/a><\/p>\n","protected":false},"author":85,"featured_media":10734,"comment_status":"open","ping_status":"closed","sticky":false,"template":"","format":"standard","meta":{"_bbp_topic_count":0,"_bbp_reply_count":0,"_bbp_total_topic_count":0,"_bbp_total_reply_count":0,"_bbp_voice_count":0,"_bbp_anonymous_reply_count":0,"_bbp_topic_count_hidden":0,"_bbp_reply_count_hidden":0,"_bbp_forum_subforum_count":0,"footnotes":""},"categories":[10,4],"tags":[298,63],"class_list":["post-10733","post","type-post","status-publish","format-standard","has-post-thumbnail","hentry","category-1r","category-portada","tag-nascuts-2017","tag-portada"],"post_mailing_queue_ids":[],"_links":{"self":[{"href":"https:\/\/agora.xtec.cat\/escolapauvila\/wp-json\/wp\/v2\/posts\/10733","targetHints":{"allow":["GET"]}}],"collection":[{"href":"https:\/\/agora.xtec.cat\/escolapauvila\/wp-json\/wp\/v2\/posts"}],"about":[{"href":"https:\/\/agora.xtec.cat\/escolapauvila\/wp-json\/wp\/v2\/types\/post"}],"author":[{"embeddable":true,"href":"https:\/\/agora.xtec.cat\/escolapauvila\/wp-json\/wp\/v2\/users\/85"}],"replies":[{"embeddable":true,"href":"https:\/\/agora.xtec.cat\/escolapauvila\/wp-json\/wp\/v2\/comments?post=10733"}],"version-history":[{"count":5,"href":"https:\/\/agora.xtec.cat\/escolapauvila\/wp-json\/wp\/v2\/posts\/10733\/revisions"}],"predecessor-version":[{"id":10765,"href":"https:\/\/agora.xtec.cat\/escolapauvila\/wp-json\/wp\/v2\/posts\/10733\/revisions\/10765"}],"wp:featuredmedia":[{"embeddable":true,"href":"https:\/\/agora.xtec.cat\/escolapauvila\/wp-json\/wp\/v2\/media\/10734"}],"wp:attachment":[{"href":"https:\/\/agora.xtec.cat\/escolapauvila\/wp-json\/wp\/v2\/media?parent=10733"}],"wp:term":[{"taxonomy":"category","embeddable":true,"href":"https:\/\/agora.xtec.cat\/escolapauvila\/wp-json\/wp\/v2\/categories?post=10733"},{"taxonomy":"post_tag","embeddable":true,"href":"https:\/\/agora.xtec.cat\/escolapauvila\/wp-json\/wp\/v2\/tags?post=10733"}],"curies":[{"name":"wp","href":"https:\/\/api.w.org\/{rel}","templated":true}]}}