{"id":10558,"date":"2024-05-03T08:52:19","date_gmt":"2024-05-03T06:52:19","guid":{"rendered":"https:\/\/agora.xtec.cat\/escolapauvila\/?p=10558"},"modified":"2024-04-23T12:18:42","modified_gmt":"2024-04-23T10:18:42","slug":"tercera-ronda-racons","status":"publish","type":"post","link":"https:\/\/agora.xtec.cat\/escolapauvila\/general\/tercera-ronda-racons\/","title":{"rendered":"Tercera ronda racons"},"content":{"rendered":"<p>Hola, nenes, nens i fam\u00edlies!<\/p>\n<p>Ja hem arribat a la tercera ronda de racons del curs. Igual que a les altres rondes, hem realitzat 6 racons diferents per tal de poder portar a terme les diferents activitats.<\/p>\n<p>A continuaci\u00f3, detallem cada rac\u00f3 per saber que anirem fent en els diferents espais.<\/p>\n<p>&#8211; RAC\u00d3 MATEM\u00c0TIC: &#8220;La compra&#8221;. Aquest espai ens ajudar\u00e0 a consolidar el coneixement del sistema monetari. Amb diferents fulletons de supermercats buscarem els preus dels productes que tenim a les targetes i calcularem el total de la compra, per despr\u00e9s agafar els bitllets i les monedes i fer el preu necessari per pagar. D&#8217;altra banda, agafarem els diferents totals de les compres per poder calcular el canvi que obtindr\u00edem amb diferents quantitats.<\/p>\n<p><a href=\"https:\/\/agora.xtec.cat\/escolapauvila\/wp-content\/uploads\/usu1565\/2024\/04\/IMG_3406-1.jpg\"><img loading=\"lazy\" decoding=\"async\" class=\"size-medium wp-image-10762 aligncenter\" src=\"https:\/\/agora.xtec.cat\/escolapauvila\/wp-content\/uploads\/usu1565\/2024\/04\/IMG_3406-1-300x225.jpg\" alt=\"\" width=\"300\" height=\"225\" srcset=\"https:\/\/agora.xtec.cat\/escolapauvila\/wp-content\/uploads\/usu1565\/2024\/04\/IMG_3406-1-300x225.jpg 300w, https:\/\/agora.xtec.cat\/escolapauvila\/wp-content\/uploads\/usu1565\/2024\/04\/IMG_3406-1-1024x768.jpg 1024w, https:\/\/agora.xtec.cat\/escolapauvila\/wp-content\/uploads\/usu1565\/2024\/04\/IMG_3406-1-768x576.jpg 768w, https:\/\/agora.xtec.cat\/escolapauvila\/wp-content\/uploads\/usu1565\/2024\/04\/IMG_3406-1-1536x1152.jpg 1536w, https:\/\/agora.xtec.cat\/escolapauvila\/wp-content\/uploads\/usu1565\/2024\/04\/IMG_3406-1-2048x1536.jpg 2048w, https:\/\/agora.xtec.cat\/escolapauvila\/wp-content\/uploads\/usu1565\/2024\/04\/IMG_3406-1-200x150.jpg 200w\" sizes=\"auto, (max-width: 300px) 100vw, 300px\" \/><\/a><\/p>\n<p>&#8211; RAC\u00d3 LING\u00dc\u00cdSTIC: &#8220;Hist\u00f2ries mudes&#8221;. A partir de diferents vinyetes, anirem realitzant petits textos per donar-li veu a les representacions. Utilitzarem l&#8217;estructura del conte i aprofitarem per refor\u00e7ar els signes de puntuaci\u00f3, la utilitzaci\u00f3 de les maj\u00fascules i fixar-nos-hi b\u00e9 en la nostra manera d&#8217;escriure. Farem una revisi\u00f3 acurada dels nostres escrits per tal de millorar-los.<\/p>\n<p><a href=\"https:\/\/agora.xtec.cat\/escolapauvila\/wp-content\/uploads\/usu1565\/2024\/04\/IMG_3404.jpg\"><img loading=\"lazy\" decoding=\"async\" class=\"size-medium wp-image-10763 aligncenter\" src=\"https:\/\/agora.xtec.cat\/escolapauvila\/wp-content\/uploads\/usu1565\/2024\/04\/IMG_3404-300x225.jpg\" alt=\"\" width=\"300\" height=\"225\" srcset=\"https:\/\/agora.xtec.cat\/escolapauvila\/wp-content\/uploads\/usu1565\/2024\/04\/IMG_3404-300x225.jpg 300w, https:\/\/agora.xtec.cat\/escolapauvila\/wp-content\/uploads\/usu1565\/2024\/04\/IMG_3404-1024x768.jpg 1024w, https:\/\/agora.xtec.cat\/escolapauvila\/wp-content\/uploads\/usu1565\/2024\/04\/IMG_3404-768x576.jpg 768w, https:\/\/agora.xtec.cat\/escolapauvila\/wp-content\/uploads\/usu1565\/2024\/04\/IMG_3404-1536x1152.jpg 1536w, https:\/\/agora.xtec.cat\/escolapauvila\/wp-content\/uploads\/usu1565\/2024\/04\/IMG_3404-2048x1536.jpg 2048w, https:\/\/agora.xtec.cat\/escolapauvila\/wp-content\/uploads\/usu1565\/2024\/04\/IMG_3404-200x150.jpg 200w\" sizes=\"auto, (max-width: 300px) 100vw, 300px\" \/><\/a><\/p>\n<p>&#8211; RAC\u00d3 MATEM\u00c0TIC I TAC: &#8220;Construcci\u00f3 Crazy Forts&#8221;. En aquest rac\u00f3 farem \u00fas de diferents conceptes geom\u00e8trics. En un primer moment, crearem diferents estructures amb el material per tal de poder anar identificant les diferents parts dels pol\u00edgons. Identificarem arestes, v\u00e8rtexs i cares, tamb\u00e9 aprendrem els noms d&#8217;alguns pol\u00edgons i aprofitarem el Classroom per pujar fotos de les nostres creacions i poder enviar una tasca aut\u00f2nomament.<\/p>\n<p><strong>\u00c9s important que, des de casa, continuem <\/strong><strong>entrant al Classroom per poder agilitzar l&#8217;acc\u00e9s. Utilitzant la direcci\u00f3 de mail i la contrasenya.<\/strong><\/p>\n<p><a href=\"https:\/\/agora.xtec.cat\/escolapauvila\/wp-content\/uploads\/usu1565\/2024\/04\/IMG_3402.jpg\"><img loading=\"lazy\" decoding=\"async\" class=\"size-medium wp-image-10758 aligncenter\" src=\"https:\/\/agora.xtec.cat\/escolapauvila\/wp-content\/uploads\/usu1565\/2024\/04\/IMG_3402-300x225.jpg\" alt=\"\" width=\"300\" height=\"225\" srcset=\"https:\/\/agora.xtec.cat\/escolapauvila\/wp-content\/uploads\/usu1565\/2024\/04\/IMG_3402-300x225.jpg 300w, https:\/\/agora.xtec.cat\/escolapauvila\/wp-content\/uploads\/usu1565\/2024\/04\/IMG_3402-1024x768.jpg 1024w, https:\/\/agora.xtec.cat\/escolapauvila\/wp-content\/uploads\/usu1565\/2024\/04\/IMG_3402-768x576.jpg 768w, https:\/\/agora.xtec.cat\/escolapauvila\/wp-content\/uploads\/usu1565\/2024\/04\/IMG_3402-1536x1152.jpg 1536w, https:\/\/agora.xtec.cat\/escolapauvila\/wp-content\/uploads\/usu1565\/2024\/04\/IMG_3402-2048x1536.jpg 2048w, https:\/\/agora.xtec.cat\/escolapauvila\/wp-content\/uploads\/usu1565\/2024\/04\/IMG_3402-200x150.jpg 200w\" sizes=\"auto, (max-width: 300px) 100vw, 300px\" \/><\/a><\/p>\n<p>&#8211; RAC\u00d3 MATEM\u00c0TIC: &#8220;Roda de multiplicacions&#8221;. Aqu\u00ed refor\u00e7arem i aprofundirem en les taules de multiplicar. Observarem la relaci\u00f3 entre les taules de multiplicar i les figures geom\u00e8triques obtingudes. Tamb\u00e9 continuarem practicant i memoritzant les taules per tal d&#8217;aconseguir m\u00e9s agilitat en aquestes operacions.<\/p>\n<p><a href=\"https:\/\/agora.xtec.cat\/escolapauvila\/wp-content\/uploads\/usu1565\/2024\/04\/IMG_3403.jpg\"><img loading=\"lazy\" decoding=\"async\" class=\"size-medium wp-image-10759 aligncenter\" src=\"https:\/\/agora.xtec.cat\/escolapauvila\/wp-content\/uploads\/usu1565\/2024\/04\/IMG_3403-300x225.jpg\" alt=\"\" width=\"300\" height=\"225\" srcset=\"https:\/\/agora.xtec.cat\/escolapauvila\/wp-content\/uploads\/usu1565\/2024\/04\/IMG_3403-300x225.jpg 300w, https:\/\/agora.xtec.cat\/escolapauvila\/wp-content\/uploads\/usu1565\/2024\/04\/IMG_3403-1024x768.jpg 1024w, https:\/\/agora.xtec.cat\/escolapauvila\/wp-content\/uploads\/usu1565\/2024\/04\/IMG_3403-768x576.jpg 768w, https:\/\/agora.xtec.cat\/escolapauvila\/wp-content\/uploads\/usu1565\/2024\/04\/IMG_3403-1536x1152.jpg 1536w, https:\/\/agora.xtec.cat\/escolapauvila\/wp-content\/uploads\/usu1565\/2024\/04\/IMG_3403-2048x1536.jpg 2048w, https:\/\/agora.xtec.cat\/escolapauvila\/wp-content\/uploads\/usu1565\/2024\/04\/IMG_3403-200x150.jpg 200w\" sizes=\"auto, (max-width: 300px) 100vw, 300px\" \/><\/a><\/p>\n<p>&#8211; RAC\u00d3 LING\u00dc\u00cdSTIC: &#8220;Detectiu de paraules&#8221;. Durant la primera ronda de racons vam fer el &#8220;Detectiu de nombres&#8221;. En aquesta ocasi\u00f3, serem detectius i detectives de paraules. Fent servir un exemple, escollirem una paraula aleat\u00f2riament de dins d&#8217;una capseta, per m\u00e9s tard fer-la servir com la nostra paraula de joc. Amb aquesta paraula identificarem les seves s\u00edl\u00b7labes, buscarem la t\u00f2nica, refor\u00e7arem el g\u00e8nere i el nombre, li col<span style=\"font-weight: 400;\">\u00b7locarem l&#8217;article adient i l&#8217;assignarem la <\/span><span style=\"font-weight: 400;\">categoria gramatical corresponent: substantiu, adjectiu o verb.<\/span><\/p>\n<p><a href=\"https:\/\/agora.xtec.cat\/escolapauvila\/wp-content\/uploads\/usu1565\/2024\/04\/IMG_3407.jpg\"><img loading=\"lazy\" decoding=\"async\" class=\"size-medium wp-image-10760 aligncenter\" src=\"https:\/\/agora.xtec.cat\/escolapauvila\/wp-content\/uploads\/usu1565\/2024\/04\/IMG_3407-300x225.jpg\" alt=\"\" width=\"300\" height=\"225\" srcset=\"https:\/\/agora.xtec.cat\/escolapauvila\/wp-content\/uploads\/usu1565\/2024\/04\/IMG_3407-300x225.jpg 300w, https:\/\/agora.xtec.cat\/escolapauvila\/wp-content\/uploads\/usu1565\/2024\/04\/IMG_3407-1024x768.jpg 1024w, https:\/\/agora.xtec.cat\/escolapauvila\/wp-content\/uploads\/usu1565\/2024\/04\/IMG_3407-768x576.jpg 768w, https:\/\/agora.xtec.cat\/escolapauvila\/wp-content\/uploads\/usu1565\/2024\/04\/IMG_3407-1536x1152.jpg 1536w, https:\/\/agora.xtec.cat\/escolapauvila\/wp-content\/uploads\/usu1565\/2024\/04\/IMG_3407-2048x1536.jpg 2048w, https:\/\/agora.xtec.cat\/escolapauvila\/wp-content\/uploads\/usu1565\/2024\/04\/IMG_3407-200x150.jpg 200w\" sizes=\"auto, (max-width: 300px) 100vw, 300px\" \/><\/a><\/p>\n<p>&#8211; RAC\u00d3 MATEM\u00c0TIC: &#8220;Geopl\u00e0: per\u00edmetre i \u00e0rea&#8221;. Aqu\u00ed refor\u00e7arem el concepte de per\u00edmetre i \u00e0rea. Aprofitarem el geopl\u00e0 per fer diferents figures i representar-les en paper amb regle, sent precises i precisos. Despr\u00e9s, calcularem \u00e0rees d&#8217;alguns models de figures i, per acabar, realitzarem el pl\u00e0nol de la classe el m\u00e9s detalladament possible.<\/p>\n<p><a href=\"https:\/\/agora.xtec.cat\/escolapauvila\/wp-content\/uploads\/usu1565\/2024\/04\/IMG_3405.jpg\"><img loading=\"lazy\" decoding=\"async\" class=\"size-medium wp-image-10761 aligncenter\" src=\"https:\/\/agora.xtec.cat\/escolapauvila\/wp-content\/uploads\/usu1565\/2024\/04\/IMG_3405-300x225.jpg\" alt=\"\" width=\"300\" height=\"225\" srcset=\"https:\/\/agora.xtec.cat\/escolapauvila\/wp-content\/uploads\/usu1565\/2024\/04\/IMG_3405-300x225.jpg 300w, https:\/\/agora.xtec.cat\/escolapauvila\/wp-content\/uploads\/usu1565\/2024\/04\/IMG_3405-1024x768.jpg 1024w, https:\/\/agora.xtec.cat\/escolapauvila\/wp-content\/uploads\/usu1565\/2024\/04\/IMG_3405-768x576.jpg 768w, https:\/\/agora.xtec.cat\/escolapauvila\/wp-content\/uploads\/usu1565\/2024\/04\/IMG_3405-1536x1152.jpg 1536w, https:\/\/agora.xtec.cat\/escolapauvila\/wp-content\/uploads\/usu1565\/2024\/04\/IMG_3405-2048x1536.jpg 2048w, https:\/\/agora.xtec.cat\/escolapauvila\/wp-content\/uploads\/usu1565\/2024\/04\/IMG_3405-200x150.jpg 200w\" sizes=\"auto, (max-width: 300px) 100vw, 300px\" \/><\/a><\/p>\n<p><strong><em>Entreu al Classroom de la vostra aula per veure m\u00e9s fotos.<\/em><\/strong><\/p>\n","protected":false},"excerpt":{"rendered":"<p>Hola, nenes, nens i fam\u00edlies!<br \/>\nJa hem arribat a la tercera ronda de racons del curs. Igual que a les altres rondes, hem realitzat 6 racons diferents per tal de poder portar a terme les diferents activitats.<br \/>\nA continuaci\u00f3, detallem cada rac\u00f3 per saber que anirem fent&hellip;  <a href=\"https:\/\/agora.xtec.cat\/escolapauvila\/general\/tercera-ronda-racons\/\" title=\"Read Tercera ronda racons\">Llegeix m\u00e9s\u00bb<\/a><\/p>\n","protected":false},"author":1,"featured_media":10759,"comment_status":"open","ping_status":"closed","sticky":false,"template":"","format":"standard","meta":{"_bbp_topic_count":0,"_bbp_reply_count":0,"_bbp_total_topic_count":0,"_bbp_total_reply_count":0,"_bbp_voice_count":0,"_bbp_anonymous_reply_count":0,"_bbp_topic_count_hidden":0,"_bbp_reply_count_hidden":0,"_bbp_forum_subforum_count":0,"footnotes":""},"categories":[12,5,1],"tags":[320,230,108],"class_list":["post-10558","post","type-post","status-publish","format-standard","has-post-thumbnail","hentry","category-3r","category-mitjans","category-general","tag-3r-23-24","tag-comunitat-mitjans","tag-nascuts2015"],"post_mailing_queue_ids":[],"_links":{"self":[{"href":"https:\/\/agora.xtec.cat\/escolapauvila\/wp-json\/wp\/v2\/posts\/10558","targetHints":{"allow":["GET"]}}],"collection":[{"href":"https:\/\/agora.xtec.cat\/escolapauvila\/wp-json\/wp\/v2\/posts"}],"about":[{"href":"https:\/\/agora.xtec.cat\/escolapauvila\/wp-json\/wp\/v2\/types\/post"}],"author":[{"embeddable":true,"href":"https:\/\/agora.xtec.cat\/escolapauvila\/wp-json\/wp\/v2\/users\/1"}],"replies":[{"embeddable":true,"href":"https:\/\/agora.xtec.cat\/escolapauvila\/wp-json\/wp\/v2\/comments?post=10558"}],"version-history":[{"count":6,"href":"https:\/\/agora.xtec.cat\/escolapauvila\/wp-json\/wp\/v2\/posts\/10558\/revisions"}],"predecessor-version":[{"id":10802,"href":"https:\/\/agora.xtec.cat\/escolapauvila\/wp-json\/wp\/v2\/posts\/10558\/revisions\/10802"}],"wp:featuredmedia":[{"embeddable":true,"href":"https:\/\/agora.xtec.cat\/escolapauvila\/wp-json\/wp\/v2\/media\/10759"}],"wp:attachment":[{"href":"https:\/\/agora.xtec.cat\/escolapauvila\/wp-json\/wp\/v2\/media?parent=10558"}],"wp:term":[{"taxonomy":"category","embeddable":true,"href":"https:\/\/agora.xtec.cat\/escolapauvila\/wp-json\/wp\/v2\/categories?post=10558"},{"taxonomy":"post_tag","embeddable":true,"href":"https:\/\/agora.xtec.cat\/escolapauvila\/wp-json\/wp\/v2\/tags?post=10558"}],"curies":[{"name":"wp","href":"https:\/\/api.w.org\/{rel}","templated":true}]}}