{"id":10526,"date":"2024-04-10T13:33:06","date_gmt":"2024-04-10T11:33:06","guid":{"rendered":"https:\/\/agora.xtec.cat\/escolapauvila\/?p=10526"},"modified":"2024-04-10T13:33:50","modified_gmt":"2024-04-10T11:33:50","slug":"quantes-lletres-te-el-meu-nom","status":"publish","type":"post","link":"https:\/\/agora.xtec.cat\/escolapauvila\/petits\/quantes-lletres-te-el-meu-nom\/","title":{"rendered":"QUANTES LLETRES T\u00c9 EL MEU NOM?"},"content":{"rendered":"<p>DARRERAMENT, A LA <span style=\"color: #ff0000;\">C<\/span>LASSE DE LES <span style=\"color: #ff0000;\">A<\/span>BRA\u00c7ADES, ENS HEM FIXAT QUE HI HA NOMS AMB MOLTES LLETRES I D&#8217;ALTRES AMB POQUES.<\/p>\n<p>AQUESTA SETMANA HEM COMPTAT QUANTES LLETRES TENIA EL NOSTRE <span style=\"color: #ff0000;\">N<\/span>OM I HEM VIST QUE UNS NOMS S\u00d3N M\u00c9S LLARGS I D&#8217;ALTRES M\u00c9S CURTS.<\/p>\n<p><a href=\"https:\/\/agora.xtec.cat\/escolapauvila\/wp-content\/uploads\/usu1565\/2024\/04\/IMG_20240410_115223-1-scaled.jpg\"><img loading=\"lazy\" decoding=\"async\" class=\"alignnone size-large wp-image-10676\" src=\"https:\/\/agora.xtec.cat\/escolapauvila\/wp-content\/uploads\/usu1565\/2024\/04\/IMG_20240410_115223-1-768x1024.jpg\" alt=\"\" width=\"768\" height=\"1024\" srcset=\"https:\/\/agora.xtec.cat\/escolapauvila\/wp-content\/uploads\/usu1565\/2024\/04\/IMG_20240410_115223-1-768x1024.jpg 768w, https:\/\/agora.xtec.cat\/escolapauvila\/wp-content\/uploads\/usu1565\/2024\/04\/IMG_20240410_115223-1-225x300.jpg 225w, https:\/\/agora.xtec.cat\/escolapauvila\/wp-content\/uploads\/usu1565\/2024\/04\/IMG_20240410_115223-1-1152x1536.jpg 1152w, https:\/\/agora.xtec.cat\/escolapauvila\/wp-content\/uploads\/usu1565\/2024\/04\/IMG_20240410_115223-1-1536x2048.jpg 1536w, https:\/\/agora.xtec.cat\/escolapauvila\/wp-content\/uploads\/usu1565\/2024\/04\/IMG_20240410_115223-1-scaled.jpg 1920w\" sizes=\"auto, (max-width: 768px) 100vw, 768px\" \/><\/a><\/p>\n<p>&nbsp;<\/p>\n","protected":false},"excerpt":{"rendered":"<p>DARRERAMENT, A LA CLASSE DE LES ABRA\u00c7ADES, ENS HEM FIXAT QUE HI HA NOMS AMB MOLTES LLETRES I D&#8217;ALTRES AMB POQUES.<br \/>\nAQUESTA SETMANA HEM COMPTAT QUANTES LLETRES TENIA EL NOSTRE NOM I HEM VIST QUE UNS NOMS S\u00d3N M\u00c9S LLARGS I D&#8217;ALTRES M\u00c9S CURTS.<br \/>\n<a href=\"https:\/\/agora.xtec.cat\/escolapauvila\/wp-content\/uploads\/usu1565\/2024\/04\/IMG_20240410_115223-1-scaled.jpg\"><\/a><br \/>\n&nbsp;<\/p>\n","protected":false},"author":1,"featured_media":0,"comment_status":"open","ping_status":"closed","sticky":false,"template":"","format":"standard","meta":{"_bbp_topic_count":0,"_bbp_reply_count":0,"_bbp_total_topic_count":0,"_bbp_total_reply_count":0,"_bbp_voice_count":0,"_bbp_anonymous_reply_count":0,"_bbp_topic_count_hidden":0,"_bbp_reply_count_hidden":0,"_bbp_forum_subforum_count":0,"footnotes":""},"categories":[2,3],"tags":[],"class_list":["post-10526","post","type-post","status-publish","format-standard","hentry","category-petits","category-ei3"],"post_mailing_queue_ids":[],"_links":{"self":[{"href":"https:\/\/agora.xtec.cat\/escolapauvila\/wp-json\/wp\/v2\/posts\/10526","targetHints":{"allow":["GET"]}}],"collection":[{"href":"https:\/\/agora.xtec.cat\/escolapauvila\/wp-json\/wp\/v2\/posts"}],"about":[{"href":"https:\/\/agora.xtec.cat\/escolapauvila\/wp-json\/wp\/v2\/types\/post"}],"author":[{"embeddable":true,"href":"https:\/\/agora.xtec.cat\/escolapauvila\/wp-json\/wp\/v2\/users\/1"}],"replies":[{"embeddable":true,"href":"https:\/\/agora.xtec.cat\/escolapauvila\/wp-json\/wp\/v2\/comments?post=10526"}],"version-history":[{"count":4,"href":"https:\/\/agora.xtec.cat\/escolapauvila\/wp-json\/wp\/v2\/posts\/10526\/revisions"}],"predecessor-version":[{"id":10677,"href":"https:\/\/agora.xtec.cat\/escolapauvila\/wp-json\/wp\/v2\/posts\/10526\/revisions\/10677"}],"wp:attachment":[{"href":"https:\/\/agora.xtec.cat\/escolapauvila\/wp-json\/wp\/v2\/media?parent=10526"}],"wp:term":[{"taxonomy":"category","embeddable":true,"href":"https:\/\/agora.xtec.cat\/escolapauvila\/wp-json\/wp\/v2\/categories?post=10526"},{"taxonomy":"post_tag","embeddable":true,"href":"https:\/\/agora.xtec.cat\/escolapauvila\/wp-json\/wp\/v2\/tags?post=10526"}],"curies":[{"name":"wp","href":"https:\/\/api.w.org\/{rel}","templated":true}]}}