{"id":10498,"date":"2024-03-13T14:29:57","date_gmt":"2024-03-13T13:29:57","guid":{"rendered":"https:\/\/agora.xtec.cat\/escolapauvila\/?p=10498"},"modified":"2024-03-13T14:30:07","modified_gmt":"2024-03-13T13:30:07","slug":"8-m-al-pau-vila","status":"publish","type":"post","link":"https:\/\/agora.xtec.cat\/escolapauvila\/grans\/4t\/8-m-al-pau-vila\/","title":{"rendered":"8 M AL PAU VILA"},"content":{"rendered":"<p><span style=\"font-weight: 400;\">El 8 de mar\u00e7 les nenes de 6\u00e8 de la nostra escola van fer un acte relacionat amb el dia de la dona. La primera cosa que ens va cridar l\u2019atenci\u00f3 va ser la seva vestimenta: anaven de negre amb mans liles enganxades pel cos. Pensem que volien dir-nos que el seu cos \u00e9s d\u2019elles i ning\u00fa t\u00e9 dret a tocar-les sense el seu perm\u00eds.<\/span><\/p>\n<p><span style=\"font-weight: 400;\">Van fer un discurs sobre els seus drets i van defensar que poden fer el mateix que els nois.<\/span><\/p>\n<p><span style=\"font-weight: 400;\">A les aules de 4t vam buscar al diccionari algunes paraules i ens vam sorprendre una mica. Vam veure que <\/span><b>masclisme <\/b><span style=\"font-weight: 400;\">\u00e9s la idea que considera que l\u2019home \u00e9s superior a la dona, mentre que el <\/span><b>feminisme <\/b><span style=\"font-weight: 400;\">ent\u00e9n que la dona ha de ser considerada IGUAL que l\u2019home. El contrari de masclisme seria <\/span><b>femellisme (o hembrisme), <\/b><span style=\"font-weight: 400;\">considera la superioritat de la dona sobre l\u2019home.<\/span><\/p>\n<p><span style=\"font-weight: 400;\">Tamb\u00e9 vam poder obrir els llibres d&#8217; <\/span><strong><i>Hist\u00f2ries per un forat<\/i><\/strong><span style=\"font-weight: 400;\"><strong>,<\/strong> que vam descobrir despr\u00e9s de tenir-los uns dies a les aules. A <strong>4tA <\/strong><\/span><strong><i>\u201cLa Reina a la cova\u201d<\/i> \u00a0<\/strong><span style=\"font-weight: 400;\">mentre que a <strong>4tB<\/strong> el llibre va ser <\/span><strong><i>\u201cUn m\u00f3n de mares fant\u00e0stiques\u201d,<\/i><\/strong><span style=\"font-weight: 400;\"> que tracta del que les mares de fills i filles famosos han fet per ells i elles.<\/span><\/p>\n<p>&nbsp;<\/p>\n<p><span style=\"font-weight: 400;\"><a href=\"https:\/\/agora.xtec.cat\/escolapauvila\/wp-content\/uploads\/usu1565\/2024\/03\/IMG-20240313-WA0000.jpg\"><img loading=\"lazy\" decoding=\"async\" class=\"wp-image-10499 aligncenter\" src=\"https:\/\/agora.xtec.cat\/escolapauvila\/wp-content\/uploads\/usu1565\/2024\/03\/IMG-20240313-WA0000-1024x609.jpg\" alt=\"\" width=\"427\" height=\"254\" srcset=\"https:\/\/agora.xtec.cat\/escolapauvila\/wp-content\/uploads\/usu1565\/2024\/03\/IMG-20240313-WA0000-1024x609.jpg 1024w, https:\/\/agora.xtec.cat\/escolapauvila\/wp-content\/uploads\/usu1565\/2024\/03\/IMG-20240313-WA0000-300x178.jpg 300w, https:\/\/agora.xtec.cat\/escolapauvila\/wp-content\/uploads\/usu1565\/2024\/03\/IMG-20240313-WA0000-768x457.jpg 768w, https:\/\/agora.xtec.cat\/escolapauvila\/wp-content\/uploads\/usu1565\/2024\/03\/IMG-20240313-WA0000.jpg 1527w\" sizes=\"auto, (max-width: 427px) 100vw, 427px\" \/><\/a><br \/>\n<\/span><\/p>\n","protected":false},"excerpt":{"rendered":"<p>El 8 de mar\u00e7 les nenes de 6\u00e8 de la nostra escola van fer un acte relacionat amb el dia de la dona. La primera cosa que ens va cridar l\u2019atenci\u00f3 va ser la seva vestimenta: anaven de negre amb mans liles enganxades pel cos.&hellip;  <a href=\"https:\/\/agora.xtec.cat\/escolapauvila\/grans\/4t\/8-m-al-pau-vila\/\" title=\"Read 8 M AL PAU VILA\">Llegeix m\u00e9s\u00bb<\/a><\/p>\n","protected":false},"author":1,"featured_media":0,"comment_status":"open","ping_status":"closed","sticky":false,"template":"","format":"standard","meta":{"_bbp_topic_count":0,"_bbp_reply_count":0,"_bbp_total_topic_count":0,"_bbp_total_reply_count":0,"_bbp_voice_count":0,"_bbp_anonymous_reply_count":0,"_bbp_topic_count_hidden":0,"_bbp_reply_count_hidden":0,"_bbp_forum_subforum_count":0,"footnotes":""},"categories":[13,61],"tags":[215,378,384,216,336],"class_list":["post-10498","post","type-post","status-publish","format-standard","hentry","category-4t","category-grans","tag-4t","tag-4t-23-24","tag-8demarc","tag-comunitat-grans","tag-nascuts-2014"],"post_mailing_queue_ids":[],"_links":{"self":[{"href":"https:\/\/agora.xtec.cat\/escolapauvila\/wp-json\/wp\/v2\/posts\/10498","targetHints":{"allow":["GET"]}}],"collection":[{"href":"https:\/\/agora.xtec.cat\/escolapauvila\/wp-json\/wp\/v2\/posts"}],"about":[{"href":"https:\/\/agora.xtec.cat\/escolapauvila\/wp-json\/wp\/v2\/types\/post"}],"author":[{"embeddable":true,"href":"https:\/\/agora.xtec.cat\/escolapauvila\/wp-json\/wp\/v2\/users\/1"}],"replies":[{"embeddable":true,"href":"https:\/\/agora.xtec.cat\/escolapauvila\/wp-json\/wp\/v2\/comments?post=10498"}],"version-history":[{"count":1,"href":"https:\/\/agora.xtec.cat\/escolapauvila\/wp-json\/wp\/v2\/posts\/10498\/revisions"}],"predecessor-version":[{"id":10500,"href":"https:\/\/agora.xtec.cat\/escolapauvila\/wp-json\/wp\/v2\/posts\/10498\/revisions\/10500"}],"wp:attachment":[{"href":"https:\/\/agora.xtec.cat\/escolapauvila\/wp-json\/wp\/v2\/media?parent=10498"}],"wp:term":[{"taxonomy":"category","embeddable":true,"href":"https:\/\/agora.xtec.cat\/escolapauvila\/wp-json\/wp\/v2\/categories?post=10498"},{"taxonomy":"post_tag","embeddable":true,"href":"https:\/\/agora.xtec.cat\/escolapauvila\/wp-json\/wp\/v2\/tags?post=10498"}],"curies":[{"name":"wp","href":"https:\/\/api.w.org\/{rel}","templated":true}]}}