{"id":10447,"date":"2024-03-11T17:47:12","date_gmt":"2024-03-11T16:47:12","guid":{"rendered":"https:\/\/agora.xtec.cat\/escolapauvila\/?p=10447"},"modified":"2024-03-12T20:34:31","modified_gmt":"2024-03-12T19:34:31","slug":"dia-internacional-de-la-dona","status":"publish","type":"post","link":"https:\/\/agora.xtec.cat\/escolapauvila\/grans\/5e\/dia-internacional-de-la-dona\/","title":{"rendered":"Dia Internacional de la Dona"},"content":{"rendered":"<p>Al llarg de la setmana passada l&#8217;alumnat de la classe de <strong>5\u00e8 B<\/strong> vam estar reflexionant al voltant de la pregunta:<\/p>\n<p><em>&#8220;Per qu\u00e8 hi ha un dia Internacional de les dones?&#8221;<\/em><\/p>\n<p>Algunes de les reflexions van ser:<\/p>\n<ul>\n<li><em>Perqu\u00e8 encara no som iguals. Hi ha dones que cobren menys diners que homes.<\/em><\/li>\n<li><em>Perqu\u00e8 hi ha noies que estan en perill quan van pel carrer, fins i tot als lavabos d&#8217;alguns llocs p\u00fablics.<\/em><\/li>\n<li><em>Hi ha dones que pateixen maltractaments per part de familiars seus.<\/em><\/li>\n<li><em>Les dones i les noies tenen estereotips que no les deixen fer el que volen.<\/em><\/li>\n<\/ul>\n<p>Una companya, a m\u00e9s, va trobar aquesta imatge en una revista de l&#8217;aula:<a href=\"https:\/\/agora.xtec.cat\/escolapauvila\/wp-content\/uploads\/usu1565\/2024\/03\/IMG20240308094428-scaled.jpg\"><br \/>\n<\/a><\/p>\n<p><a href=\"https:\/\/agora.xtec.cat\/escolapauvila\/wp-content\/uploads\/usu1565\/2024\/03\/ss.jpg\"><img loading=\"lazy\" decoding=\"async\" class=\"aligncenter wp-image-10450\" src=\"https:\/\/agora.xtec.cat\/escolapauvila\/wp-content\/uploads\/usu1565\/2024\/03\/ss.jpg\" alt=\"\" width=\"672\" height=\"277\" srcset=\"https:\/\/agora.xtec.cat\/escolapauvila\/wp-content\/uploads\/usu1565\/2024\/03\/ss.jpg 1552w, https:\/\/agora.xtec.cat\/escolapauvila\/wp-content\/uploads\/usu1565\/2024\/03\/ss-300x124.jpg 300w, https:\/\/agora.xtec.cat\/escolapauvila\/wp-content\/uploads\/usu1565\/2024\/03\/ss-1024x422.jpg 1024w, https:\/\/agora.xtec.cat\/escolapauvila\/wp-content\/uploads\/usu1565\/2024\/03\/ss-768x317.jpg 768w, https:\/\/agora.xtec.cat\/escolapauvila\/wp-content\/uploads\/usu1565\/2024\/03\/ss-1536x633.jpg 1536w\" sizes=\"auto, (max-width: 672px) 100vw, 672px\" \/><\/a><\/p>\n<p>Aquesta imatge ens va donar peu a una altra conversa i a la pregunta: <em>&#8220;Com \u00e9s que hi ha m\u00e9s nois que practiquin futbol que noies? I per qu\u00e8 passa el contrari amb activitats com la dansa?&#8221;<\/em><\/p>\n<p>Es va crear un debat i a la conclusi\u00f3 que vam arribar va ser:<\/p>\n<p><strong>&#8220;No hi ha activitats de nois o noies per\u00f2 des de petits i petites ens ensenyen qu\u00e8 \u00e9s el que ens ha d&#8217;agradar&#8221;.<\/strong><\/p>\n<p>M\u00e9s tard vam anar a veure l&#8217;exposici\u00f3 del vest\u00edbul: <strong>Hist\u00f2ries per un forat.<\/strong> De moment tenim el llibre a l&#8217;aula i estem fent hip\u00f2tesis sobre quin creiem que ser\u00e0 el tema. El nostre company Carles ens va llegir que aquest any el tema del llibre \u00e9s la Coeducaci\u00f3.<\/p>\n<p><a href=\"https:\/\/agora.xtec.cat\/escolapauvila\/wp-content\/uploads\/usu1565\/2024\/03\/Sin-titulo1.jpg\"><img loading=\"lazy\" decoding=\"async\" class=\"aligncenter size-full wp-image-10452\" src=\"https:\/\/agora.xtec.cat\/escolapauvila\/wp-content\/uploads\/usu1565\/2024\/03\/Sin-titulo1.jpg\" alt=\"\" width=\"1105\" height=\"765\" srcset=\"https:\/\/agora.xtec.cat\/escolapauvila\/wp-content\/uploads\/usu1565\/2024\/03\/Sin-titulo1.jpg 1105w, https:\/\/agora.xtec.cat\/escolapauvila\/wp-content\/uploads\/usu1565\/2024\/03\/Sin-titulo1-300x208.jpg 300w, https:\/\/agora.xtec.cat\/escolapauvila\/wp-content\/uploads\/usu1565\/2024\/03\/Sin-titulo1-1024x709.jpg 1024w, https:\/\/agora.xtec.cat\/escolapauvila\/wp-content\/uploads\/usu1565\/2024\/03\/Sin-titulo1-768x532.jpg 768w\" sizes=\"auto, (max-width: 1105px) 100vw, 1105px\" \/><\/a><\/p>\n<p>Finalment vam anar a veure <a href=\"https:\/\/agora.xtec.cat\/escolapauvila\/general\/8m-el-dia-de-la-dona-al-pau-vila\/\">l&#8217;activitat que van preparar les companyes de 6\u00e8<\/a>. Va ser molt emocionant i ens va ajudar a poder ser m\u00e9s conscients de les desigualtats que viuen les noies i els homes.<\/p>\n<p><a href=\"https:\/\/agora.xtec.cat\/escolapauvila\/wp-content\/uploads\/usu1565\/2024\/03\/Sin-titulo.jpg\"><img loading=\"lazy\" decoding=\"async\" class=\"aligncenter size-full wp-image-10453\" src=\"https:\/\/agora.xtec.cat\/escolapauvila\/wp-content\/uploads\/usu1565\/2024\/03\/Sin-titulo.jpg\" alt=\"\" width=\"1137\" height=\"820\" srcset=\"https:\/\/agora.xtec.cat\/escolapauvila\/wp-content\/uploads\/usu1565\/2024\/03\/Sin-titulo.jpg 1137w, https:\/\/agora.xtec.cat\/escolapauvila\/wp-content\/uploads\/usu1565\/2024\/03\/Sin-titulo-300x216.jpg 300w, https:\/\/agora.xtec.cat\/escolapauvila\/wp-content\/uploads\/usu1565\/2024\/03\/Sin-titulo-1024x739.jpg 1024w, https:\/\/agora.xtec.cat\/escolapauvila\/wp-content\/uploads\/usu1565\/2024\/03\/Sin-titulo-768x554.jpg 768w\" sizes=\"auto, (max-width: 1137px) 100vw, 1137px\" \/><\/a><\/p>\n","protected":false},"excerpt":{"rendered":"<p>Al llarg de la setmana passada l&#8217;alumnat de la classe de 5\u00e8 B vam estar reflexionant al voltant de la pregunta:<br \/>\n&#8220;Per qu\u00e8 hi ha un dia Internacional de les dones?&#8221;<br \/>\nAlgunes de les reflexions van ser:<\/p>\n<ul>\n<li>Perqu\u00e8 encara no som iguals. Hi ha dones que cobren menys&hellip;  <a href=\"https:\/\/agora.xtec.cat\/escolapauvila\/grans\/5e\/dia-internacional-de-la-dona\/\" title=\"Read Dia Internacional de la Dona\">Llegeix m\u00e9s\u00bb<\/a><br \/>\n","protected":false},"author":32,"featured_media":10452,"comment_status":"open","ping_status":"closed","sticky":false,"template":"","format":"standard","meta":{"_bbp_topic_count":0,"_bbp_reply_count":0,"_bbp_total_topic_count":0,"_bbp_total_reply_count":0,"_bbp_voice_count":0,"_bbp_anonymous_reply_count":0,"_bbp_topic_count_hidden":0,"_bbp_reply_count_hidden":0,"_bbp_forum_subforum_count":0,"footnotes":""},"categories":[14,61],"tags":[334,384,216],"class_list":["post-10447","post","type-post","status-publish","format-standard","has-post-thumbnail","hentry","category-5e","category-grans","tag-5b23-24","tag-8demarc","tag-comunitat-grans"],"post_mailing_queue_ids":[],"_links":{"self":[{"href":"https:\/\/agora.xtec.cat\/escolapauvila\/wp-json\/wp\/v2\/posts\/10447","targetHints":{"allow":["GET"]}}],"collection":[{"href":"https:\/\/agora.xtec.cat\/escolapauvila\/wp-json\/wp\/v2\/posts"}],"about":[{"href":"https:\/\/agora.xtec.cat\/escolapauvila\/wp-json\/wp\/v2\/types\/post"}],"author":[{"embeddable":true,"href":"https:\/\/agora.xtec.cat\/escolapauvila\/wp-json\/wp\/v2\/users\/32"}],"replies":[{"embeddable":true,"href":"https:\/\/agora.xtec.cat\/escolapauvila\/wp-json\/wp\/v2\/comments?post=10447"}],"version-history":[{"count":2,"href":"https:\/\/agora.xtec.cat\/escolapauvila\/wp-json\/wp\/v2\/posts\/10447\/revisions"}],"predecessor-version":[{"id":10454,"href":"https:\/\/agora.xtec.cat\/escolapauvila\/wp-json\/wp\/v2\/posts\/10447\/revisions\/10454"}],"wp:featuredmedia":[{"embeddable":true,"href":"https:\/\/agora.xtec.cat\/escolapauvila\/wp-json\/wp\/v2\/media\/10452"}],"wp:attachment":[{"href":"https:\/\/agora.xtec.cat\/escolapauvila\/wp-json\/wp\/v2\/media?parent=10447"}],"wp:term":[{"taxonomy":"category","embeddable":true,"href":"https:\/\/agora.xtec.cat\/escolapauvila\/wp-json\/wp\/v2\/categories?post=10447"},{"taxonomy":"post_tag","embeddable":true,"href":"https:\/\/agora.xtec.cat\/escolapauvila\/wp-json\/wp\/v2\/tags?post=10447"}],"curies":[{"name":"wp","href":"https:\/\/api.w.org\/{rel}","templated":true}]}}