{"id":10390,"date":"2024-03-22T21:11:24","date_gmt":"2024-03-22T20:11:24","guid":{"rendered":"https:\/\/agora.xtec.cat\/escolapauvila\/?p=10390"},"modified":"2024-03-22T21:11:55","modified_gmt":"2024-03-22T20:11:55","slug":"finalitzem-el-projecte-cargols-mireu-que-he-portat-un-cargol","status":"publish","type":"post","link":"https:\/\/agora.xtec.cat\/escolapauvila\/petits\/finalitzem-el-projecte-cargols-mireu-que-he-portat-un-cargol\/","title":{"rendered":"FINALITZEM EL PROJECTE CARGOLS (MIREU QUE HE PORTAT! UN CARGOL!"},"content":{"rendered":"<p>EL PROJECTE ARRIBA AL SEU FI.<\/p>\n<p>VALOREM EN ASSEMBLEA SI DEUEN EST\u00c0 B\u00c9 ELS <span style=\"color: #ff0000;\">C<\/span>ARGOLS A LA <span style=\"color: #ff0000;\">C<\/span>ARGOLERA QUE ELS HI VAM PREPARAR, JA QUE ARA MATEIX HAN NASCUT MOLT\u00cdSSIMS CARGOLS.<\/p>\n<ul>\n<li>D&#8217;AQUESTA CONVERSA, SORGEIXEN ELS SEG\u00dcENTS RAONAMENTS:<\/li>\n<li>ELS CARGOLS S&#8217;AIXAFARAN SI ESTAN TOTS JUNTS.<\/li>\n<li>NECESSITAREM MOLT ENCIAM.<\/li>\n<li>ES MORIRAN.<\/li>\n<li>NECESSITEN VIURE A LA MUNTANYA.<\/li>\n<\/ul>\n<p>A PARTIR D&#8217;AQU\u00cd CONSENSUEM ENTRE TOTS I TOTES QUE EL MILLOR \u00c9S ALLIBERAR-LOS I PORTAR-LOS UN DIA A LA MUNTANYA.<\/p>\n<p>VAM ANAR A LES OLIVERES A ALLIBERAR-LOS PERQU\u00c8 PUGUIN VIURE EN LA NATURA. ELS HI VAM PREPARAR UN LLIT DE TERRA I ELS VAM REMULLAR AMB AIGUA.<\/p>\n<p>&nbsp;<\/p>\n<p><a href=\"https:\/\/agora.xtec.cat\/escolapauvila\/wp-content\/uploads\/usu1565\/2024\/03\/IMG_20240304_093843-1-scaled.jpg\"><img loading=\"lazy\" decoding=\"async\" class=\"alignnone size-large wp-image-10602\" src=\"https:\/\/agora.xtec.cat\/escolapauvila\/wp-content\/uploads\/usu1565\/2024\/03\/IMG_20240304_093843-1-1024x577.jpg\" alt=\"\" width=\"1024\" height=\"577\" srcset=\"https:\/\/agora.xtec.cat\/escolapauvila\/wp-content\/uploads\/usu1565\/2024\/03\/IMG_20240304_093843-1-1024x577.jpg 1024w, https:\/\/agora.xtec.cat\/escolapauvila\/wp-content\/uploads\/usu1565\/2024\/03\/IMG_20240304_093843-1-300x169.jpg 300w, https:\/\/agora.xtec.cat\/escolapauvila\/wp-content\/uploads\/usu1565\/2024\/03\/IMG_20240304_093843-1-768x432.jpg 768w, https:\/\/agora.xtec.cat\/escolapauvila\/wp-content\/uploads\/usu1565\/2024\/03\/IMG_20240304_093843-1-1536x865.jpg 1536w, https:\/\/agora.xtec.cat\/escolapauvila\/wp-content\/uploads\/usu1565\/2024\/03\/IMG_20240304_093843-1-2048x1153.jpg 2048w\" sizes=\"auto, (max-width: 1024px) 100vw, 1024px\" \/><\/a><\/p>\n<p>&nbsp;<\/p>\n<p>&nbsp;<\/p>\n<div><\/div>\n","protected":false},"excerpt":{"rendered":"<p>EL PROJECTE ARRIBA AL SEU FI.<br \/>\nVALOREM EN ASSEMBLEA SI DEUEN EST\u00c0 B\u00c9 ELS CARGOLS A LA CARGOLERA QUE ELS HI VAM PREPARAR, JA QUE ARA MATEIX HAN NASCUT MOLT\u00cdSSIMS CARGOLS.<\/p>\n<ul>\n<li>D&#8217;AQUESTA CONVERSA, SORGEIXEN ELS SEG\u00dcENTS RAONAMENTS:<\/li>\n<li>ELS CARGOLS S&#8217;AIXAFARAN SI ESTAN TOTS JUNTS.<\/li>\n<li>NECESSITAREM MOLT ENCIAM.<\/li>\n<li>ES MORIRAN.<\/li>\n<li>NECESSITEN VIURE&hellip;  <a href=\"https:\/\/agora.xtec.cat\/escolapauvila\/petits\/finalitzem-el-projecte-cargols-mireu-que-he-portat-un-cargol\/\" title=\"Read FINALITZEM EL PROJECTE CARGOLS (MIREU QUE HE PORTAT! UN CARGOL!\">Llegeix m\u00e9s\u00bb<\/a><br \/>\n","protected":false},"author":1,"featured_media":0,"comment_status":"open","ping_status":"closed","sticky":false,"template":"","format":"standard","meta":{"_bbp_topic_count":0,"_bbp_reply_count":0,"_bbp_total_topic_count":0,"_bbp_total_reply_count":0,"_bbp_voice_count":0,"_bbp_anonymous_reply_count":0,"_bbp_topic_count_hidden":0,"_bbp_reply_count_hidden":0,"_bbp_forum_subforum_count":0,"footnotes":""},"categories":[2,3],"tags":[],"class_list":["post-10390","post","type-post","status-publish","format-standard","hentry","category-petits","category-ei3"],"post_mailing_queue_ids":[],"_links":{"self":[{"href":"https:\/\/agora.xtec.cat\/escolapauvila\/wp-json\/wp\/v2\/posts\/10390","targetHints":{"allow":["GET"]}}],"collection":[{"href":"https:\/\/agora.xtec.cat\/escolapauvila\/wp-json\/wp\/v2\/posts"}],"about":[{"href":"https:\/\/agora.xtec.cat\/escolapauvila\/wp-json\/wp\/v2\/types\/post"}],"author":[{"embeddable":true,"href":"https:\/\/agora.xtec.cat\/escolapauvila\/wp-json\/wp\/v2\/users\/1"}],"replies":[{"embeddable":true,"href":"https:\/\/agora.xtec.cat\/escolapauvila\/wp-json\/wp\/v2\/comments?post=10390"}],"version-history":[{"count":2,"href":"https:\/\/agora.xtec.cat\/escolapauvila\/wp-json\/wp\/v2\/posts\/10390\/revisions"}],"predecessor-version":[{"id":10603,"href":"https:\/\/agora.xtec.cat\/escolapauvila\/wp-json\/wp\/v2\/posts\/10390\/revisions\/10603"}],"wp:attachment":[{"href":"https:\/\/agora.xtec.cat\/escolapauvila\/wp-json\/wp\/v2\/media?parent=10390"}],"wp:term":[{"taxonomy":"category","embeddable":true,"href":"https:\/\/agora.xtec.cat\/escolapauvila\/wp-json\/wp\/v2\/categories?post=10390"},{"taxonomy":"post_tag","embeddable":true,"href":"https:\/\/agora.xtec.cat\/escolapauvila\/wp-json\/wp\/v2\/tags?post=10390"}],"curies":[{"name":"wp","href":"https:\/\/api.w.org\/{rel}","templated":true}]}}