{"id":10377,"date":"2024-03-08T18:38:32","date_gmt":"2024-03-08T17:38:32","guid":{"rendered":"https:\/\/agora.xtec.cat\/escolapauvila\/?p=10377"},"modified":"2024-03-12T20:32:57","modified_gmt":"2024-03-12T19:32:57","slug":"8-de-marc-dia-internacional-de-les-dones","status":"publish","type":"post","link":"https:\/\/agora.xtec.cat\/escolapauvila\/petits\/8-de-marc-dia-internacional-de-les-dones\/","title":{"rendered":"8 DE MAR\u00c7: DIA INTERNACIONAL DE LES DONES"},"content":{"rendered":"<p>AQUEST DIVENDRES HEM CELEBRAT A L&#8217;ESCOLA EL DIA INTERNACIONAL DE LES DONES.<\/p>\n<p>ENTRE TOTS I TOTES PENSEM QUINA <strong><span style=\"color: #ff0000;\">D<\/span>ONA<\/strong> <strong>\u00c9S LA M\u00c9S IMPORTANT DE LA NOSTRA VIDA<\/strong> I LA DIBUIXEM I ESCRIVIM UN MISSATGE BONIC O UNA PARAULA QUE LA IDENTIFIQUI.<\/p>\n<p><a href=\"https:\/\/agora.xtec.cat\/escolapauvila\/wp-content\/uploads\/usu1565\/2024\/03\/1709918632527.jpg\"><img loading=\"lazy\" decoding=\"async\" class=\"alignnone size-full wp-image-10405\" src=\"https:\/\/agora.xtec.cat\/escolapauvila\/wp-content\/uploads\/usu1565\/2024\/03\/1709918632527.jpg\" alt=\"\" width=\"1000\" height=\"750\" srcset=\"https:\/\/agora.xtec.cat\/escolapauvila\/wp-content\/uploads\/usu1565\/2024\/03\/1709918632527.jpg 1000w, https:\/\/agora.xtec.cat\/escolapauvila\/wp-content\/uploads\/usu1565\/2024\/03\/1709918632527-300x225.jpg 300w, https:\/\/agora.xtec.cat\/escolapauvila\/wp-content\/uploads\/usu1565\/2024\/03\/1709918632527-768x576.jpg 768w, https:\/\/agora.xtec.cat\/escolapauvila\/wp-content\/uploads\/usu1565\/2024\/03\/1709918632527-200x150.jpg 200w\" sizes=\"auto, (max-width: 1000px) 100vw, 1000px\" \/><\/a><a href=\"https:\/\/agora.xtec.cat\/escolapauvila\/wp-content\/uploads\/usu1565\/2024\/03\/1709918859461-3.jpg\"><img loading=\"lazy\" decoding=\"async\" class=\"alignnone size-full wp-image-10406\" src=\"https:\/\/agora.xtec.cat\/escolapauvila\/wp-content\/uploads\/usu1565\/2024\/03\/1709918859461-3.jpg\" alt=\"\" width=\"1000\" height=\"750\" srcset=\"https:\/\/agora.xtec.cat\/escolapauvila\/wp-content\/uploads\/usu1565\/2024\/03\/1709918859461-3.jpg 1000w, https:\/\/agora.xtec.cat\/escolapauvila\/wp-content\/uploads\/usu1565\/2024\/03\/1709918859461-3-300x225.jpg 300w, https:\/\/agora.xtec.cat\/escolapauvila\/wp-content\/uploads\/usu1565\/2024\/03\/1709918859461-3-768x576.jpg 768w, https:\/\/agora.xtec.cat\/escolapauvila\/wp-content\/uploads\/usu1565\/2024\/03\/1709918859461-3-200x150.jpg 200w\" sizes=\"auto, (max-width: 1000px) 100vw, 1000px\" \/><\/a><\/p>\n<p>EXPOSEM AL PASSAD\u00cdS DE L&#8217;ESCOLA TOTES AQUESTES DONES TAN ESPECIALS.<\/p>\n<p>MIREM UN CONTE I UN V\u00cdDEO PER REFLEXIONAR SOBRE LA IGUALTAT ENTRE HOMES I DONES.<\/p>\n<p>PER NOSALTRES \u00c9S NATURAL CONVIURE EN IGUALTAT ENTRE COMPANYS I COMPANYES, COMPARTIM JOCS, VIV\u00c8NCIES, ACTIVITATS SENSE CAP G\u00c8NERE ESPEC\u00cdFIC.<\/p>\n<p style=\"text-align: center;\"><strong><em>&#8220;TOTES I TOTS PODEM ARRIBAR A SER O FER ALL\u00d2 QUE ENS PROPOSEM, NOSALTES TENIM EL PODER PER ACONSEGUIR-HO.&#8221;<\/em><\/strong><\/p>\n","protected":false},"excerpt":{"rendered":"<p>AQUEST DIVENDRES HEM CELEBRAT A L&#8217;ESCOLA EL DIA INTERNACIONAL DE LES DONES.<br \/>\nENTRE TOTS I TOTES PENSEM QUINA DONA \u00c9S LA M\u00c9S IMPORTANT DE LA NOSTRA VIDA I LA DIBUIXEM I ESCRIVIM UN MISSATGE BONIC O UNA PARAULA QUE LA IDENTIFIQUI.<br \/>\n<a href=\"https:\/\/agora.xtec.cat\/escolapauvila\/wp-content\/uploads\/usu1565\/2024\/03\/1709918632527.jpg\"><\/a><a href=\"https:\/\/agora.xtec.cat\/escolapauvila\/wp-content\/uploads\/usu1565\/2024\/03\/1709918859461-3.jpg\"><\/a><br \/>\nEXPOSEM AL PASSAD\u00cdS DE&hellip;  <a href=\"https:\/\/agora.xtec.cat\/escolapauvila\/petits\/8-de-marc-dia-internacional-de-les-dones\/\" title=\"Read 8 DE MAR\u00c7: DIA INTERNACIONAL DE LES DONES\">Llegeix m\u00e9s\u00bb<\/a><\/p>\n","protected":false},"author":10,"featured_media":10405,"comment_status":"open","ping_status":"closed","sticky":false,"template":"","format":"standard","meta":{"_bbp_topic_count":0,"_bbp_reply_count":0,"_bbp_total_topic_count":0,"_bbp_total_reply_count":0,"_bbp_voice_count":0,"_bbp_anonymous_reply_count":0,"_bbp_topic_count_hidden":0,"_bbp_reply_count_hidden":0,"_bbp_forum_subforum_count":0,"footnotes":""},"categories":[2,8],"tags":[384,246,379,346,299],"class_list":["post-10377","post","type-post","status-publish","format-standard","has-post-thumbnail","hentry","category-petits","category-ei4","tag-8demarc","tag-comunitat-petits-i-petites","tag-dia-internacioal-de-les-dones","tag-i423-24","tag-nascuts-2019"],"post_mailing_queue_ids":[],"_links":{"self":[{"href":"https:\/\/agora.xtec.cat\/escolapauvila\/wp-json\/wp\/v2\/posts\/10377","targetHints":{"allow":["GET"]}}],"collection":[{"href":"https:\/\/agora.xtec.cat\/escolapauvila\/wp-json\/wp\/v2\/posts"}],"about":[{"href":"https:\/\/agora.xtec.cat\/escolapauvila\/wp-json\/wp\/v2\/types\/post"}],"author":[{"embeddable":true,"href":"https:\/\/agora.xtec.cat\/escolapauvila\/wp-json\/wp\/v2\/users\/10"}],"replies":[{"embeddable":true,"href":"https:\/\/agora.xtec.cat\/escolapauvila\/wp-json\/wp\/v2\/comments?post=10377"}],"version-history":[{"count":2,"href":"https:\/\/agora.xtec.cat\/escolapauvila\/wp-json\/wp\/v2\/posts\/10377\/revisions"}],"predecessor-version":[{"id":10407,"href":"https:\/\/agora.xtec.cat\/escolapauvila\/wp-json\/wp\/v2\/posts\/10377\/revisions\/10407"}],"wp:featuredmedia":[{"embeddable":true,"href":"https:\/\/agora.xtec.cat\/escolapauvila\/wp-json\/wp\/v2\/media\/10405"}],"wp:attachment":[{"href":"https:\/\/agora.xtec.cat\/escolapauvila\/wp-json\/wp\/v2\/media?parent=10377"}],"wp:term":[{"taxonomy":"category","embeddable":true,"href":"https:\/\/agora.xtec.cat\/escolapauvila\/wp-json\/wp\/v2\/categories?post=10377"},{"taxonomy":"post_tag","embeddable":true,"href":"https:\/\/agora.xtec.cat\/escolapauvila\/wp-json\/wp\/v2\/tags?post=10377"}],"curies":[{"name":"wp","href":"https:\/\/api.w.org\/{rel}","templated":true}]}}