{"id":10367,"date":"2024-02-28T15:00:48","date_gmt":"2024-02-28T14:00:48","guid":{"rendered":"https:\/\/agora.xtec.cat\/escolapauvila\/?p=10367"},"modified":"2024-05-13T13:00:41","modified_gmt":"2024-05-13T11:00:41","slug":"relleu-de-delegades-2n-torn","status":"publish","type":"post","link":"https:\/\/agora.xtec.cat\/escolapauvila\/general\/relleu-de-delegades-2n-torn\/","title":{"rendered":"Relleu de delegades 2n torn"},"content":{"rendered":"<p>Avui a l&#8217;escola hem fet l&#8217;acte de relleu dels delegats i delegades! Ha estat un moment genial de passar el testimoni a nous rostres plens d&#8217;energia i idees fresques. Els delegats i delegades del 1r torn han compartit les seves valoracions i, a m\u00e9s a m\u00e9s, han tamb\u00e9 compartit els seus desitjos de cara als infants que els substituiran. Els nous delegats i delegades estan llestos per prendre el relleu i fer que la veu de l&#8217;alumnat continu\u00ef sent escoltada. \u00c9s emocionant veure com la tradici\u00f3 continua amb noves cares al front!<\/p>\n<p><a href=\"https:\/\/agora.xtec.cat\/escolapauvila\/wp-content\/uploads\/usu1565\/2024\/02\/IMG_6056.jpeg\"><img loading=\"lazy\" decoding=\"async\" class=\"alignnone wp-image-10920 size-large\" src=\"https:\/\/agora.xtec.cat\/escolapauvila\/wp-content\/uploads\/usu1565\/2024\/02\/IMG_6056-1024x768.jpeg\" alt=\"\" width=\"1024\" height=\"768\" srcset=\"https:\/\/agora.xtec.cat\/escolapauvila\/wp-content\/uploads\/usu1565\/2024\/02\/IMG_6056-1024x768.jpeg 1024w, https:\/\/agora.xtec.cat\/escolapauvila\/wp-content\/uploads\/usu1565\/2024\/02\/IMG_6056-300x225.jpeg 300w, https:\/\/agora.xtec.cat\/escolapauvila\/wp-content\/uploads\/usu1565\/2024\/02\/IMG_6056-768x576.jpeg 768w, https:\/\/agora.xtec.cat\/escolapauvila\/wp-content\/uploads\/usu1565\/2024\/02\/IMG_6056-1536x1152.jpeg 1536w, https:\/\/agora.xtec.cat\/escolapauvila\/wp-content\/uploads\/usu1565\/2024\/02\/IMG_6056-200x150.jpeg 200w, https:\/\/agora.xtec.cat\/escolapauvila\/wp-content\/uploads\/usu1565\/2024\/02\/IMG_6056.jpeg 2048w\" sizes=\"auto, (max-width: 1024px) 100vw, 1024px\" \/><\/a><\/p>\n","protected":false},"excerpt":{"rendered":"<p>Avui a l&#8217;escola hem fet l&#8217;acte de relleu dels delegats i delegades! Ha estat un moment genial de passar el testimoni a nous rostres plens d&#8217;energia i idees fresques. Els delegats i delegades del 1r torn han compartit les seves valoracions i, a m\u00e9s a&hellip;  <a href=\"https:\/\/agora.xtec.cat\/escolapauvila\/general\/relleu-de-delegades-2n-torn\/\" title=\"Read Relleu de delegades 2n torn\">Llegeix m\u00e9s\u00bb<\/a><\/p>\n","protected":false},"author":1,"featured_media":10920,"comment_status":"open","ping_status":"closed","sticky":false,"template":"","format":"standard","meta":{"_bbp_topic_count":0,"_bbp_reply_count":0,"_bbp_total_topic_count":0,"_bbp_total_reply_count":0,"_bbp_voice_count":0,"_bbp_anonymous_reply_count":0,"_bbp_topic_count_hidden":0,"_bbp_reply_count_hidden":0,"_bbp_forum_subforum_count":0,"footnotes":""},"categories":[13,14,15,61,1],"tags":[],"class_list":["post-10367","post","type-post","status-publish","format-standard","has-post-thumbnail","hentry","category-4t","category-5e","category-6e","category-grans","category-general"],"post_mailing_queue_ids":[],"_links":{"self":[{"href":"https:\/\/agora.xtec.cat\/escolapauvila\/wp-json\/wp\/v2\/posts\/10367","targetHints":{"allow":["GET"]}}],"collection":[{"href":"https:\/\/agora.xtec.cat\/escolapauvila\/wp-json\/wp\/v2\/posts"}],"about":[{"href":"https:\/\/agora.xtec.cat\/escolapauvila\/wp-json\/wp\/v2\/types\/post"}],"author":[{"embeddable":true,"href":"https:\/\/agora.xtec.cat\/escolapauvila\/wp-json\/wp\/v2\/users\/1"}],"replies":[{"embeddable":true,"href":"https:\/\/agora.xtec.cat\/escolapauvila\/wp-json\/wp\/v2\/comments?post=10367"}],"version-history":[{"count":1,"href":"https:\/\/agora.xtec.cat\/escolapauvila\/wp-json\/wp\/v2\/posts\/10367\/revisions"}],"predecessor-version":[{"id":10921,"href":"https:\/\/agora.xtec.cat\/escolapauvila\/wp-json\/wp\/v2\/posts\/10367\/revisions\/10921"}],"wp:featuredmedia":[{"embeddable":true,"href":"https:\/\/agora.xtec.cat\/escolapauvila\/wp-json\/wp\/v2\/media\/10920"}],"wp:attachment":[{"href":"https:\/\/agora.xtec.cat\/escolapauvila\/wp-json\/wp\/v2\/media?parent=10367"}],"wp:term":[{"taxonomy":"category","embeddable":true,"href":"https:\/\/agora.xtec.cat\/escolapauvila\/wp-json\/wp\/v2\/categories?post=10367"},{"taxonomy":"post_tag","embeddable":true,"href":"https:\/\/agora.xtec.cat\/escolapauvila\/wp-json\/wp\/v2\/tags?post=10367"}],"curies":[{"name":"wp","href":"https:\/\/api.w.org\/{rel}","templated":true}]}}