{"id":10293,"date":"2024-02-18T13:32:08","date_gmt":"2024-02-18T12:32:08","guid":{"rendered":"https:\/\/agora.xtec.cat\/escolapauvila\/?p=10293"},"modified":"2024-02-18T14:03:32","modified_gmt":"2024-02-18T13:03:32","slug":"finalitzem-el-projecte-dels-cargols","status":"publish","type":"post","link":"https:\/\/agora.xtec.cat\/escolapauvila\/general\/finalitzem-el-projecte-dels-cargols\/","title":{"rendered":"FINALITZEM EL PROJECTE DELS CARGOLS"},"content":{"rendered":"<p>A LA CLASSE DE L&#8217;<strong><span style=\"font-size: 20px;\"><span style=\"color: #ff0000;\">A<\/span>LIMENTACI\u00d3 <span style=\"color: #ff0000;\">S<\/span>ALUDABLE<\/span><\/strong> HEM TANCAT EL PROJECTE DELS <span style=\"font-size: 20px;\"><strong><span style=\"color: #ff0000;\">C<\/span>ARGOLS<\/strong><\/span>. ABANS DE LES VACANCES D&#8217;HIVERN, VAM DEMANAR AJUDA ALS ALUMNES DE 5\u00e8.<\/p>\n<p>HAV\u00cdEM DESCOBERT QUE EL <span style=\"font-size: 20px;\"><strong><span style=\"color: #ff0000;\">C<\/span>OR<\/strong><\/span> DELS CARGOLS NO ERA COM EL NOSTRE, I AIX\u00d2 VA FER QUE ENS PLANTEG\u00c9SSIM ALGUNES PREGUNTES SOBRE EL NOSTRE COR.<\/p>\n<p><a href=\"https:\/\/agora.xtec.cat\/escolapauvila\/wp-content\/uploads\/usu1565\/2024\/02\/PREGUNTES.jpg\"><img loading=\"lazy\" decoding=\"async\" class=\"wp-image-10295 aligncenter\" src=\"https:\/\/agora.xtec.cat\/escolapauvila\/wp-content\/uploads\/usu1565\/2024\/02\/PREGUNTES.jpg\" alt=\"\" width=\"291\" height=\"388\" srcset=\"https:\/\/agora.xtec.cat\/escolapauvila\/wp-content\/uploads\/usu1565\/2024\/02\/PREGUNTES.jpg 521w, https:\/\/agora.xtec.cat\/escolapauvila\/wp-content\/uploads\/usu1565\/2024\/02\/PREGUNTES-225x300.jpg 225w\" sizes=\"auto, (max-width: 291px) 100vw, 291px\" \/><\/a><\/p>\n<p>COM QUE TENIM GERMANES I GERMANS A 5\u00e8, SAB\u00cdEM QUE ESTAVEN ESTUDIANT L&#8217;APARELL CIRCULATORI I ELS VAM DEMANAR AJUDA.<\/p>\n<p><a href=\"https:\/\/agora.xtec.cat\/escolapauvila\/wp-content\/uploads\/usu1565\/2024\/02\/5E.jpg\"><img loading=\"lazy\" decoding=\"async\" class=\"alignnone size-large wp-image-10297\" src=\"https:\/\/agora.xtec.cat\/escolapauvila\/wp-content\/uploads\/usu1565\/2024\/02\/5E-1024x768.jpg\" alt=\"\" width=\"1024\" height=\"768\" srcset=\"https:\/\/agora.xtec.cat\/escolapauvila\/wp-content\/uploads\/usu1565\/2024\/02\/5E-1024x768.jpg 1024w, https:\/\/agora.xtec.cat\/escolapauvila\/wp-content\/uploads\/usu1565\/2024\/02\/5E-300x225.jpg 300w, https:\/\/agora.xtec.cat\/escolapauvila\/wp-content\/uploads\/usu1565\/2024\/02\/5E-768x576.jpg 768w, https:\/\/agora.xtec.cat\/escolapauvila\/wp-content\/uploads\/usu1565\/2024\/02\/5E-200x150.jpg 200w, https:\/\/agora.xtec.cat\/escolapauvila\/wp-content\/uploads\/usu1565\/2024\/02\/5E.jpg 1176w\" sizes=\"auto, (max-width: 1024px) 100vw, 1024px\" \/><\/a><\/p>\n<ul>\n<li><strong>EL COR T\u00c9 VENES?<\/strong><\/li>\n<li>S\u00cd, T\u00c9 VENES I ART\u00c8RIES.<\/li>\n<li><strong>PER ON PASSA EL MENJAR I L\u2019AIGUA?<\/strong><\/li>\n<li>PASSA PER LA TR\u00c0QUEA I L\u2019ES\u00d2FAG FINS A ARRIBAR A L\u2019EST\u00d3MAC. NO PASSA PEL VOLTANT DELS PULMONS COM CR\u00c8IEM NOSALTRES.<\/li>\n<li><strong>EL COR T\u00c9 AIGUA A DINS? L\u2019AIGUA \u00c9S LA PART BLAVA I LA SANG LA VERMELLA.<\/strong><\/li>\n<li>T\u00c9 SANG. LA PART QUE VEIEM BLAVA A LES IMATGES T\u00c9 UNA C\u00c0RREGA M\u00c9S GRAN D\u2019OXIGEN, PER\u00d2 TOTA LA SANG \u00c9S DE COLOR VERMELL.<\/li>\n<li><strong>EL COR I ELS PULMONS ENS AJUDEN A RESPIRAR.<\/strong><\/li>\n<li>T\u00c8CNICAMENT, RESPIREM AMB ELS PULMONS, PER\u00d2 EL COR ELS ENVIA ALS PULMONS SANG AMB POC OXIGEN. ELS PULMONS LA RETORNEN AL COR OXIGENADA.<\/li>\n<li><strong>PER A QU\u00c8 SERVEIX EL COR?<\/strong><\/li>\n<li>ENS AJUDA A VIURE.<\/li>\n<\/ul>\n<p>TAMB\u00c9 VAM PODER VEURE COM CIRCULAVA LA SANG DINS DEL COR MITJAN\u00c7ANT UN PANELL DE BEE-BOTS. PER PETITS GRUPS VAM CREAR LES ORDRES QUE HAV\u00cdEM DE DONAR ALS ROBOTS I DESPR\u00c9S VAM COMPROVAR SI FEIEN EL RECORREGUT CORRECTE.<\/p>\n<p><a href=\"https:\/\/agora.xtec.cat\/escolapauvila\/wp-content\/uploads\/usu1565\/2024\/02\/IMG_20240206_120331.jpg\"><img loading=\"lazy\" decoding=\"async\" class=\"wp-image-10298 aligncenter\" src=\"https:\/\/agora.xtec.cat\/escolapauvila\/wp-content\/uploads\/usu1565\/2024\/02\/IMG_20240206_120331.jpg\" alt=\"\" width=\"314\" height=\"235\" srcset=\"https:\/\/agora.xtec.cat\/escolapauvila\/wp-content\/uploads\/usu1565\/2024\/02\/IMG_20240206_120331.jpg 1024w, https:\/\/agora.xtec.cat\/escolapauvila\/wp-content\/uploads\/usu1565\/2024\/02\/IMG_20240206_120331-300x225.jpg 300w, https:\/\/agora.xtec.cat\/escolapauvila\/wp-content\/uploads\/usu1565\/2024\/02\/IMG_20240206_120331-768x576.jpg 768w, https:\/\/agora.xtec.cat\/escolapauvila\/wp-content\/uploads\/usu1565\/2024\/02\/IMG_20240206_120331-200x150.jpg 200w\" sizes=\"auto, (max-width: 314px) 100vw, 314px\" \/><\/a><a href=\"https:\/\/agora.xtec.cat\/escolapauvila\/wp-content\/uploads\/usu1565\/2024\/02\/IMG_2662.jpg\"><img loading=\"lazy\" decoding=\"async\" class=\"wp-image-10300 aligncenter\" src=\"https:\/\/agora.xtec.cat\/escolapauvila\/wp-content\/uploads\/usu1565\/2024\/02\/IMG_2662-768x1024.jpg\" alt=\"\" width=\"437\" height=\"582\" srcset=\"https:\/\/agora.xtec.cat\/escolapauvila\/wp-content\/uploads\/usu1565\/2024\/02\/IMG_2662-768x1024.jpg 768w, https:\/\/agora.xtec.cat\/escolapauvila\/wp-content\/uploads\/usu1565\/2024\/02\/IMG_2662-225x300.jpg 225w, https:\/\/agora.xtec.cat\/escolapauvila\/wp-content\/uploads\/usu1565\/2024\/02\/IMG_2662.jpg 1024w\" sizes=\"auto, (max-width: 437px) 100vw, 437px\" \/><\/a><\/p>\n<p>VA SER UN MOMENT FANT\u00c0STIC DE TRANSMISSI\u00d3 DE CONEIXEMENT ENTRE GRANS I PETITS.<\/p>\n<p>&nbsp;<\/p>\n<p>&nbsp;<\/p>\n","protected":false},"excerpt":{"rendered":"<p>A LA CLASSE DE L&#8217;ALIMENTACI\u00d3 SALUDABLE HEM TANCAT EL PROJECTE DELS CARGOLS. ABANS DE LES VACANCES D&#8217;HIVERN, VAM DEMANAR AJUDA ALS ALUMNES DE 5\u00e8.<br \/>\nHAV\u00cdEM DESCOBERT QUE EL COR DELS CARGOLS NO ERA COM EL NOSTRE, I AIX\u00d2 VA FER QUE ENS PLANTEG\u00c9SSIM ALGUNES PREGUNTES SOBRE&hellip;  <a href=\"https:\/\/agora.xtec.cat\/escolapauvila\/general\/finalitzem-el-projecte-dels-cargols\/\" title=\"Read FINALITZEM EL PROJECTE DELS CARGOLS\">Llegeix m\u00e9s\u00bb<\/a><\/p>\n","protected":false},"author":60,"featured_media":10298,"comment_status":"open","ping_status":"closed","sticky":false,"template":"","format":"standard","meta":{"_bbp_topic_count":0,"_bbp_reply_count":0,"_bbp_total_topic_count":0,"_bbp_total_reply_count":0,"_bbp_voice_count":0,"_bbp_anonymous_reply_count":0,"_bbp_topic_count_hidden":0,"_bbp_reply_count_hidden":0,"_bbp_forum_subforum_count":0,"footnotes":""},"categories":[14,61,2,9,1,4,166],"tags":[376,329,321,375,254],"class_list":["post-10293","post","type-post","status-publish","format-standard","has-post-thumbnail","hentry","category-5e","category-grans","category-petits","category-ei5","category-general","category-portada","category-projecte-educatiu","tag-5e2023-24","tag-ei5a23-24","tag-la-classe-de-lalimentacio-saludable","tag-nascuts-2012","tag-nascuts-2018"],"post_mailing_queue_ids":[],"_links":{"self":[{"href":"https:\/\/agora.xtec.cat\/escolapauvila\/wp-json\/wp\/v2\/posts\/10293","targetHints":{"allow":["GET"]}}],"collection":[{"href":"https:\/\/agora.xtec.cat\/escolapauvila\/wp-json\/wp\/v2\/posts"}],"about":[{"href":"https:\/\/agora.xtec.cat\/escolapauvila\/wp-json\/wp\/v2\/types\/post"}],"author":[{"embeddable":true,"href":"https:\/\/agora.xtec.cat\/escolapauvila\/wp-json\/wp\/v2\/users\/60"}],"replies":[{"embeddable":true,"href":"https:\/\/agora.xtec.cat\/escolapauvila\/wp-json\/wp\/v2\/comments?post=10293"}],"version-history":[{"count":3,"href":"https:\/\/agora.xtec.cat\/escolapauvila\/wp-json\/wp\/v2\/posts\/10293\/revisions"}],"predecessor-version":[{"id":10301,"href":"https:\/\/agora.xtec.cat\/escolapauvila\/wp-json\/wp\/v2\/posts\/10293\/revisions\/10301"}],"wp:featuredmedia":[{"embeddable":true,"href":"https:\/\/agora.xtec.cat\/escolapauvila\/wp-json\/wp\/v2\/media\/10298"}],"wp:attachment":[{"href":"https:\/\/agora.xtec.cat\/escolapauvila\/wp-json\/wp\/v2\/media?parent=10293"}],"wp:term":[{"taxonomy":"category","embeddable":true,"href":"https:\/\/agora.xtec.cat\/escolapauvila\/wp-json\/wp\/v2\/categories?post=10293"},{"taxonomy":"post_tag","embeddable":true,"href":"https:\/\/agora.xtec.cat\/escolapauvila\/wp-json\/wp\/v2\/tags?post=10293"}],"curies":[{"name":"wp","href":"https:\/\/api.w.org\/{rel}","templated":true}]}}