{"id":10281,"date":"2024-02-07T09:07:04","date_gmt":"2024-02-07T08:07:04","guid":{"rendered":"https:\/\/agora.xtec.cat\/escolapauvila\/?p=10281"},"modified":"2024-02-07T10:15:51","modified_gmt":"2024-02-07T09:15:51","slug":"jornada-de-portes-obertes","status":"publish","type":"post","link":"https:\/\/agora.xtec.cat\/escolapauvila\/portada\/jornada-de-portes-obertes\/","title":{"rendered":"Jornada de Portes Obertes"},"content":{"rendered":"<p><span style=\"color: #000000; font-family: tahoma, sans-serif; font-size: large;\">El pr\u00f2xim dimecres <b>28 de febrer<\/b> tenim prevista la Jornada de Portes Obertes de l&#8217;Escola. Si vols con\u00e8ixer el nostre Projecte Educatiu cal que facis la inscripci\u00f3 en el <a style=\"color: #000000;\" href=\"https:\/\/docs.google.com\/forms\/d\/e\/1FAIpQLScCi4r0-BajAbJygwJjJfBTlERRDyAM5He9yogL85JsfYgdHg\/viewform?usp=sf_link\">seg\u00fcent formulari.<\/a><\/span><\/p>\n<div>\n<div><span style=\"color: #000000; font-family: tahoma, sans-serif; font-size: large;\">T&#8217;hi esperem!<\/span><\/div>\n<div><\/div>\n<div><a href=\"https:\/\/agora.xtec.cat\/escolapauvila\/wp-content\/uploads\/usu1565\/2024\/02\/CARTELLS-PORTES-OBERTES.jpg\"><img loading=\"lazy\" decoding=\"async\" class=\"aligncenter wp-image-10289\" src=\"https:\/\/agora.xtec.cat\/escolapauvila\/wp-content\/uploads\/usu1565\/2024\/02\/CARTELLS-PORTES-OBERTES-724x1024.jpg\" alt=\"\" width=\"521\" height=\"737\" srcset=\"https:\/\/agora.xtec.cat\/escolapauvila\/wp-content\/uploads\/usu1565\/2024\/02\/CARTELLS-PORTES-OBERTES-724x1024.jpg 724w, https:\/\/agora.xtec.cat\/escolapauvila\/wp-content\/uploads\/usu1565\/2024\/02\/CARTELLS-PORTES-OBERTES-212x300.jpg 212w, https:\/\/agora.xtec.cat\/escolapauvila\/wp-content\/uploads\/usu1565\/2024\/02\/CARTELLS-PORTES-OBERTES-768x1086.jpg 768w, https:\/\/agora.xtec.cat\/escolapauvila\/wp-content\/uploads\/usu1565\/2024\/02\/CARTELLS-PORTES-OBERTES-1086x1536.jpg 1086w, https:\/\/agora.xtec.cat\/escolapauvila\/wp-content\/uploads\/usu1565\/2024\/02\/CARTELLS-PORTES-OBERTES-1448x2048.jpg 1448w, https:\/\/agora.xtec.cat\/escolapauvila\/wp-content\/uploads\/usu1565\/2024\/02\/CARTELLS-PORTES-OBERTES.jpg 1587w\" sizes=\"auto, (max-width: 521px) 100vw, 521px\" \/><\/a><\/div>\n<\/div>\n","protected":false},"excerpt":{"rendered":"<p>El pr\u00f2xim dimecres 28 de febrer tenim prevista la Jornada de Portes Obertes de l&#8217;Escola. Si vols con\u00e8ixer el nostre Projecte Educatiu cal que facis la inscripci\u00f3 en el <a style=\"color: #000000;\" href=\"https:\/\/docs.google.com\/forms\/d\/e\/1FAIpQLScCi4r0-BajAbJygwJjJfBTlERRDyAM5He9yogL85JsfYgdHg\/viewform?usp=sf_link\">seg\u00fcent formulari.<\/a><\/p>\n<p>T&#8217;hi esperem!<\/p>\n<p><a href=\"https:\/\/agora.xtec.cat\/escolapauvila\/wp-content\/uploads\/usu1565\/2024\/02\/CARTELLS-PORTES-OBERTES.jpg\"><\/a><\/p>\n","protected":false},"author":1,"featured_media":10282,"comment_status":"open","ping_status":"closed","sticky":false,"template":"","format":"standard","meta":{"_bbp_topic_count":0,"_bbp_reply_count":0,"_bbp_total_topic_count":0,"_bbp_total_reply_count":0,"_bbp_voice_count":0,"_bbp_anonymous_reply_count":0,"_bbp_topic_count_hidden":0,"_bbp_reply_count_hidden":0,"_bbp_forum_subforum_count":0,"footnotes":""},"categories":[4,374],"tags":[372],"class_list":["post-10281","post","type-post","status-publish","format-standard","has-post-thumbnail","hentry","category-portada","category-preinscripcio-24-25","tag-preinscripcio-24-25"],"post_mailing_queue_ids":[],"_links":{"self":[{"href":"https:\/\/agora.xtec.cat\/escolapauvila\/wp-json\/wp\/v2\/posts\/10281","targetHints":{"allow":["GET"]}}],"collection":[{"href":"https:\/\/agora.xtec.cat\/escolapauvila\/wp-json\/wp\/v2\/posts"}],"about":[{"href":"https:\/\/agora.xtec.cat\/escolapauvila\/wp-json\/wp\/v2\/types\/post"}],"author":[{"embeddable":true,"href":"https:\/\/agora.xtec.cat\/escolapauvila\/wp-json\/wp\/v2\/users\/1"}],"replies":[{"embeddable":true,"href":"https:\/\/agora.xtec.cat\/escolapauvila\/wp-json\/wp\/v2\/comments?post=10281"}],"version-history":[{"count":4,"href":"https:\/\/agora.xtec.cat\/escolapauvila\/wp-json\/wp\/v2\/posts\/10281\/revisions"}],"predecessor-version":[{"id":10292,"href":"https:\/\/agora.xtec.cat\/escolapauvila\/wp-json\/wp\/v2\/posts\/10281\/revisions\/10292"}],"wp:featuredmedia":[{"embeddable":true,"href":"https:\/\/agora.xtec.cat\/escolapauvila\/wp-json\/wp\/v2\/media\/10282"}],"wp:attachment":[{"href":"https:\/\/agora.xtec.cat\/escolapauvila\/wp-json\/wp\/v2\/media?parent=10281"}],"wp:term":[{"taxonomy":"category","embeddable":true,"href":"https:\/\/agora.xtec.cat\/escolapauvila\/wp-json\/wp\/v2\/categories?post=10281"},{"taxonomy":"post_tag","embeddable":true,"href":"https:\/\/agora.xtec.cat\/escolapauvila\/wp-json\/wp\/v2\/tags?post=10281"}],"curies":[{"name":"wp","href":"https:\/\/api.w.org\/{rel}","templated":true}]}}