{"id":10174,"date":"2024-01-22T12:49:10","date_gmt":"2024-01-22T11:49:10","guid":{"rendered":"https:\/\/agora.xtec.cat\/escolapauvila\/?p=10174"},"modified":"2024-01-22T12:49:10","modified_gmt":"2024-01-22T11:49:10","slug":"dia-escolar-de-la-no-violencia-i-la-pau","status":"publish","type":"post","link":"https:\/\/agora.xtec.cat\/escolapauvila\/portada\/dia-escolar-de-la-no-violencia-i-la-pau\/","title":{"rendered":"Dia Escolar de la No Viol\u00e8ncia i la Pau"},"content":{"rendered":"<div>El pr\u00f2xim dimarts\u00a0<b>30 de gener<\/b>\u00a0se celebra el\u00a0<b>Dia Internacional Escolar de la No Viol\u00e8ncia i la Pau<\/b>. A Esparreguera, des de l&#8217;any passat, celebrem una trobada de tots els centres educatius per conscienciar l&#8217;alumnat al voltant de valors com el respecte, la toler\u00e0ncia i l&#8217;ajuda als necessitats. Hi participa tot l&#8217;alumnat de cinqu\u00e8 de prim\u00e0ria i quart de secund\u00e0ria.<\/div>\n<div><\/div>\n<div>Us convidem a assistir a la\u00a0<b>pla\u00e7a del Centre, a les 10:30 del mat\u00ed,<\/b>\u00a0a aquesta celebraci\u00f3. Es presentaran treballs sobre els camps de refugiats de la postguerra, i s&#8217;interpretar\u00e0 el cant &#8220;A la joventut&#8221;.<\/div>\n<div><\/div>\n<div><\/div>\n<div>Us hi esperem!<\/div>\n<div><img loading=\"lazy\" decoding=\"async\" class=\"alignnone size-full wp-image-10175\" src=\"https:\/\/agora.xtec.cat\/escolapauvila\/wp-content\/uploads\/usu1565\/2024\/01\/Dia-de-la-Pau.jpg\" alt=\"\" width=\"702\" height=\"1024\" srcset=\"https:\/\/agora.xtec.cat\/escolapauvila\/wp-content\/uploads\/usu1565\/2024\/01\/Dia-de-la-Pau.jpg 702w, https:\/\/agora.xtec.cat\/escolapauvila\/wp-content\/uploads\/usu1565\/2024\/01\/Dia-de-la-Pau-206x300.jpg 206w\" sizes=\"auto, (max-width: 702px) 100vw, 702px\" \/><\/div>\n","protected":false},"excerpt":{"rendered":"<p>El pr\u00f2xim dimarts\u00a030 de gener\u00a0se celebra el\u00a0Dia Internacional Escolar de la No Viol\u00e8ncia i la Pau. A Esparreguera, des de l&#8217;any passat, celebrem una trobada de tots els centres educatius per conscienciar l&#8217;alumnat al voltant de valors com el respecte, la toler\u00e0ncia i l&#8217;ajuda als&hellip;  <a href=\"https:\/\/agora.xtec.cat\/escolapauvila\/portada\/dia-escolar-de-la-no-violencia-i-la-pau\/\" title=\"Read Dia Escolar de la No Viol\u00e8ncia i la Pau\">Llegeix m\u00e9s\u00bb<\/a><\/p>\n","protected":false},"author":1,"featured_media":10175,"comment_status":"open","ping_status":"closed","sticky":false,"template":"","format":"standard","meta":{"_bbp_topic_count":0,"_bbp_reply_count":0,"_bbp_total_topic_count":0,"_bbp_total_reply_count":0,"_bbp_voice_count":0,"_bbp_anonymous_reply_count":0,"_bbp_topic_count_hidden":0,"_bbp_reply_count_hidden":0,"_bbp_forum_subforum_count":0,"footnotes":""},"categories":[14,61,344,345,4],"tags":[343,297],"class_list":["post-10174","post","type-post","status-publish","format-standard","has-post-thumbnail","hentry","category-5e","category-grans","category-creixemcuidant","category-eix","category-portada","tag-creixemcuidant","tag-dia-de-la-pau"],"post_mailing_queue_ids":[],"_links":{"self":[{"href":"https:\/\/agora.xtec.cat\/escolapauvila\/wp-json\/wp\/v2\/posts\/10174","targetHints":{"allow":["GET"]}}],"collection":[{"href":"https:\/\/agora.xtec.cat\/escolapauvila\/wp-json\/wp\/v2\/posts"}],"about":[{"href":"https:\/\/agora.xtec.cat\/escolapauvila\/wp-json\/wp\/v2\/types\/post"}],"author":[{"embeddable":true,"href":"https:\/\/agora.xtec.cat\/escolapauvila\/wp-json\/wp\/v2\/users\/1"}],"replies":[{"embeddable":true,"href":"https:\/\/agora.xtec.cat\/escolapauvila\/wp-json\/wp\/v2\/comments?post=10174"}],"version-history":[{"count":1,"href":"https:\/\/agora.xtec.cat\/escolapauvila\/wp-json\/wp\/v2\/posts\/10174\/revisions"}],"predecessor-version":[{"id":10176,"href":"https:\/\/agora.xtec.cat\/escolapauvila\/wp-json\/wp\/v2\/posts\/10174\/revisions\/10176"}],"wp:featuredmedia":[{"embeddable":true,"href":"https:\/\/agora.xtec.cat\/escolapauvila\/wp-json\/wp\/v2\/media\/10175"}],"wp:attachment":[{"href":"https:\/\/agora.xtec.cat\/escolapauvila\/wp-json\/wp\/v2\/media?parent=10174"}],"wp:term":[{"taxonomy":"category","embeddable":true,"href":"https:\/\/agora.xtec.cat\/escolapauvila\/wp-json\/wp\/v2\/categories?post=10174"},{"taxonomy":"post_tag","embeddable":true,"href":"https:\/\/agora.xtec.cat\/escolapauvila\/wp-json\/wp\/v2\/tags?post=10174"}],"curies":[{"name":"wp","href":"https:\/\/api.w.org\/{rel}","templated":true}]}}