{"id":10162,"date":"2024-02-02T08:56:02","date_gmt":"2024-02-02T07:56:02","guid":{"rendered":"https:\/\/agora.xtec.cat\/escolapauvila\/?p=10162"},"modified":"2024-01-31T12:14:04","modified_gmt":"2024-01-31T11:14:04","slug":"segona-ronda-de-racons-2","status":"publish","type":"post","link":"https:\/\/agora.xtec.cat\/escolapauvila\/general\/segona-ronda-de-racons-2\/","title":{"rendered":"SEGONA RONDA DE RACONS"},"content":{"rendered":"<p>Hola nenes, nens i fam\u00edlies!<\/p>\n<p>Comencem nova ronda de racons! En aquesta ocasi\u00f3, tamb\u00e9 n&#8217;hem fet 6 per poder realitzar les propostes en grups m\u00e9s redu\u00efts. Aqu\u00ed us deixem una explicaci\u00f3 sobre all\u00f2 que anirem fent en aquestes estones. Podeu veure algunes fotos del material de cada rac\u00f3!<\/p>\n<p>&#8211; RAC\u00d3 MATEM\u00c0TIC: &#8220;Rellotges&#8221;. Aquest rac\u00f3 ens ajudar\u00e0 a aprofundir en el coneixement de les diferents hores. Podrem practicar amb els diferents rellotges per aix\u00ed comprendre la relaci\u00f3 entre els rellotges anal\u00f2gics i digitals, tamb\u00e9 aprofitarem per escriure les hores, aix\u00ed com per ordenar i mesurar el pas del temps en hores, quarts d&#8217;hora i mitges hores.<\/p>\n<p><a href=\"https:\/\/agora.xtec.cat\/escolapauvila\/wp-content\/uploads\/usu1565\/2024\/01\/IMG_1147.jpg\"><img loading=\"lazy\" decoding=\"async\" class=\"wp-image-10167 aligncenter\" src=\"https:\/\/agora.xtec.cat\/escolapauvila\/wp-content\/uploads\/usu1565\/2024\/01\/IMG_1147-1024x768.jpg\" alt=\"\" width=\"299\" height=\"224\" srcset=\"https:\/\/agora.xtec.cat\/escolapauvila\/wp-content\/uploads\/usu1565\/2024\/01\/IMG_1147-1024x768.jpg 1024w, https:\/\/agora.xtec.cat\/escolapauvila\/wp-content\/uploads\/usu1565\/2024\/01\/IMG_1147-300x225.jpg 300w, https:\/\/agora.xtec.cat\/escolapauvila\/wp-content\/uploads\/usu1565\/2024\/01\/IMG_1147-768x576.jpg 768w, https:\/\/agora.xtec.cat\/escolapauvila\/wp-content\/uploads\/usu1565\/2024\/01\/IMG_1147-1536x1152.jpg 1536w, https:\/\/agora.xtec.cat\/escolapauvila\/wp-content\/uploads\/usu1565\/2024\/01\/IMG_1147-200x150.jpg 200w, https:\/\/agora.xtec.cat\/escolapauvila\/wp-content\/uploads\/usu1565\/2024\/01\/IMG_1147.jpg 2016w\" sizes=\"auto, (max-width: 299px) 100vw, 299px\" \/><\/a><\/p>\n<p>&#8211; RAC\u00d3 LING\u00dc\u00cdSTIC: &#8220;Playmobils&#8221;. A partir de la creaci\u00f3 d&#8217;una escena amb els diferents ninos, elaborarem un di\u00e0leg per aix\u00ed avan\u00e7ar en l&#8217;escriptura de textos. Una vegada realitzat el di\u00e0leg, assajarem l&#8217;escena per tal de fer la representaci\u00f3.<\/p>\n<p><a href=\"https:\/\/agora.xtec.cat\/escolapauvila\/wp-content\/uploads\/usu1565\/2024\/01\/IMG_1145.jpg\"><img loading=\"lazy\" decoding=\"async\" class=\"wp-image-10165 aligncenter\" src=\"https:\/\/agora.xtec.cat\/escolapauvila\/wp-content\/uploads\/usu1565\/2024\/01\/IMG_1145-1024x768.jpg\" alt=\"\" width=\"284\" height=\"213\" srcset=\"https:\/\/agora.xtec.cat\/escolapauvila\/wp-content\/uploads\/usu1565\/2024\/01\/IMG_1145-1024x768.jpg 1024w, https:\/\/agora.xtec.cat\/escolapauvila\/wp-content\/uploads\/usu1565\/2024\/01\/IMG_1145-300x225.jpg 300w, https:\/\/agora.xtec.cat\/escolapauvila\/wp-content\/uploads\/usu1565\/2024\/01\/IMG_1145-768x576.jpg 768w, https:\/\/agora.xtec.cat\/escolapauvila\/wp-content\/uploads\/usu1565\/2024\/01\/IMG_1145-1536x1152.jpg 1536w, https:\/\/agora.xtec.cat\/escolapauvila\/wp-content\/uploads\/usu1565\/2024\/01\/IMG_1145-200x150.jpg 200w, https:\/\/agora.xtec.cat\/escolapauvila\/wp-content\/uploads\/usu1565\/2024\/01\/IMG_1145.jpg 2016w\" sizes=\"auto, (max-width: 284px) 100vw, 284px\" \/><\/a><\/p>\n<p>&#8211; RAC\u00d3 TAC I LING\u00dc\u00cdSTIC: &#8220;Processador de textos&#8221;. Aquest rac\u00f3 ens endinsar\u00e0 en el m\u00f3n dels ordinadors. Comen\u00e7arem a familiaritzar-nos amb l&#8217;escriptura als Documents de Google per tal d&#8217;anar agafant pr\u00e0ctica i utilitzant les diferents eines que ens proporciona. A les instruccions del rac\u00f3 haurem d&#8217;anar comprenent all\u00f2 que llegim per tal de seguir els passos donats i anar fent els canvis necessaris en els nostres textos. \u00c9s important que, des de casa, comencem a anar entrant al Drive per poder agilitzar l&#8217;acc\u00e9s utilitzant la direcci\u00f3 de mail i la contrasenya.<\/p>\n<p><a href=\"https:\/\/agora.xtec.cat\/escolapauvila\/wp-content\/uploads\/usu1565\/2024\/01\/IMG_1150.jpg\"><img loading=\"lazy\" decoding=\"async\" class=\"wp-image-10170 aligncenter\" src=\"https:\/\/agora.xtec.cat\/escolapauvila\/wp-content\/uploads\/usu1565\/2024\/01\/IMG_1150-1024x768.jpg\" alt=\"\" width=\"279\" height=\"209\" srcset=\"https:\/\/agora.xtec.cat\/escolapauvila\/wp-content\/uploads\/usu1565\/2024\/01\/IMG_1150-1024x768.jpg 1024w, https:\/\/agora.xtec.cat\/escolapauvila\/wp-content\/uploads\/usu1565\/2024\/01\/IMG_1150-300x225.jpg 300w, https:\/\/agora.xtec.cat\/escolapauvila\/wp-content\/uploads\/usu1565\/2024\/01\/IMG_1150-768x576.jpg 768w, https:\/\/agora.xtec.cat\/escolapauvila\/wp-content\/uploads\/usu1565\/2024\/01\/IMG_1150-1536x1152.jpg 1536w, https:\/\/agora.xtec.cat\/escolapauvila\/wp-content\/uploads\/usu1565\/2024\/01\/IMG_1150-200x150.jpg 200w, https:\/\/agora.xtec.cat\/escolapauvila\/wp-content\/uploads\/usu1565\/2024\/01\/IMG_1150.jpg 2016w\" sizes=\"auto, (max-width: 279px) 100vw, 279px\" \/><\/a><br \/>\n&#8211; RAC\u00d3 MATEM\u00c0TIC: &#8220;Al mercat&#8221;. \u00c9s important anar coneixent el sistema monetari que utilitzem, per aix\u00f2, aprofitarem per fer la compra al mercat i fer operacions per tal d&#8217;identificar el preu total de la nostra compra. Farem \u00fas de bitllets i monedes, per realitzar c\u00e0lculs amb diferents quantitats d&#8217;euros i c\u00e8ntims. Aquest rac\u00f3 ens facilitar\u00e0 el pagament de compres i, fins i tot, la comprovaci\u00f3 del canvi a l&#8217;hora de pagar amb diferents bitllets.<\/p>\n<p><a href=\"https:\/\/agora.xtec.cat\/escolapauvila\/wp-content\/uploads\/usu1565\/2024\/01\/IMG_1148.jpg\"><img loading=\"lazy\" decoding=\"async\" class=\"wp-image-10168 aligncenter\" src=\"https:\/\/agora.xtec.cat\/escolapauvila\/wp-content\/uploads\/usu1565\/2024\/01\/IMG_1148-1024x768.jpg\" alt=\"\" width=\"303\" height=\"227\" srcset=\"https:\/\/agora.xtec.cat\/escolapauvila\/wp-content\/uploads\/usu1565\/2024\/01\/IMG_1148-1024x768.jpg 1024w, https:\/\/agora.xtec.cat\/escolapauvila\/wp-content\/uploads\/usu1565\/2024\/01\/IMG_1148-300x225.jpg 300w, https:\/\/agora.xtec.cat\/escolapauvila\/wp-content\/uploads\/usu1565\/2024\/01\/IMG_1148-768x576.jpg 768w, https:\/\/agora.xtec.cat\/escolapauvila\/wp-content\/uploads\/usu1565\/2024\/01\/IMG_1148-1536x1152.jpg 1536w, https:\/\/agora.xtec.cat\/escolapauvila\/wp-content\/uploads\/usu1565\/2024\/01\/IMG_1148-200x150.jpg 200w, https:\/\/agora.xtec.cat\/escolapauvila\/wp-content\/uploads\/usu1565\/2024\/01\/IMG_1148.jpg 2016w\" sizes=\"auto, (max-width: 303px) 100vw, 303px\" \/><\/a><\/p>\n<p>&#8211; RAC\u00d3 ART\u00cdSTIC I LING\u00da\u00cdSTIC: &#8220;Imatges artistes&#8221;. Farem d&#8217;artistes. Aprofitarem diferents obres d&#8217;autores i autors per reproduir all\u00f2 que creiem, \u00e9s a dir, en un primer moment, llegirem un text amb una explicaci\u00f3 sobre la t\u00e8cnica que fa servir una pintora o un pintor, per\u00f2 sense mirar el seu quadre. Llavors, nosaltres crearem una obra segons el que ens imaginem despr\u00e9s de llegir el text per m\u00e9s tard observar l&#8217;obra, fer una comparaci\u00f3 i una valoraci\u00f3 del nostre resultat. Utilitzarem diversos materials com aquarel\u00b7les, ceres, colors, papers&#8230;<\/p>\n<p><a href=\"https:\/\/agora.xtec.cat\/escolapauvila\/wp-content\/uploads\/usu1565\/2024\/01\/IMG_1149.jpg\"><img loading=\"lazy\" decoding=\"async\" class=\"wp-image-10169 aligncenter\" src=\"https:\/\/agora.xtec.cat\/escolapauvila\/wp-content\/uploads\/usu1565\/2024\/01\/IMG_1149-1024x768.jpg\" alt=\"\" width=\"290\" height=\"217\" srcset=\"https:\/\/agora.xtec.cat\/escolapauvila\/wp-content\/uploads\/usu1565\/2024\/01\/IMG_1149-1024x768.jpg 1024w, https:\/\/agora.xtec.cat\/escolapauvila\/wp-content\/uploads\/usu1565\/2024\/01\/IMG_1149-300x225.jpg 300w, https:\/\/agora.xtec.cat\/escolapauvila\/wp-content\/uploads\/usu1565\/2024\/01\/IMG_1149-768x576.jpg 768w, https:\/\/agora.xtec.cat\/escolapauvila\/wp-content\/uploads\/usu1565\/2024\/01\/IMG_1149-1536x1152.jpg 1536w, https:\/\/agora.xtec.cat\/escolapauvila\/wp-content\/uploads\/usu1565\/2024\/01\/IMG_1149-200x150.jpg 200w, https:\/\/agora.xtec.cat\/escolapauvila\/wp-content\/uploads\/usu1565\/2024\/01\/IMG_1149.jpg 2016w\" sizes=\"auto, (max-width: 290px) 100vw, 290px\" \/><\/a><\/p>\n<p>&#8211; RAC\u00d3 ART\u00cdSTIC: &#8220;The OffBits&#8221;. Amb una maleta amb diferents eines, anirem creant uns robots. \u00c9s un rac\u00f3 que ens ajudar\u00e0 a utilitzar el tornav\u00eds, cargols&#8230; i un munt de peces per poder assolir el nostre objectiu. Manipularem els diferents materials, haurem de fer \u00fas i comprendre les instruccions donades per reproduir el model i, sobretot, cuidarem la maleta per tal de conservar aquest material tan interessant.<a href=\"https:\/\/agora.xtec.cat\/escolapauvila\/wp-content\/uploads\/usu1565\/2024\/01\/IMG_1146-rotated.jpg\"><img loading=\"lazy\" decoding=\"async\" class=\"wp-image-10166 aligncenter\" src=\"https:\/\/agora.xtec.cat\/escolapauvila\/wp-content\/uploads\/usu1565\/2024\/01\/IMG_1146-768x1024.jpg\" alt=\"\" width=\"215\" height=\"287\" srcset=\"https:\/\/agora.xtec.cat\/escolapauvila\/wp-content\/uploads\/usu1565\/2024\/01\/IMG_1146-768x1024.jpg 768w, https:\/\/agora.xtec.cat\/escolapauvila\/wp-content\/uploads\/usu1565\/2024\/01\/IMG_1146-225x300.jpg 225w, https:\/\/agora.xtec.cat\/escolapauvila\/wp-content\/uploads\/usu1565\/2024\/01\/IMG_1146-1152x1536.jpg 1152w, https:\/\/agora.xtec.cat\/escolapauvila\/wp-content\/uploads\/usu1565\/2024\/01\/IMG_1146-rotated.jpg 1512w\" sizes=\"auto, (max-width: 215px) 100vw, 215px\" \/><\/a><\/p>\n<p><strong><em>Entreu al Classroom de la vostra aula per veure m\u00e9s fotos.<\/em><\/strong><\/p>\n","protected":false},"excerpt":{"rendered":"<p>Hola nenes, nens i fam\u00edlies!<br \/>\nComencem nova ronda de racons! En aquesta ocasi\u00f3, tamb\u00e9 n&#8217;hem fet 6 per poder realitzar les propostes en grups m\u00e9s redu\u00efts. Aqu\u00ed us deixem una explicaci\u00f3 sobre all\u00f2 que anirem fent en aquestes estones. Podeu veure algunes fotos del material de&hellip;  <a href=\"https:\/\/agora.xtec.cat\/escolapauvila\/general\/segona-ronda-de-racons-2\/\" title=\"Read SEGONA RONDA DE RACONS\">Llegeix m\u00e9s\u00bb<\/a><\/p>\n","protected":false},"author":1,"featured_media":10166,"comment_status":"open","ping_status":"closed","sticky":false,"template":"","format":"standard","meta":{"_bbp_topic_count":0,"_bbp_reply_count":0,"_bbp_total_topic_count":0,"_bbp_total_reply_count":0,"_bbp_voice_count":0,"_bbp_anonymous_reply_count":0,"_bbp_topic_count_hidden":0,"_bbp_reply_count_hidden":0,"_bbp_forum_subforum_count":0,"footnotes":""},"categories":[12,5,1],"tags":[320,230,108],"class_list":["post-10162","post","type-post","status-publish","format-standard","has-post-thumbnail","hentry","category-3r","category-mitjans","category-general","tag-3r-23-24","tag-comunitat-mitjans","tag-nascuts2015"],"post_mailing_queue_ids":[],"_links":{"self":[{"href":"https:\/\/agora.xtec.cat\/escolapauvila\/wp-json\/wp\/v2\/posts\/10162","targetHints":{"allow":["GET"]}}],"collection":[{"href":"https:\/\/agora.xtec.cat\/escolapauvila\/wp-json\/wp\/v2\/posts"}],"about":[{"href":"https:\/\/agora.xtec.cat\/escolapauvila\/wp-json\/wp\/v2\/types\/post"}],"author":[{"embeddable":true,"href":"https:\/\/agora.xtec.cat\/escolapauvila\/wp-json\/wp\/v2\/users\/1"}],"replies":[{"embeddable":true,"href":"https:\/\/agora.xtec.cat\/escolapauvila\/wp-json\/wp\/v2\/comments?post=10162"}],"version-history":[{"count":5,"href":"https:\/\/agora.xtec.cat\/escolapauvila\/wp-json\/wp\/v2\/posts\/10162\/revisions"}],"predecessor-version":[{"id":10173,"href":"https:\/\/agora.xtec.cat\/escolapauvila\/wp-json\/wp\/v2\/posts\/10162\/revisions\/10173"}],"wp:featuredmedia":[{"embeddable":true,"href":"https:\/\/agora.xtec.cat\/escolapauvila\/wp-json\/wp\/v2\/media\/10166"}],"wp:attachment":[{"href":"https:\/\/agora.xtec.cat\/escolapauvila\/wp-json\/wp\/v2\/media?parent=10162"}],"wp:term":[{"taxonomy":"category","embeddable":true,"href":"https:\/\/agora.xtec.cat\/escolapauvila\/wp-json\/wp\/v2\/categories?post=10162"},{"taxonomy":"post_tag","embeddable":true,"href":"https:\/\/agora.xtec.cat\/escolapauvila\/wp-json\/wp\/v2\/tags?post=10162"}],"curies":[{"name":"wp","href":"https:\/\/api.w.org\/{rel}","templated":true}]}}