{"id":10157,"date":"2024-01-16T13:57:43","date_gmt":"2024-01-16T12:57:43","guid":{"rendered":"https:\/\/agora.xtec.cat\/escolapauvila\/?p=10157"},"modified":"2024-01-16T13:57:43","modified_gmt":"2024-01-16T12:57:43","slug":"xocolatada-solstici-dhivern","status":"publish","type":"post","link":"https:\/\/agora.xtec.cat\/escolapauvila\/general\/xocolatada-solstici-dhivern\/","title":{"rendered":"XOCOLATADA SOLSTICI D&#8217;HIVERN"},"content":{"rendered":"<p>El passat 15 de desembre vam celebrar el solstici d&#8217;hivern amb la tradicional Xocolatada. Aquest any l&#8217;eix d&#8217;escola \u00e9s \u201cCreixem cuidant\u201d i per aix\u00f2 hem volgut cuidar i ajudar alg\u00fa proper. Vam fer una recollida de fons per a Llerre by Jordi. En Jordi \u00e9s el fill d&#8217;una extreballadora de l&#8217;escola i t\u00e9 una malaltia rara. Per aquest motiu van crear aquest projecte amb l&#8217;objectiu de recaptar fons per la investigaci\u00f3 d&#8217;aquest tipus malalties.<\/p>\n<p>La tarda va comen\u00e7ar amb un discurs dels delegats i delegades. Ens van presentar els noms de les aules, els lemes escollits i la decoraci\u00f3 de la porta de cada grup. <a href=\"https:\/\/agora.xtec.cat\/escolapauvila\/wp-content\/uploads\/usu1565\/2024\/01\/IMG_5054.jpg\"><img loading=\"lazy\" decoding=\"async\" class=\"alignnone size-large wp-image-10158\" src=\"https:\/\/agora.xtec.cat\/escolapauvila\/wp-content\/uploads\/usu1565\/2024\/01\/IMG_5054-1024x768.jpg\" alt=\"\" width=\"1024\" height=\"768\" srcset=\"https:\/\/agora.xtec.cat\/escolapauvila\/wp-content\/uploads\/usu1565\/2024\/01\/IMG_5054-1024x768.jpg 1024w, https:\/\/agora.xtec.cat\/escolapauvila\/wp-content\/uploads\/usu1565\/2024\/01\/IMG_5054-300x225.jpg 300w, https:\/\/agora.xtec.cat\/escolapauvila\/wp-content\/uploads\/usu1565\/2024\/01\/IMG_5054-768x576.jpg 768w, https:\/\/agora.xtec.cat\/escolapauvila\/wp-content\/uploads\/usu1565\/2024\/01\/IMG_5054-200x150.jpg 200w, https:\/\/agora.xtec.cat\/escolapauvila\/wp-content\/uploads\/usu1565\/2024\/01\/IMG_5054.jpg 1378w\" sizes=\"auto, (max-width: 1024px) 100vw, 1024px\" \/><\/a><\/p>\n<p>Tot seguit, tota la comunitat vam cantar la can\u00e7\u00f3 \u201cTens un amic\u201d de Gossos:<\/p>\n<p><iframe loading=\"lazy\" title=\"&quot;Tens un amic&quot; Gossos (lletra)\" width=\"500\" height=\"281\" src=\"https:\/\/www.youtube.com\/embed\/V1wJhlwg34k?feature=oembed\" frameborder=\"0\" allow=\"accelerometer; autoplay; clipboard-write; encrypted-media; gyroscope; picture-in-picture; web-share\" referrerpolicy=\"strict-origin-when-cross-origin\" allowfullscreen><\/iframe><\/p>\n<p>Despr\u00e9s, vam gaudir de la xocolata. Molt a prop, hi havia les guardioles destinades al recapte de fons. Es van recollir 412,50 euros!<\/p>\n<p><a href=\"https:\/\/agora.xtec.cat\/escolapauvila\/wp-content\/uploads\/usu1565\/2023\/12\/PHOTO-2023-12-18-15-56-13.jpg\"><img loading=\"lazy\" decoding=\"async\" class=\"alignnone size-full wp-image-10111\" src=\"https:\/\/agora.xtec.cat\/escolapauvila\/wp-content\/uploads\/usu1565\/2023\/12\/PHOTO-2023-12-18-15-56-13.jpg\" alt=\"\" width=\"754\" height=\"808\" srcset=\"https:\/\/agora.xtec.cat\/escolapauvila\/wp-content\/uploads\/usu1565\/2023\/12\/PHOTO-2023-12-18-15-56-13.jpg 754w, https:\/\/agora.xtec.cat\/escolapauvila\/wp-content\/uploads\/usu1565\/2023\/12\/PHOTO-2023-12-18-15-56-13-280x300.jpg 280w\" sizes=\"auto, (max-width: 754px) 100vw, 754px\" \/><\/a><\/p>\n<p>Moltes gr\u00e0cies per la vostra col\u00b7laboraci\u00f3, fam\u00edlies!<\/p>\n","protected":false},"excerpt":{"rendered":"<p>El passat 15 de desembre vam celebrar el solstici d&#8217;hivern amb la tradicional Xocolatada. Aquest any l&#8217;eix d&#8217;escola \u00e9s \u201cCreixem cuidant\u201d i per aix\u00f2 hem volgut cuidar i ajudar alg\u00fa proper. Vam fer una recollida de fons per a Llerre by Jordi. En Jordi \u00e9s&hellip;  <a href=\"https:\/\/agora.xtec.cat\/escolapauvila\/general\/xocolatada-solstici-dhivern\/\" title=\"Read XOCOLATADA SOLSTICI D&#8217;HIVERN\">Llegeix m\u00e9s\u00bb<\/a><\/p>\n","protected":false},"author":60,"featured_media":10158,"comment_status":"open","ping_status":"closed","sticky":false,"template":"","format":"standard","meta":{"_bbp_topic_count":0,"_bbp_reply_count":0,"_bbp_total_topic_count":0,"_bbp_total_reply_count":0,"_bbp_voice_count":0,"_bbp_anonymous_reply_count":0,"_bbp_topic_count_hidden":0,"_bbp_reply_count_hidden":0,"_bbp_forum_subforum_count":0,"footnotes":""},"categories":[344,345,1,4,166],"tags":[216,230,176,343],"class_list":["post-10157","post","type-post","status-publish","format-standard","has-post-thumbnail","hentry","category-creixemcuidant","category-eix","category-general","category-portada","category-projecte-educatiu","tag-comunitat-grans","tag-comunitat-mitjans","tag-comunitat-petites","tag-creixemcuidant"],"post_mailing_queue_ids":[],"_links":{"self":[{"href":"https:\/\/agora.xtec.cat\/escolapauvila\/wp-json\/wp\/v2\/posts\/10157","targetHints":{"allow":["GET"]}}],"collection":[{"href":"https:\/\/agora.xtec.cat\/escolapauvila\/wp-json\/wp\/v2\/posts"}],"about":[{"href":"https:\/\/agora.xtec.cat\/escolapauvila\/wp-json\/wp\/v2\/types\/post"}],"author":[{"embeddable":true,"href":"https:\/\/agora.xtec.cat\/escolapauvila\/wp-json\/wp\/v2\/users\/60"}],"replies":[{"embeddable":true,"href":"https:\/\/agora.xtec.cat\/escolapauvila\/wp-json\/wp\/v2\/comments?post=10157"}],"version-history":[{"count":3,"href":"https:\/\/agora.xtec.cat\/escolapauvila\/wp-json\/wp\/v2\/posts\/10157\/revisions"}],"predecessor-version":[{"id":10161,"href":"https:\/\/agora.xtec.cat\/escolapauvila\/wp-json\/wp\/v2\/posts\/10157\/revisions\/10161"}],"wp:featuredmedia":[{"embeddable":true,"href":"https:\/\/agora.xtec.cat\/escolapauvila\/wp-json\/wp\/v2\/media\/10158"}],"wp:attachment":[{"href":"https:\/\/agora.xtec.cat\/escolapauvila\/wp-json\/wp\/v2\/media?parent=10157"}],"wp:term":[{"taxonomy":"category","embeddable":true,"href":"https:\/\/agora.xtec.cat\/escolapauvila\/wp-json\/wp\/v2\/categories?post=10157"},{"taxonomy":"post_tag","embeddable":true,"href":"https:\/\/agora.xtec.cat\/escolapauvila\/wp-json\/wp\/v2\/tags?post=10157"}],"curies":[{"name":"wp","href":"https:\/\/api.w.org\/{rel}","templated":true}]}}