{"id":10152,"date":"2024-01-14T13:53:41","date_gmt":"2024-01-14T12:53:41","guid":{"rendered":"https:\/\/agora.xtec.cat\/escolapauvila\/?p=10152"},"modified":"2024-01-14T13:58:27","modified_gmt":"2024-01-14T12:58:27","slug":"preparacio-de-la-reunio-de-families","status":"publish","type":"post","link":"https:\/\/agora.xtec.cat\/escolapauvila\/general\/preparacio-de-la-reunio-de-families\/","title":{"rendered":"PREPARACI\u00d3 DE LA REUNI\u00d3 DE FAM\u00cdLIES"},"content":{"rendered":"<p>LES <span style=\"font-size: 20px;\"><strong><span style=\"color: #ff0000;\">C<\/span>AR\u00cdCIES<\/strong><\/span> I ELS <strong><span style=\"font-size: 20px;\"><span style=\"color: #ff0000;\">A<\/span>JUDANTS<\/span><\/strong> PREPAREN UN V\u00cdDEO<\/p>\n<p>EL DILLUNS VINDRAN LES FAM\u00cdLIES A UNA <strong>REUNI\u00d3 TEM\u00c0TICA<\/strong> PER INFORMAR-SE COM APRENEN <strong>LA LECTURA I L&#8217;ESCRIPTUR<\/strong>A ELS ALUMNES A L&#8217;ESCOLA.<\/p>\n<p>ELS ALUMNES HAN PREPARAT UN V\u00cdDEO PER LES SEVES FAM\u00cdLIES ON CAL PRACTICAR LA LECTURA I ESCRIPTURA ENTRE D&#8217;ALTRES HABILITATS.<\/p>\n<p>S&#8217;ORGANITZEN ELS GRUPS,\u00a0 BARREJANT-SE ELS INFANTS DEL NIVELL.<\/p>\n<p>EL GRUP PENSA UN NOM QUE ELS REPRESENTI I L&#8217;ESCRIUEN.<\/p>\n<p>LA FRASE QUE RECITARAN PEL V\u00cdDEO L&#8217;HAN D&#8217;ESCRIURE COOPERANT ENTRE TOTS I TOTES. S&#8217;AJUDEN PER ANAR TROBANT LES LLETRES QUE CORRESPONEN EL SO AMB LA GRAFIA. L&#8217;ESCRIPTURA QUE REALITZEN \u00c9S NATURAL, VOL DIR QUE ESCRIUEN LES PARAULES TAL I COM SONEN SENSE UTILITZAR LES NORMES ORTOGR\u00c0FIQUES.<\/p>\n<p><a href=\"https:\/\/agora.xtec.cat\/escolapauvila\/wp-content\/uploads\/usu1565\/2024\/01\/IMG_20240110_153517.jpg\"><img loading=\"lazy\" decoding=\"async\" class=\"alignnone size-large wp-image-10153\" src=\"https:\/\/agora.xtec.cat\/escolapauvila\/wp-content\/uploads\/usu1565\/2024\/01\/IMG_20240110_153517-1024x994.jpg\" alt=\"\" width=\"1024\" height=\"994\" srcset=\"https:\/\/agora.xtec.cat\/escolapauvila\/wp-content\/uploads\/usu1565\/2024\/01\/IMG_20240110_153517-1024x994.jpg 1024w, https:\/\/agora.xtec.cat\/escolapauvila\/wp-content\/uploads\/usu1565\/2024\/01\/IMG_20240110_153517-300x291.jpg 300w, https:\/\/agora.xtec.cat\/escolapauvila\/wp-content\/uploads\/usu1565\/2024\/01\/IMG_20240110_153517-768x746.jpg 768w, https:\/\/agora.xtec.cat\/escolapauvila\/wp-content\/uploads\/usu1565\/2024\/01\/IMG_20240110_153517-1536x1491.jpg 1536w, https:\/\/agora.xtec.cat\/escolapauvila\/wp-content\/uploads\/usu1565\/2024\/01\/IMG_20240110_153517.jpg 1990w\" sizes=\"auto, (max-width: 1024px) 100vw, 1024px\" \/><\/a><\/p>\n<p>EN ACABAR LA FRASE ESCRITA HAURAN DE\u00a0 PRACTICAR LA LECTURA, BUSQUEN ENTRE MOLTS FRASES LA QUE ELLS HAN ESCRIT.<\/p>\n<p>FINALMENT CADA GRUP VERBALITZA LA SEVA FRASE DAVANT DE LA C\u00c0MERA I JA TENIM EL V\u00cdDEO PER LES FAM\u00cdLIES.<\/p>\n<p><span style=\"font-weight: 400;\">EL TREBALL COOPERATIU AJUDA A CREAR VINCLES I L\u2019APRENENTATGE ENTRE IGUALS AJUDA A ADQUIRIR NOUS CONEIXEMENTS I EINES.<\/span><\/p>\n<p><span style=\"font-weight: 400;\">S\u2019HA TREBALLAT DE FORMA GLOBALITZADA LA NUMERACI\u00d3, COMPTATGE, REPARTIR (DIVIDIR), LA REPRESENTACI\u00d3 GR\u00c0FICA, LA CREATIVITAT, L\u2019ESCRIPTURA I LECTURA, EL LLENGUATGE ORAL I LES HABILITATS SOCIALS.<\/span><\/p>\n<p><strong>EL MOTOR DE L&#8217;APRENENTATGE \u00c9S L&#8217;EMOCI\u00d3 I LA FAM\u00cdLIA \u00c9S QUI ELS MOU I ELS IL.LUSIONA PER PREPARAR AMB AMOR UN BONIC REGAL.<\/strong><\/p>\n<p>&nbsp;<\/p>\n","protected":false},"excerpt":{"rendered":"<p>LES CAR\u00cdCIES I ELS AJUDANTS PREPAREN UN V\u00cdDEO<br \/>\nEL DILLUNS VINDRAN LES FAM\u00cdLIES A UNA REUNI\u00d3 TEM\u00c0TICA PER INFORMAR-SE COM APRENEN LA LECTURA I L&#8217;ESCRIPTURA ELS ALUMNES A L&#8217;ESCOLA.<br \/>\nELS ALUMNES HAN PREPARAT UN V\u00cdDEO PER LES SEVES FAM\u00cdLIES ON CAL PRACTICAR LA LECTURA I ESCRIPTURA ENTRE&hellip;  <a href=\"https:\/\/agora.xtec.cat\/escolapauvila\/general\/preparacio-de-la-reunio-de-families\/\" title=\"Read PREPARACI\u00d3 DE LA REUNI\u00d3 DE FAM\u00cdLIES\">Llegeix m\u00e9s\u00bb<\/a><\/p>\n","protected":false},"author":10,"featured_media":10153,"comment_status":"open","ping_status":"closed","sticky":false,"template":"","format":"standard","meta":{"_bbp_topic_count":0,"_bbp_reply_count":0,"_bbp_total_topic_count":0,"_bbp_total_reply_count":0,"_bbp_voice_count":0,"_bbp_anonymous_reply_count":0,"_bbp_topic_count_hidden":0,"_bbp_reply_count_hidden":0,"_bbp_forum_subforum_count":0,"footnotes":""},"categories":[1],"tags":[176,346,349,109],"class_list":["post-10152","post","type-post","status-publish","format-standard","has-post-thumbnail","hentry","category-general","tag-comunitat-petites","tag-i423-24","tag-nascut2019","tag-reunio-de-families"],"post_mailing_queue_ids":[],"_links":{"self":[{"href":"https:\/\/agora.xtec.cat\/escolapauvila\/wp-json\/wp\/v2\/posts\/10152","targetHints":{"allow":["GET"]}}],"collection":[{"href":"https:\/\/agora.xtec.cat\/escolapauvila\/wp-json\/wp\/v2\/posts"}],"about":[{"href":"https:\/\/agora.xtec.cat\/escolapauvila\/wp-json\/wp\/v2\/types\/post"}],"author":[{"embeddable":true,"href":"https:\/\/agora.xtec.cat\/escolapauvila\/wp-json\/wp\/v2\/users\/10"}],"replies":[{"embeddable":true,"href":"https:\/\/agora.xtec.cat\/escolapauvila\/wp-json\/wp\/v2\/comments?post=10152"}],"version-history":[{"count":3,"href":"https:\/\/agora.xtec.cat\/escolapauvila\/wp-json\/wp\/v2\/posts\/10152\/revisions"}],"predecessor-version":[{"id":10156,"href":"https:\/\/agora.xtec.cat\/escolapauvila\/wp-json\/wp\/v2\/posts\/10152\/revisions\/10156"}],"wp:featuredmedia":[{"embeddable":true,"href":"https:\/\/agora.xtec.cat\/escolapauvila\/wp-json\/wp\/v2\/media\/10153"}],"wp:attachment":[{"href":"https:\/\/agora.xtec.cat\/escolapauvila\/wp-json\/wp\/v2\/media?parent=10152"}],"wp:term":[{"taxonomy":"category","embeddable":true,"href":"https:\/\/agora.xtec.cat\/escolapauvila\/wp-json\/wp\/v2\/categories?post=10152"},{"taxonomy":"post_tag","embeddable":true,"href":"https:\/\/agora.xtec.cat\/escolapauvila\/wp-json\/wp\/v2\/tags?post=10152"}],"curies":[{"name":"wp","href":"https:\/\/api.w.org\/{rel}","templated":true}]}}