{"id":10087,"date":"2023-12-15T08:54:33","date_gmt":"2023-12-15T07:54:33","guid":{"rendered":"https:\/\/agora.xtec.cat\/escolapauvila\/?p=10087"},"modified":"2024-01-31T12:15:38","modified_gmt":"2024-01-31T11:15:38","slug":"sortida-a-la-riera-desparreguera","status":"publish","type":"post","link":"https:\/\/agora.xtec.cat\/escolapauvila\/general\/sortida-a-la-riera-desparreguera\/","title":{"rendered":"Sortida a la Riera d&#8217;Esparreguera"},"content":{"rendered":"<p>Benvolgudes nenes, nens i fam\u00edlies!\u00a0Quina sortida m\u00e9s interessant que hem fet!<\/p>\n<p>De bon mat\u00ed, hem agafat el material que necessit\u00e0vem per portar a terme la nostra investigaci\u00f3, ens hem posat la motxilla i hem comen\u00e7at la nostra caminada fins a la Riera d&#8217;Esparreguera. Una vegada hem arribat, hem fet una gran rotllana i hem pogut gaudir de l&#8217;esmorzar. M\u00e9s tard, en acabar el nostre \u00e0pat, ens hem repartit en grups i, amb una bona organitzaci\u00f3, hem comen\u00e7at a observar diferents aspectes de la Riera\u00a0per tal de respondre a les preguntes que ens hav\u00edem plantejat. Hem fet servir la cinta m\u00e8trica per mesurar l&#8217;amplada de la Riera, tamb\u00e9 per saber la profunditat de l&#8217;aigua, aix\u00f2 s\u00ed, ajudant-nos amb un pal. Tamb\u00e9 port\u00e0vem diferents pots per tal de poder recollir aigua i analitzar les caracter\u00edstiques. D&#8217;altres pots, els hem fet servir per agafar petits animalets de l&#8217;entorn, que despr\u00e9s hem deixat on eren. Acabada la nostra investigaci\u00f3, hem continuat fent cam\u00ed per trobar-nos amb la Balma gran de Sant Ermengol, una cova petita on hem jugat una estona. Ja era hora de dinar i ten\u00edem gana, aix\u00ed que hem aprofitat l&#8217;espai per fer el nostre \u00e0pat. En acabat, hem estat una estona jugant lliurement per all\u00e0 i ja ens hem preparat per tornar cap a l&#8217;escola.<br \/>\nHa estat un dia molt divertit i hem apr\u00e8s moltes coses, aix\u00f2 s\u00ed, hem arribat una mica cansades i cansats, ja que hem fet una bona caminada!<\/p>\n<p>Gaudiu de les fotos que us deixem!<\/p>\n\n\t\t<style type=\"text\/css\">\n\t\t\t#gallery-1 {\n\t\t\t\tmargin: auto;\n\t\t\t}\n\t\t\t#gallery-1 .gallery-item {\n\t\t\t\tfloat: left;\n\t\t\t\tmargin-top: 10px;\n\t\t\t\ttext-align: center;\n\t\t\t\twidth: 50%;\n\t\t\t}\n\t\t\t#gallery-1 img {\n\t\t\t\tborder: 2px solid #cfcfcf;\n\t\t\t}\n\t\t\t#gallery-1 .gallery-caption {\n\t\t\t\tmargin-left: 0;\n\t\t\t}\n\t\t\t\/* see gallery_shortcode() in wp-includes\/media.php *\/\n\t\t<\/style>\n\t\t<div id='gallery-1' class='gallery galleryid-10087 gallery-columns-2 gallery-size-medium'><dl class='gallery-item'>\n\t\t\t<dt class='gallery-icon landscape'>\n\t\t\t\t<a href='https:\/\/agora.xtec.cat\/escolapauvila\/general\/sortida-a-la-riera-desparreguera\/attachment\/img_7583\/'><img loading=\"lazy\" decoding=\"async\" width=\"300\" height=\"225\" src=\"https:\/\/agora.xtec.cat\/escolapauvila\/wp-content\/uploads\/usu1565\/2023\/12\/IMG_7583-300x225.jpg\" class=\"attachment-medium size-medium\" alt=\"\" srcset=\"https:\/\/agora.xtec.cat\/escolapauvila\/wp-content\/uploads\/usu1565\/2023\/12\/IMG_7583-300x225.jpg 300w, https:\/\/agora.xtec.cat\/escolapauvila\/wp-content\/uploads\/usu1565\/2023\/12\/IMG_7583-1024x768.jpg 1024w, https:\/\/agora.xtec.cat\/escolapauvila\/wp-content\/uploads\/usu1565\/2023\/12\/IMG_7583-768x576.jpg 768w, https:\/\/agora.xtec.cat\/escolapauvila\/wp-content\/uploads\/usu1565\/2023\/12\/IMG_7583-200x150.jpg 200w, https:\/\/agora.xtec.cat\/escolapauvila\/wp-content\/uploads\/usu1565\/2023\/12\/IMG_7583.jpg 1451w\" sizes=\"auto, (max-width: 300px) 100vw, 300px\" \/><\/a>\n\t\t\t<\/dt><\/dl><dl class='gallery-item'>\n\t\t\t<dt class='gallery-icon landscape'>\n\t\t\t\t<a href='https:\/\/agora.xtec.cat\/escolapauvila\/general\/sortida-a-la-riera-desparreguera\/attachment\/img_7570\/'><img loading=\"lazy\" decoding=\"async\" width=\"300\" height=\"225\" src=\"https:\/\/agora.xtec.cat\/escolapauvila\/wp-content\/uploads\/usu1565\/2023\/12\/IMG_7570-300x225.jpg\" class=\"attachment-medium size-medium\" alt=\"\" srcset=\"https:\/\/agora.xtec.cat\/escolapauvila\/wp-content\/uploads\/usu1565\/2023\/12\/IMG_7570-300x225.jpg 300w, https:\/\/agora.xtec.cat\/escolapauvila\/wp-content\/uploads\/usu1565\/2023\/12\/IMG_7570-1024x768.jpg 1024w, https:\/\/agora.xtec.cat\/escolapauvila\/wp-content\/uploads\/usu1565\/2023\/12\/IMG_7570-768x576.jpg 768w, https:\/\/agora.xtec.cat\/escolapauvila\/wp-content\/uploads\/usu1565\/2023\/12\/IMG_7570-1536x1152.jpg 1536w, https:\/\/agora.xtec.cat\/escolapauvila\/wp-content\/uploads\/usu1565\/2023\/12\/IMG_7570-2048x1536.jpg 2048w, https:\/\/agora.xtec.cat\/escolapauvila\/wp-content\/uploads\/usu1565\/2023\/12\/IMG_7570-200x150.jpg 200w\" sizes=\"auto, (max-width: 300px) 100vw, 300px\" \/><\/a>\n\t\t\t<\/dt><\/dl><br style=\"clear: both\" \/><dl class='gallery-item'>\n\t\t\t<dt class='gallery-icon portrait'>\n\t\t\t\t<a href='https:\/\/agora.xtec.cat\/escolapauvila\/general\/sortida-a-la-riera-desparreguera\/attachment\/img_0321-2\/'><img loading=\"lazy\" decoding=\"async\" width=\"225\" height=\"300\" src=\"https:\/\/agora.xtec.cat\/escolapauvila\/wp-content\/uploads\/usu1565\/2023\/12\/IMG_0321-225x300.jpg\" class=\"attachment-medium size-medium\" alt=\"\" srcset=\"https:\/\/agora.xtec.cat\/escolapauvila\/wp-content\/uploads\/usu1565\/2023\/12\/IMG_0321-225x300.jpg 225w, https:\/\/agora.xtec.cat\/escolapauvila\/wp-content\/uploads\/usu1565\/2023\/12\/IMG_0321-768x1024.jpg 768w, https:\/\/agora.xtec.cat\/escolapauvila\/wp-content\/uploads\/usu1565\/2023\/12\/IMG_0321-1152x1536.jpg 1152w, https:\/\/agora.xtec.cat\/escolapauvila\/wp-content\/uploads\/usu1565\/2023\/12\/IMG_0321-1536x2048.jpg 1536w, https:\/\/agora.xtec.cat\/escolapauvila\/wp-content\/uploads\/usu1565\/2023\/12\/IMG_0321.jpg 1814w\" sizes=\"auto, (max-width: 225px) 100vw, 225px\" \/><\/a>\n\t\t\t<\/dt><\/dl><dl class='gallery-item'>\n\t\t\t<dt class='gallery-icon landscape'>\n\t\t\t\t<a href='https:\/\/agora.xtec.cat\/escolapauvila\/general\/sortida-a-la-riera-desparreguera\/attachment\/img_7600\/'><img loading=\"lazy\" decoding=\"async\" width=\"300\" height=\"225\" src=\"https:\/\/agora.xtec.cat\/escolapauvila\/wp-content\/uploads\/usu1565\/2023\/12\/IMG_7600-300x225.jpg\" class=\"attachment-medium size-medium\" alt=\"\" srcset=\"https:\/\/agora.xtec.cat\/escolapauvila\/wp-content\/uploads\/usu1565\/2023\/12\/IMG_7600-300x225.jpg 300w, https:\/\/agora.xtec.cat\/escolapauvila\/wp-content\/uploads\/usu1565\/2023\/12\/IMG_7600-1024x768.jpg 1024w, https:\/\/agora.xtec.cat\/escolapauvila\/wp-content\/uploads\/usu1565\/2023\/12\/IMG_7600-768x576.jpg 768w, https:\/\/agora.xtec.cat\/escolapauvila\/wp-content\/uploads\/usu1565\/2023\/12\/IMG_7600-200x150.jpg 200w, https:\/\/agora.xtec.cat\/escolapauvila\/wp-content\/uploads\/usu1565\/2023\/12\/IMG_7600.jpg 1451w\" sizes=\"auto, (max-width: 300px) 100vw, 300px\" \/><\/a>\n\t\t\t<\/dt><\/dl><br style=\"clear: both\" \/><dl class='gallery-item'>\n\t\t\t<dt class='gallery-icon landscape'>\n\t\t\t\t<a href='https:\/\/agora.xtec.cat\/escolapauvila\/general\/sortida-a-la-riera-desparreguera\/attachment\/img_0347\/'><img loading=\"lazy\" decoding=\"async\" width=\"300\" height=\"225\" src=\"https:\/\/agora.xtec.cat\/escolapauvila\/wp-content\/uploads\/usu1565\/2023\/12\/IMG_0347-300x225.jpg\" class=\"attachment-medium size-medium\" alt=\"\" srcset=\"https:\/\/agora.xtec.cat\/escolapauvila\/wp-content\/uploads\/usu1565\/2023\/12\/IMG_0347-300x225.jpg 300w, https:\/\/agora.xtec.cat\/escolapauvila\/wp-content\/uploads\/usu1565\/2023\/12\/IMG_0347-1024x768.jpg 1024w, https:\/\/agora.xtec.cat\/escolapauvila\/wp-content\/uploads\/usu1565\/2023\/12\/IMG_0347-768x576.jpg 768w, https:\/\/agora.xtec.cat\/escolapauvila\/wp-content\/uploads\/usu1565\/2023\/12\/IMG_0347-1536x1152.jpg 1536w, https:\/\/agora.xtec.cat\/escolapauvila\/wp-content\/uploads\/usu1565\/2023\/12\/IMG_0347-2048x1536.jpg 2048w, https:\/\/agora.xtec.cat\/escolapauvila\/wp-content\/uploads\/usu1565\/2023\/12\/IMG_0347-200x150.jpg 200w\" sizes=\"auto, (max-width: 300px) 100vw, 300px\" \/><\/a>\n\t\t\t<\/dt><\/dl>\n\t\t\t<br style='clear: both' \/>\n\t\t<\/div>\n\n<p><strong><em>Entreu al Classroom de la vostra aula per veure totes les fotos d\u2019aquesta sortida.<\/em><\/strong><\/p>\n","protected":false},"excerpt":{"rendered":"<p>Benvolgudes nenes, nens i fam\u00edlies!\u00a0Quina sortida m\u00e9s interessant que hem fet!<br \/>\nDe bon mat\u00ed, hem agafat el material que necessit\u00e0vem per portar a terme la nostra investigaci\u00f3, ens hem posat la motxilla i hem comen\u00e7at la nostra caminada fins a la Riera d&#8217;Esparreguera. Una vegada hem&hellip;  <a href=\"https:\/\/agora.xtec.cat\/escolapauvila\/general\/sortida-a-la-riera-desparreguera\/\" title=\"Read Sortida a la Riera d&#8217;Esparreguera\">Llegeix m\u00e9s\u00bb<\/a><\/p>\n","protected":false},"author":1,"featured_media":10093,"comment_status":"open","ping_status":"closed","sticky":false,"template":"","format":"standard","meta":{"_bbp_topic_count":0,"_bbp_reply_count":0,"_bbp_total_topic_count":0,"_bbp_total_reply_count":0,"_bbp_voice_count":0,"_bbp_anonymous_reply_count":0,"_bbp_topic_count_hidden":0,"_bbp_reply_count_hidden":0,"_bbp_forum_subforum_count":0,"footnotes":""},"categories":[12,5,1],"tags":[320,230,108],"class_list":["post-10087","post","type-post","status-publish","format-standard","has-post-thumbnail","hentry","category-3r","category-mitjans","category-general","tag-3r-23-24","tag-comunitat-mitjans","tag-nascuts2015"],"post_mailing_queue_ids":[],"_links":{"self":[{"href":"https:\/\/agora.xtec.cat\/escolapauvila\/wp-json\/wp\/v2\/posts\/10087","targetHints":{"allow":["GET"]}}],"collection":[{"href":"https:\/\/agora.xtec.cat\/escolapauvila\/wp-json\/wp\/v2\/posts"}],"about":[{"href":"https:\/\/agora.xtec.cat\/escolapauvila\/wp-json\/wp\/v2\/types\/post"}],"author":[{"embeddable":true,"href":"https:\/\/agora.xtec.cat\/escolapauvila\/wp-json\/wp\/v2\/users\/1"}],"replies":[{"embeddable":true,"href":"https:\/\/agora.xtec.cat\/escolapauvila\/wp-json\/wp\/v2\/comments?post=10087"}],"version-history":[{"count":4,"href":"https:\/\/agora.xtec.cat\/escolapauvila\/wp-json\/wp\/v2\/posts\/10087\/revisions"}],"predecessor-version":[{"id":10099,"href":"https:\/\/agora.xtec.cat\/escolapauvila\/wp-json\/wp\/v2\/posts\/10087\/revisions\/10099"}],"wp:featuredmedia":[{"embeddable":true,"href":"https:\/\/agora.xtec.cat\/escolapauvila\/wp-json\/wp\/v2\/media\/10093"}],"wp:attachment":[{"href":"https:\/\/agora.xtec.cat\/escolapauvila\/wp-json\/wp\/v2\/media?parent=10087"}],"wp:term":[{"taxonomy":"category","embeddable":true,"href":"https:\/\/agora.xtec.cat\/escolapauvila\/wp-json\/wp\/v2\/categories?post=10087"},{"taxonomy":"post_tag","embeddable":true,"href":"https:\/\/agora.xtec.cat\/escolapauvila\/wp-json\/wp\/v2\/tags?post=10087"}],"curies":[{"name":"wp","href":"https:\/\/api.w.org\/{rel}","templated":true}]}}