{"id":10078,"date":"2023-12-15T17:00:52","date_gmt":"2023-12-15T16:00:52","guid":{"rendered":"https:\/\/agora.xtec.cat\/escolapauvila\/?p=10078"},"modified":"2023-12-15T11:07:25","modified_gmt":"2023-12-15T10:07:25","slug":"obrim-les-portes","status":"publish","type":"post","link":"https:\/\/agora.xtec.cat\/escolapauvila\/general\/obrim-les-portes\/","title":{"rendered":"Obrim les portes"},"content":{"rendered":"<div>Despr\u00e9s de l&#8217;acte de Solstici\u00a0d&#8217;Hivern, volem<b><span style=\"color: #e06666; font-size: large;\">\u00a0agrair la vostra pres\u00e8ncia i solidarita<\/span><\/b><span style=\"color: #e06666; font-size: large;\"><b>t.<\/b><\/span><\/div>\n<div><\/div>\n<div>Us mantindrem informats i informades de la recaptaci\u00f3 solid\u00e0ria que hem aconseguit per la investigaci\u00f3 de les malalties autoinflamat\u00f2ries sist\u00e8miques\u00a0rares, representades pel\u00a0<span style=\"color: #6fa8dc;\"><b>Llerre\u00a0by Jordi.<\/b><\/span><\/div>\n<div><\/div>\n<div><\/div>\n<div><a href=\"https:\/\/agora.xtec.cat\/escolapauvila\/wp-content\/uploads\/usu1565\/2023\/12\/image.png\"><img loading=\"lazy\" decoding=\"async\" class=\"aligncenter wp-image-10108 size-medium\" src=\"https:\/\/agora.xtec.cat\/escolapauvila\/wp-content\/uploads\/usu1565\/2023\/12\/image-195x300.png\" alt=\"\" width=\"195\" height=\"300\" srcset=\"https:\/\/agora.xtec.cat\/escolapauvila\/wp-content\/uploads\/usu1565\/2023\/12\/image-195x300.png 195w, https:\/\/agora.xtec.cat\/escolapauvila\/wp-content\/uploads\/usu1565\/2023\/12\/image.png 384w\" sizes=\"auto, (max-width: 195px) 100vw, 195px\" \/><\/a><\/div>\n<div>Volem compartir amb tots i totes la possibilitat d&#8217;obrir les portes i veure com s&#8217;est\u00e0 concretant l&#8217;Eix d&#8217;Escola &#8220;Creixem Cuidant&#8221; en cadascun dels grups classe, tal com hem intentat fer aquesta tarda en l&#8217;acte liderat pel Consell de Delegats i Delegades de l&#8217;escola.<\/div>\n<div><\/div>\n<div>Esperem que gaudiu d&#8217;aquesta<b><span style=\"color: #e06666; font-size: large;\"><i>\u00a0visita virtual\u00a0<\/i><\/span><\/b>que hem preparat amb molta il\u00b7lusi\u00f3.<\/div>\n<p><iframe class=\"wp-embedded-content\" sandbox=\"allow-scripts\" security=\"restricted\" title=\"Obrim les portes\" frameborder='0' width='1200' height='675' src='https:\/\/view.genially.com\/6575b65fd8531700138887bb#?secret=b05f4ALg0f' data-secret='b05f4ALg0f' scrolling='yes'><\/iframe><\/p>\n","protected":false},"excerpt":{"rendered":"<p>Despr\u00e9s de l&#8217;acte de Solstici\u00a0d&#8217;Hivern, volem\u00a0agrair la vostra pres\u00e8ncia i solidaritat.<\/p>\n<p>Us mantindrem informats i informades de la recaptaci\u00f3 solid\u00e0ria que hem aconseguit per la investigaci\u00f3 de les malalties autoinflamat\u00f2ries sist\u00e8miques\u00a0rares, representades pel\u00a0Llerre\u00a0by Jordi.<\/p>\n<p><a href=\"https:\/\/agora.xtec.cat\/escolapauvila\/wp-content\/uploads\/usu1565\/2023\/12\/image.png\"><\/a><br \/>\nVolem compartir amb tots i totes la possibilitat d&#8217;obrir les portes i&hellip;  <a href=\"https:\/\/agora.xtec.cat\/escolapauvila\/general\/obrim-les-portes\/\" title=\"Read Obrim les portes\">Llegeix m\u00e9s\u00bb<\/a><\/p>\n","protected":false},"author":1,"featured_media":10079,"comment_status":"open","ping_status":"closed","sticky":false,"template":"","format":"standard","meta":{"_bbp_topic_count":0,"_bbp_reply_count":0,"_bbp_total_topic_count":0,"_bbp_total_reply_count":0,"_bbp_voice_count":0,"_bbp_anonymous_reply_count":0,"_bbp_topic_count_hidden":0,"_bbp_reply_count_hidden":0,"_bbp_forum_subforum_count":0,"footnotes":""},"categories":[344,1,4],"tags":[],"class_list":["post-10078","post","type-post","status-publish","format-standard","has-post-thumbnail","hentry","category-creixemcuidant","category-general","category-portada"],"post_mailing_queue_ids":[],"_links":{"self":[{"href":"https:\/\/agora.xtec.cat\/escolapauvila\/wp-json\/wp\/v2\/posts\/10078","targetHints":{"allow":["GET"]}}],"collection":[{"href":"https:\/\/agora.xtec.cat\/escolapauvila\/wp-json\/wp\/v2\/posts"}],"about":[{"href":"https:\/\/agora.xtec.cat\/escolapauvila\/wp-json\/wp\/v2\/types\/post"}],"author":[{"embeddable":true,"href":"https:\/\/agora.xtec.cat\/escolapauvila\/wp-json\/wp\/v2\/users\/1"}],"replies":[{"embeddable":true,"href":"https:\/\/agora.xtec.cat\/escolapauvila\/wp-json\/wp\/v2\/comments?post=10078"}],"version-history":[{"count":2,"href":"https:\/\/agora.xtec.cat\/escolapauvila\/wp-json\/wp\/v2\/posts\/10078\/revisions"}],"predecessor-version":[{"id":10109,"href":"https:\/\/agora.xtec.cat\/escolapauvila\/wp-json\/wp\/v2\/posts\/10078\/revisions\/10109"}],"wp:featuredmedia":[{"embeddable":true,"href":"https:\/\/agora.xtec.cat\/escolapauvila\/wp-json\/wp\/v2\/media\/10079"}],"wp:attachment":[{"href":"https:\/\/agora.xtec.cat\/escolapauvila\/wp-json\/wp\/v2\/media?parent=10078"}],"wp:term":[{"taxonomy":"category","embeddable":true,"href":"https:\/\/agora.xtec.cat\/escolapauvila\/wp-json\/wp\/v2\/categories?post=10078"},{"taxonomy":"post_tag","embeddable":true,"href":"https:\/\/agora.xtec.cat\/escolapauvila\/wp-json\/wp\/v2\/tags?post=10078"}],"curies":[{"name":"wp","href":"https:\/\/api.w.org\/{rel}","templated":true}]}}